{"id":15707,"date":"2023-04-13T09:43:27","date_gmt":"2023-04-13T12:43:27","guid":{"rendered":"https:\/\/noticiasnoface.com.br\/?p=15707"},"modified":"2023-04-13T09:43:28","modified_gmt":"2023-04-13T12:43:28","slug":"camara-municipal-de-extremoz-aprova-lei-que-obriga-identificacao-de-veiculos-publico","status":"publish","type":"post","link":"https:\/\/noticiasnoface.com.br\/index.php\/2023\/04\/13\/camara-municipal-de-extremoz-aprova-lei-que-obriga-identificacao-de-veiculos-publico\/","title":{"rendered":"C\u00e2mara municipal de Extremoz aprova lei que obriga identifica\u00e7\u00e3o de ve\u00edculos p\u00fablico"},"content":{"rendered":"\n<figure class=\"wp-block-image size-large\"><img data-opt-id=1090278783  fetchpriority=\"high\" decoding=\"async\" width=\"768\" height=\"1024\" src=\"https:\/\/mlbfrsat7ahr.i.optimole.com\/w:768\/h:1024\/q:mauto\/ig:avif\/https:\/\/noticiasnoface.com.br\/wp-content\/uploads\/2023\/04\/5ffc85ce-b1c3-46e7-af1d-050e61b4d72d.jpg\" class=\"wp-image-15706\" srcset=\"https:\/\/mlbfrsat7ahr.i.optimole.com\/w:768\/h:1024\/q:mauto\/ig:avif\/https:\/\/noticiasnoface.com.br\/wp-content\/uploads\/2023\/04\/5ffc85ce-b1c3-46e7-af1d-050e61b4d72d.jpg 768w, https:\/\/mlbfrsat7ahr.i.optimole.com\/w:225\/h:300\/q:mauto\/ig:avif\/https:\/\/noticiasnoface.com.br\/wp-content\/uploads\/2023\/04\/5ffc85ce-b1c3-46e7-af1d-050e61b4d72d.jpg 225w, https:\/\/mlbfrsat7ahr.i.optimole.com\/w:810\/h:1080\/q:mauto\/ig:avif\/https:\/\/noticiasnoface.com.br\/wp-content\/uploads\/2023\/04\/5ffc85ce-b1c3-46e7-af1d-050e61b4d72d.jpg 960w\" sizes=\"(max-width: 768px) 100vw, 768px\" \/><figcaption class=\"wp-element-caption\">C\u00e2mara Municipal de Extremoz aprova Lei que obriga a identifica\u00e7\u00e3o dos ve\u00edculos utilizados pelo poder p\u00fablico munic\u00edpal*<br>A C\u00e2mara Municipal de Extremoz aprovou nesta ter\u00e7a-feira (11), a aprova\u00e7\u00e3o de um Projeto de Lei do vereador Rafael Correia que solicita a obrigatoriedade de um adesivo afixado na porta dos ve\u00edculos que prestam servi\u00e7os aos poderes Executivo, Legislativo e autarquias da Prefeitura, informando sobre a exclusividade para as atividades.<br>A frase \u201cUso exclusivo em servi\u00e7o do munic\u00edpio de Extremoz\u201d dever\u00e1 ser utilizada apenas em ve\u00edculos oficiais do poder p\u00fablico municipal ou utilizados para presta\u00e7\u00e3o de servi\u00e7os, como carros, caminh\u00f5es, m\u00e1quinas agr\u00edcolas e rodovi\u00e1rias, \u00f4nibus escolares, entre outros.<br>De acordo com o vereador, os dados dos ve\u00edculos tamb\u00e9m precisam ser informados nos sites oficiais da poderes que ele representa.<br>\u201cEssa iniciativa da Lei vai de acordo com o artigo 37 da Constitui\u00e7\u00e3o Federal, sobre transpar\u00eancia, publicidade e legalidade quanto aos atos da administra\u00e7\u00e3o p\u00fablica. Buscamos uma melhor fiscaliza\u00e7\u00e3o por parte da C\u00e2mara Municipal quanto da pr\u00f3pria popula\u00e7\u00e3o no sentido de ver que os ve\u00edculos est\u00e3o sendo usados para trabalho e n\u00e3o para benef\u00edcio exclusivo e particular dos profissionais com destinos indevidos\u201d, disse o vereador.<br>O parlamentar destacou ainda que iniciativa representa mais um passo em rela\u00e7\u00e3o a transpar\u00eancia entre os poderes e a popula\u00e7\u00e3o, j\u00e1 que todos ter\u00e3o condi\u00e7\u00f5es de acompanhar e sentir-se seguros quanto \u00e0 aplica\u00e7\u00e3o dos valores arrecadados atrav\u00e9s dos impostos que pagam.<\/figcaption><\/figure>\n","protected":false},"excerpt":{"rendered":"","protected":false},"author":1,"featured_media":0,"comment_status":"open","ping_status":"open","sticky":false,"template":"","format":"standard","meta":{"site-sidebar-layout":"default","site-content-layout":"","ast-site-content-layout":"default","site-content-style":"default","site-sidebar-style":"default","ast-global-header-display":"","ast-banner-title-visibility":"","ast-main-header-display":"","ast-hfb-above-header-display":"","ast-hfb-below-header-display":"","ast-hfb-mobile-header-display":"","site-post-title":"","ast-breadcrumbs-content":"","ast-featured-img":"","footer-sml-layout":"","ast-disable-related-posts":"","theme-transparent-header-meta":"","adv-header-id-meta":"","stick-header-meta":"","header-above-stick-meta":"","header-main-stick-meta":"","header-below-stick-meta":"","astra-migrate-meta-layouts":"default","ast-page-background-enabled":"default","ast-page-background-meta":{"desktop":{"background-color":"var(--ast-global-color-4)","background-image":"","background-repeat":"repeat","background-position":"center center","background-size":"auto","background-attachment":"scroll","background-type":"","background-media":"","overlay-type":"","overlay-color":"","overlay-opacity":"","overlay-gradient":""},"tablet":{"background-color":"","background-image":"","background-repeat":"repeat","background-position":"center center","background-size":"auto","background-attachment":"scroll","background-type":"","background-media":"","overlay-type":"","overlay-color":"","overlay-opacity":"","overlay-gradient":""},"mobile":{"background-color":"","background-image":"","background-repeat":"repeat","background-position":"center center","background-size":"auto","background-attachment":"scroll","background-type":"","background-media":"","overlay-type":"","overlay-color":"","overlay-opacity":"","overlay-gradient":""}},"ast-content-background-meta":{"desktop":{"background-color":"var(--ast-global-color-5)","background-image":"","background-repeat":"repeat","background-position":"center center","background-size":"auto","background-attachment":"scroll","background-type":"","background-media":"","overlay-type":"","overlay-color":"","overlay-opacity":"","overlay-gradient":""},"tablet":{"background-color":"var(--ast-global-color-5)","background-image":"","background-repeat":"repeat","background-position":"center center","background-size":"auto","background-attachment":"scroll","background-type":"","background-media":"","overlay-type":"","overlay-color":"","overlay-opacity":"","overlay-gradient":""},"mobile":{"background-color":"var(--ast-global-color-5)","background-image":"","background-repeat":"repeat","background-position":"center center","background-size":"auto","background-attachment":"scroll","background-type":"","background-media":"","overlay-type":"","overlay-color":"","overlay-opacity":"","overlay-gradient":""}},"footnotes":""},"categories":[517],"tags":[393,2075,794,2229,22,2804],"class_list":["post-15707","post","type-post","status-publish","format-standard","hentry","category-aconteceu","tag-camara-municipal","tag-extremoz","tag-lei","tag-noticas-do-face","tag-noticias-no-face","tag-rafael-correia"],"_links":{"self":[{"href":"https:\/\/noticiasnoface.com.br\/index.php\/wp-json\/wp\/v2\/posts\/15707","targetHints":{"allow":["GET"]}}],"collection":[{"href":"https:\/\/noticiasnoface.com.br\/index.php\/wp-json\/wp\/v2\/posts"}],"about":[{"href":"https:\/\/noticiasnoface.com.br\/index.php\/wp-json\/wp\/v2\/types\/post"}],"author":[{"embeddable":true,"href":"https:\/\/noticiasnoface.com.br\/index.php\/wp-json\/wp\/v2\/users\/1"}],"replies":[{"embeddable":true,"href":"https:\/\/noticiasnoface.com.br\/index.php\/wp-json\/wp\/v2\/comments?post=15707"}],"version-history":[{"count":1,"href":"https:\/\/noticiasnoface.com.br\/index.php\/wp-json\/wp\/v2\/posts\/15707\/revisions"}],"predecessor-version":[{"id":15708,"href":"https:\/\/noticiasnoface.com.br\/index.php\/wp-json\/wp\/v2\/posts\/15707\/revisions\/15708"}],"wp:attachment":[{"href":"https:\/\/noticiasnoface.com.br\/index.php\/wp-json\/wp\/v2\/media?parent=15707"}],"wp:term":[{"taxonomy":"category","embeddable":true,"href":"https:\/\/noticiasnoface.com.br\/index.php\/wp-json\/wp\/v2\/categories?post=15707"},{"taxonomy":"post_tag","embeddable":true,"href":"https:\/\/noticiasnoface.com.br\/index.php\/wp-json\/wp\/v2\/tags?post=15707"}],"curies":[{"name":"wp","href":"https:\/\/api.w.org\/{rel}","templated":true}]}}