{"id":15719,"date":"2023-04-13T16:25:53","date_gmt":"2023-04-13T19:25:53","guid":{"rendered":"https:\/\/noticiasnoface.com.br\/?p=15719"},"modified":"2023-04-13T16:25:54","modified_gmt":"2023-04-13T19:25:54","slug":"wolney-franca-assina-termos-para-aquisicao-de-equipamentos-para-saude","status":"publish","type":"post","link":"https:\/\/noticiasnoface.com.br\/index.php\/2023\/04\/13\/wolney-franca-assina-termos-para-aquisicao-de-equipamentos-para-saude\/","title":{"rendered":"Wolney Fran\u00e7a assina termos para aquisi\u00e7\u00e3o de equipamentos para sa\u00fade"},"content":{"rendered":"\n<figure class=\"wp-block-image size-large\"><img data-opt-id=492684368  fetchpriority=\"high\" decoding=\"async\" width=\"1024\" height=\"672\" src=\"https:\/\/mlbfrsat7ahr.i.optimole.com\/w:1024\/h:672\/q:mauto\/ig:avif\/https:\/\/noticiasnoface.com.br\/wp-content\/uploads\/2023\/04\/img_2198.jpg\" class=\"wp-image-15718\" srcset=\"https:\/\/mlbfrsat7ahr.i.optimole.com\/w:1024\/h:672\/q:mauto\/ig:avif\/https:\/\/noticiasnoface.com.br\/wp-content\/uploads\/2023\/04\/img_2198.jpg 1024w, https:\/\/mlbfrsat7ahr.i.optimole.com\/w:300\/h:197\/q:mauto\/ig:avif\/https:\/\/noticiasnoface.com.br\/wp-content\/uploads\/2023\/04\/img_2198.jpg 300w, https:\/\/mlbfrsat7ahr.i.optimole.com\/w:768\/h:504\/q:mauto\/ig:avif\/https:\/\/noticiasnoface.com.br\/wp-content\/uploads\/2023\/04\/img_2198.jpg 768w, https:\/\/mlbfrsat7ahr.i.optimole.com\/w:1290\/h:846\/q:mauto\/ig:avif\/https:\/\/noticiasnoface.com.br\/wp-content\/uploads\/2023\/04\/img_2198.jpg 1290w\" sizes=\"(max-width: 1000px) 100vw, 1000px\" \/><figcaption class=\"wp-element-caption\"><em>Wolney Fran\u00e7a assina termos para aquisi\u00e7\u00e3o de equipamentos de Sa\u00fade<\/em><br>O presidente da C\u00e2mara de Parnamirim, vereador Wolney Fran\u00e7a, assinou nesta quinta-feira (13) os termos de homologa\u00e7\u00e3o e compromisso para a doa\u00e7\u00e3o de equipamentos de Sa\u00fade para o munic\u00edpio. A iniciativa faz parte da tradicional doa\u00e7\u00e3o anual realizada pela C\u00e2mara Municipal, e conta com o apoio dos demais vereadores da Casa Legislativa.<br>Para Wolney Fran\u00e7a, o objetivo do ato \u00e9 beneficiar a popula\u00e7\u00e3o que depende do servi\u00e7o p\u00fablico. \u201cA doa\u00e7\u00e3o anual de 2023 \u00e9 de extrema import\u00e2ncia e vai contribuir com a Sa\u00fade do nosso munic\u00edpio, especialmente o setor de cardiologia. Esse gesto da C\u00e2mara Municipal representa um avan\u00e7o na qualidade de vida da popula\u00e7\u00e3o\u201d, declara.<br>Os equipamentos &#8211; eletrocardi\u00f3grafo, aparelho de ultrassonografia, teste ergom\u00e9trico e holter &#8211; ser\u00e3o destinados ao setor de Cardiologia do munic\u00edpio, e ser\u00e3o entregues em breve. \u201cEsse \u00e9 mais um compromisso que assumimos com o povo de Parnamirim\u201d, finaliza Wolney.<\/figcaption><\/figure>\n","protected":false},"excerpt":{"rendered":"","protected":false},"author":1,"featured_media":0,"comment_status":"open","ping_status":"open","sticky":false,"template":"","format":"standard","meta":{"site-sidebar-layout":"default","site-content-layout":"","ast-site-content-layout":"default","site-content-style":"default","site-sidebar-style":"default","ast-global-header-display":"","ast-banner-title-visibility":"","ast-main-header-display":"","ast-hfb-above-header-display":"","ast-hfb-below-header-display":"","ast-hfb-mobile-header-display":"","site-post-title":"","ast-breadcrumbs-content":"","ast-featured-img":"","footer-sml-layout":"","ast-disable-related-posts":"","theme-transparent-header-meta":"","adv-header-id-meta":"","stick-header-meta":"","header-above-stick-meta":"","header-main-stick-meta":"","header-below-stick-meta":"","astra-migrate-meta-layouts":"default","ast-page-background-enabled":"default","ast-page-background-meta":{"desktop":{"background-color":"var(--ast-global-color-4)","background-image":"","background-repeat":"repeat","background-position":"center center","background-size":"auto","background-attachment":"scroll","background-type":"","background-media":"","overlay-type":"","overlay-color":"","overlay-opacity":"","overlay-gradient":""},"tablet":{"background-color":"","background-image":"","background-repeat":"repeat","background-position":"center center","background-size":"auto","background-attachment":"scroll","background-type":"","background-media":"","overlay-type":"","overlay-color":"","overlay-opacity":"","overlay-gradient":""},"mobile":{"background-color":"","background-image":"","background-repeat":"repeat","background-position":"center center","background-size":"auto","background-attachment":"scroll","background-type":"","background-media":"","overlay-type":"","overlay-color":"","overlay-opacity":"","overlay-gradient":""}},"ast-content-background-meta":{"desktop":{"background-color":"var(--ast-global-color-5)","background-image":"","background-repeat":"repeat","background-position":"center center","background-size":"auto","background-attachment":"scroll","background-type":"","background-media":"","overlay-type":"","overlay-color":"","overlay-opacity":"","overlay-gradient":""},"tablet":{"background-color":"var(--ast-global-color-5)","background-image":"","background-repeat":"repeat","background-position":"center center","background-size":"auto","background-attachment":"scroll","background-type":"","background-media":"","overlay-type":"","overlay-color":"","overlay-opacity":"","overlay-gradient":""},"mobile":{"background-color":"var(--ast-global-color-5)","background-image":"","background-repeat":"repeat","background-position":"center center","background-size":"auto","background-attachment":"scroll","background-type":"","background-media":"","overlay-type":"","overlay-color":"","overlay-opacity":"","overlay-gradient":""}},"footnotes":""},"categories":[517],"tags":[2811,1342,22,1644,245,2810],"class_list":["post-15719","post","type-post","status-publish","format-standard","hentry","category-aconteceu","tag-camara-municipal-de-parnamirim","tag-not-icias-do-face","tag-noticias-no-face","tag-parnamirim","tag-saude","tag-wolney-franca"],"_links":{"self":[{"href":"https:\/\/noticiasnoface.com.br\/index.php\/wp-json\/wp\/v2\/posts\/15719","targetHints":{"allow":["GET"]}}],"collection":[{"href":"https:\/\/noticiasnoface.com.br\/index.php\/wp-json\/wp\/v2\/posts"}],"about":[{"href":"https:\/\/noticiasnoface.com.br\/index.php\/wp-json\/wp\/v2\/types\/post"}],"author":[{"embeddable":true,"href":"https:\/\/noticiasnoface.com.br\/index.php\/wp-json\/wp\/v2\/users\/1"}],"replies":[{"embeddable":true,"href":"https:\/\/noticiasnoface.com.br\/index.php\/wp-json\/wp\/v2\/comments?post=15719"}],"version-history":[{"count":1,"href":"https:\/\/noticiasnoface.com.br\/index.php\/wp-json\/wp\/v2\/posts\/15719\/revisions"}],"predecessor-version":[{"id":15720,"href":"https:\/\/noticiasnoface.com.br\/index.php\/wp-json\/wp\/v2\/posts\/15719\/revisions\/15720"}],"wp:attachment":[{"href":"https:\/\/noticiasnoface.com.br\/index.php\/wp-json\/wp\/v2\/media?parent=15719"}],"wp:term":[{"taxonomy":"category","embeddable":true,"href":"https:\/\/noticiasnoface.com.br\/index.php\/wp-json\/wp\/v2\/categories?post=15719"},{"taxonomy":"post_tag","embeddable":true,"href":"https:\/\/noticiasnoface.com.br\/index.php\/wp-json\/wp\/v2\/tags?post=15719"}],"curies":[{"name":"wp","href":"https:\/\/api.w.org\/{rel}","templated":true}]}}