{"id":15722,"date":"2023-04-13T22:00:51","date_gmt":"2023-04-14T01:00:51","guid":{"rendered":"https:\/\/noticiasnoface.com.br\/?p=15722"},"modified":"2023-04-13T22:00:52","modified_gmt":"2023-04-14T01:00:52","slug":"educacao-do-municipio-e-tema-de-audiencia-publica","status":"publish","type":"post","link":"https:\/\/noticiasnoface.com.br\/index.php\/2023\/04\/13\/educacao-do-municipio-e-tema-de-audiencia-publica\/","title":{"rendered":"Educa\u00e7\u00e3o do munic\u00edpio \u00e9 tema de Audi\u00eancia P\u00fablica"},"content":{"rendered":"\n<figure class=\"wp-block-image size-large\"><img data-opt-id=842353838  fetchpriority=\"high\" decoding=\"async\" width=\"1024\" height=\"562\" src=\"https:\/\/mlbfrsat7ahr.i.optimole.com\/w:1024\/h:562\/q:mauto\/ig:avif\/https:\/\/noticiasnoface.com.br\/wp-content\/uploads\/2023\/04\/img_2218.jpg\" class=\"wp-image-15721\" srcset=\"https:\/\/mlbfrsat7ahr.i.optimole.com\/w:1024\/h:562\/q:mauto\/ig:avif\/https:\/\/noticiasnoface.com.br\/wp-content\/uploads\/2023\/04\/img_2218.jpg 1024w, https:\/\/mlbfrsat7ahr.i.optimole.com\/w:300\/h:165\/q:mauto\/ig:avif\/https:\/\/noticiasnoface.com.br\/wp-content\/uploads\/2023\/04\/img_2218.jpg 300w, https:\/\/mlbfrsat7ahr.i.optimole.com\/w:768\/h:422\/q:mauto\/ig:avif\/https:\/\/noticiasnoface.com.br\/wp-content\/uploads\/2023\/04\/img_2218.jpg 768w, https:\/\/mlbfrsat7ahr.i.optimole.com\/w:1062\/h:583\/q:mauto\/ig:avif\/https:\/\/noticiasnoface.com.br\/wp-content\/uploads\/2023\/04\/img_2218.jpg 1062w\" sizes=\"(max-width: 1000px) 100vw, 1000px\" \/><figcaption class=\"wp-element-caption\">Na manh\u00e3 desta segunda-feira (6), a C\u00e2mara de Parnamirim promoveu uma audi\u00eancia p\u00fablica, de proposi\u00e7\u00e3o do vereador Professor Diego, que discutiu aspectos da Educa\u00e7\u00e3o no munic\u00edpio. O debate ocorreu no Plen\u00e1rio Dr. M\u00e1rio Medeiros, com discuss\u00e3o aberta ao p\u00fablico.<br>Durante a audi\u00eancia, entraram em pauta quest\u00f5es referentes \u00e0 merenda escolar, retorno do ano letivo 2023, estrutura f\u00edsica das escolas e piso salarial dos professores. As tem\u00e1ticas foram esclarecidas pelo secret\u00e1rio de educa\u00e7\u00e3o munic\u00edpio Gild\u00e1sio Figueiredo, que explicou as iniciativas feitas para melhorar a situa\u00e7\u00e3o.<br>O secret\u00e1rio relatou que desde semana passada est\u00e1 sendo feita a distribui\u00e7\u00e3o das merendas, cujo processo licitat\u00f3rio foi iniciado em junho de 2022 e encaminhado para a Secretaria de <strong>Administra\u00e7\u00e3o e dos Recursos Humanos (SEARH)<\/strong>.<br>Al\u00e9m disso, ele ressaltou a necessidade de celeridade das secretarias e comiss\u00f5es respons\u00e1veis pelas licita\u00e7\u00f5es de recursos para essas demandas. Ele tamb\u00e9m reafirmou suas expectativas em rela\u00e7\u00e3o \u00e0 estrutura das escolas, afirmando que a Secretaria <strong>de Obras P\u00fablicas e Saneamento (SEMOP)<\/strong> vai licitar recursos para reestrutura\u00e7\u00e3o.<br>Ao longo da audi\u00eancia, o vereador Professor Diego destacou a relev\u00e2ncia da cria\u00e7\u00e3o de uma comiss\u00e3o de licita\u00e7\u00e3o dentro da pr\u00f3pria Secretaria de Educa\u00e7\u00e3o, destacando como esta a\u00e7\u00e3o pode agilizar encaminhamentos licitat\u00f3rios. <br>Por parte da popula\u00e7\u00e3o, foram levantadas quest\u00f5es como a necessidade de a\u00e7\u00f5es que aprimorem a inclus\u00e3o de crian\u00e7as com defici\u00eancia, sendo citado o deslocamento do Centro Municipal de Educa\u00e7\u00e3o Infantil Ivone Maria para o bairro Boa Esperan\u00e7a e a falta de professores auxiliares. Foi esclarecido que h\u00e1 vagas abertas para estagi\u00e1rios e foram estabelecidos conv\u00eanios com universidades.<br>Durante esclarecimentos, a secret\u00e1ria adjunta de Educa\u00e7\u00e3o, professora Delmira Dalva, ressaltou que professores titulares est\u00e3o atuando no munic\u00edpio. Ela citou escolas com vagas para estudantes e declarou que salas multifuncionais ser\u00e3o planejadas.<br>J\u00e1 o secret\u00e1rio adjunto de Educa\u00e7\u00e3o, professor Daniel Am\u00e9rico, falou sobre o transporte p\u00fablico, explicando para onde devem ser encaminhadas demandas deste aspecto. Ele tamb\u00e9m considerou a necessidade de um auxiliar.  <br>Al\u00e9m do vereador propositor, Professor Diego, compuseram a mesa a vereadora Fativan Alves, o secret\u00e1rio de Educa\u00e7\u00e3o Professor Gild\u00e1sio Figueiredo, a secret\u00e1ria adjunta de Educa\u00e7\u00e3o Professora Delmira Dalva, e o secret\u00e1rio adjunto de Educa\u00e7\u00e3o professor Daniel Am\u00e9rico.<\/figcaption><\/figure>\n","protected":false},"excerpt":{"rendered":"","protected":false},"author":1,"featured_media":0,"comment_status":"open","ping_status":"open","sticky":false,"template":"","format":"standard","meta":{"site-sidebar-layout":"default","site-content-layout":"","ast-site-content-layout":"default","site-content-style":"default","site-sidebar-style":"default","ast-global-header-display":"","ast-banner-title-visibility":"","ast-main-header-display":"","ast-hfb-above-header-display":"","ast-hfb-below-header-display":"","ast-hfb-mobile-header-display":"","site-post-title":"","ast-breadcrumbs-content":"","ast-featured-img":"","footer-sml-layout":"","ast-disable-related-posts":"","theme-transparent-header-meta":"","adv-header-id-meta":"","stick-header-meta":"","header-above-stick-meta":"","header-main-stick-meta":"","header-below-stick-meta":"","astra-migrate-meta-layouts":"default","ast-page-background-enabled":"default","ast-page-background-meta":{"desktop":{"background-color":"var(--ast-global-color-4)","background-image":"","background-repeat":"repeat","background-position":"center center","background-size":"auto","background-attachment":"scroll","background-type":"","background-media":"","overlay-type":"","overlay-color":"","overlay-opacity":"","overlay-gradient":""},"tablet":{"background-color":"","background-image":"","background-repeat":"repeat","background-position":"center center","background-size":"auto","background-attachment":"scroll","background-type":"","background-media":"","overlay-type":"","overlay-color":"","overlay-opacity":"","overlay-gradient":""},"mobile":{"background-color":"","background-image":"","background-repeat":"repeat","background-position":"center center","background-size":"auto","background-attachment":"scroll","background-type":"","background-media":"","overlay-type":"","overlay-color":"","overlay-opacity":"","overlay-gradient":""}},"ast-content-background-meta":{"desktop":{"background-color":"var(--ast-global-color-5)","background-image":"","background-repeat":"repeat","background-position":"center center","background-size":"auto","background-attachment":"scroll","background-type":"","background-media":"","overlay-type":"","overlay-color":"","overlay-opacity":"","overlay-gradient":""},"tablet":{"background-color":"var(--ast-global-color-5)","background-image":"","background-repeat":"repeat","background-position":"center center","background-size":"auto","background-attachment":"scroll","background-type":"","background-media":"","overlay-type":"","overlay-color":"","overlay-opacity":"","overlay-gradient":""},"mobile":{"background-color":"var(--ast-global-color-5)","background-image":"","background-repeat":"repeat","background-position":"center center","background-size":"auto","background-attachment":"scroll","background-type":"","background-media":"","overlay-type":"","overlay-color":"","overlay-opacity":"","overlay-gradient":""}},"footnotes":""},"categories":[517],"tags":[],"class_list":["post-15722","post","type-post","status-publish","format-standard","hentry","category-aconteceu"],"_links":{"self":[{"href":"https:\/\/noticiasnoface.com.br\/index.php\/wp-json\/wp\/v2\/posts\/15722","targetHints":{"allow":["GET"]}}],"collection":[{"href":"https:\/\/noticiasnoface.com.br\/index.php\/wp-json\/wp\/v2\/posts"}],"about":[{"href":"https:\/\/noticiasnoface.com.br\/index.php\/wp-json\/wp\/v2\/types\/post"}],"author":[{"embeddable":true,"href":"https:\/\/noticiasnoface.com.br\/index.php\/wp-json\/wp\/v2\/users\/1"}],"replies":[{"embeddable":true,"href":"https:\/\/noticiasnoface.com.br\/index.php\/wp-json\/wp\/v2\/comments?post=15722"}],"version-history":[{"count":1,"href":"https:\/\/noticiasnoface.com.br\/index.php\/wp-json\/wp\/v2\/posts\/15722\/revisions"}],"predecessor-version":[{"id":15723,"href":"https:\/\/noticiasnoface.com.br\/index.php\/wp-json\/wp\/v2\/posts\/15722\/revisions\/15723"}],"wp:attachment":[{"href":"https:\/\/noticiasnoface.com.br\/index.php\/wp-json\/wp\/v2\/media?parent=15722"}],"wp:term":[{"taxonomy":"category","embeddable":true,"href":"https:\/\/noticiasnoface.com.br\/index.php\/wp-json\/wp\/v2\/categories?post=15722"},{"taxonomy":"post_tag","embeddable":true,"href":"https:\/\/noticiasnoface.com.br\/index.php\/wp-json\/wp\/v2\/tags?post=15722"}],"curies":[{"name":"wp","href":"https:\/\/api.w.org\/{rel}","templated":true}]}}