{"id":15727,"date":"2023-04-13T22:04:49","date_gmt":"2023-04-14T01:04:49","guid":{"rendered":"https:\/\/noticiasnoface.com.br\/?p=15727"},"modified":"2023-04-13T22:04:50","modified_gmt":"2023-04-14T01:04:50","slug":"aprovado-projeto-que-preve-seguranca-armada-nas-escolas-de-natal","status":"publish","type":"post","link":"https:\/\/noticiasnoface.com.br\/index.php\/2023\/04\/13\/aprovado-projeto-que-preve-seguranca-armada-nas-escolas-de-natal\/","title":{"rendered":"Aprovado projeto que prev\u00ea seguran\u00e7a armada nas escolas de Natal"},"content":{"rendered":"\n<figure class=\"wp-block-image size-large\"><img data-opt-id=1268334871  fetchpriority=\"high\" decoding=\"async\" width=\"1024\" height=\"677\" src=\"https:\/\/mlbfrsat7ahr.i.optimole.com\/w:1024\/h:677\/q:mauto\/ig:avif\/https:\/\/noticiasnoface.com.br\/wp-content\/uploads\/2023\/04\/img_2221.jpg\" class=\"wp-image-15726\" srcset=\"https:\/\/mlbfrsat7ahr.i.optimole.com\/w:1024\/h:677\/q:mauto\/ig:avif\/https:\/\/noticiasnoface.com.br\/wp-content\/uploads\/2023\/04\/img_2221.jpg 1024w, https:\/\/mlbfrsat7ahr.i.optimole.com\/w:300\/h:198\/q:mauto\/ig:avif\/https:\/\/noticiasnoface.com.br\/wp-content\/uploads\/2023\/04\/img_2221.jpg 300w, https:\/\/mlbfrsat7ahr.i.optimole.com\/w:768\/h:508\/q:mauto\/ig:avif\/https:\/\/noticiasnoface.com.br\/wp-content\/uploads\/2023\/04\/img_2221.jpg 768w, https:\/\/mlbfrsat7ahr.i.optimole.com\/w:1536\/h:1016\/q:mauto\/ig:avif\/https:\/\/noticiasnoface.com.br\/wp-content\/uploads\/2023\/04\/img_2221.jpg 1536w, https:\/\/mlbfrsat7ahr.i.optimole.com\/w:1600\/h:1058\/q:mauto\/ig:avif\/https:\/\/noticiasnoface.com.br\/wp-content\/uploads\/2023\/04\/img_2221.jpg 1600w\" sizes=\"(max-width: 1000px) 100vw, 1000px\" \/><figcaption class=\"wp-element-caption\"><br>A fim de melhorar a seguran\u00e7a nas escolas, a C\u00e2mara Municipal de Natal aprovou em regime de urg\u00eancia, durante sess\u00e3o ordin\u00e1ria nesta quarta-feira (12), o Projeto de Lei n\u00b0 655\/2022, apresentado pela vereadora Nina Souza (PDT), que torna obrigat\u00f3rio o emprego do servi\u00e7o de seguran\u00e7a armada durante o expediente escolar, visando melhor proteger os frequentadores das institui\u00e7\u00f5es de ensino p\u00fablico infantil da capital potiguar. <br>De acordo com o texto, o servi\u00e7o ser\u00e1 prestado, preferencialmente, pela Secretaria Municipal de Seguran\u00e7a P\u00fablica e Defesa Social (SEMDES), atrav\u00e9s da Guarda Municipal, que tem esta atribui\u00e7\u00e3o entre seus deveres legais. J\u00e1 o Executivo fica autorizado a contratar, de forma suplementar, servi\u00e7os de seguran\u00e7a privada, cujas atividades estejam tamb\u00e9m comprovadamente autorizadas pelos \u00f3rg\u00e3os competentes. <br>Ao defender a mat\u00e9ria, a vereadora Nina Souza disse que as institui\u00e7\u00f5es interessadas nos servi\u00e7os de seguran\u00e7a dever\u00e3o comprovar treinamento espec\u00edfico dos profissionais destinados \u00e0 atua\u00e7\u00e3o em ambiente escolar. &#8220;Prover o m\u00ednimo de seguran\u00e7a nas escolas \u00e9 medida que urge, n\u00e3o devendo o ente federativo esperar acontecer algo grave para s\u00f3 ent\u00e3o adotar as devidas provid\u00eancias, que devem ser tomadas imediatamente, de forma preventiva&#8221;, pontuou.<br>Entre as proposi\u00e7\u00f5es aprovadas em primeira discuss\u00e3o, destaque para o Projeto de Lei n\u00b0 97\/2022 que institui no Calend\u00e1rio Oficial de Eventos do Munic\u00edpio o \u201cDia Municipal de Conscientiza\u00e7\u00e3o sobre o descarte de lixo eletr\u00f4nico e tecnol\u00f3gico\u201d, a ser realizado, anualmente, no dia 14 de outubro. De autoria do presidente da Casa, vereador Eriko J\u00e1come (MDB), o PL segue agora para vota\u00e7\u00e3o em segunda discuss\u00e3o.   <br>&#8220;As a\u00e7\u00f5es constantes nesta mat\u00e9ria devem ser desenvolvidas por entidades da sociedade civil, pelo Poder P\u00fablico, bem como pelas redes p\u00fablica e privada de educa\u00e7\u00e3o da nossa cidade. O objetivo \u00e9 realizar a\u00e7\u00f5es efetivas de conscientiza\u00e7\u00e3o para recolher, transportar e dar correta destina\u00e7\u00e3o a esse tipo de lixo&#8221;, explicou o presidente Eriko J\u00e1come.<br><strong><em>Texto: Junior Martins<br>Fotos: Elp\u00eddio J\u00fanior<\/em><\/strong><\/figcaption><\/figure>\n","protected":false},"excerpt":{"rendered":"","protected":false},"author":1,"featured_media":0,"comment_status":"open","ping_status":"open","sticky":false,"template":"","format":"standard","meta":{"site-sidebar-layout":"default","site-content-layout":"","ast-site-content-layout":"default","site-content-style":"default","site-sidebar-style":"default","ast-global-header-display":"","ast-banner-title-visibility":"","ast-main-header-display":"","ast-hfb-above-header-display":"","ast-hfb-below-header-display":"","ast-hfb-mobile-header-display":"","site-post-title":"","ast-breadcrumbs-content":"","ast-featured-img":"","footer-sml-layout":"","ast-disable-related-posts":"","theme-transparent-header-meta":"","adv-header-id-meta":"","stick-header-meta":"","header-above-stick-meta":"","header-main-stick-meta":"","header-below-stick-meta":"","astra-migrate-meta-layouts":"default","ast-page-background-enabled":"default","ast-page-background-meta":{"desktop":{"background-color":"var(--ast-global-color-4)","background-image":"","background-repeat":"repeat","background-position":"center center","background-size":"auto","background-attachment":"scroll","background-type":"","background-media":"","overlay-type":"","overlay-color":"","overlay-opacity":"","overlay-gradient":""},"tablet":{"background-color":"","background-image":"","background-repeat":"repeat","background-position":"center center","background-size":"auto","background-attachment":"scroll","background-type":"","background-media":"","overlay-type":"","overlay-color":"","overlay-opacity":"","overlay-gradient":""},"mobile":{"background-color":"","background-image":"","background-repeat":"repeat","background-position":"center center","background-size":"auto","background-attachment":"scroll","background-type":"","background-media":"","overlay-type":"","overlay-color":"","overlay-opacity":"","overlay-gradient":""}},"ast-content-background-meta":{"desktop":{"background-color":"var(--ast-global-color-5)","background-image":"","background-repeat":"repeat","background-position":"center center","background-size":"auto","background-attachment":"scroll","background-type":"","background-media":"","overlay-type":"","overlay-color":"","overlay-opacity":"","overlay-gradient":""},"tablet":{"background-color":"var(--ast-global-color-5)","background-image":"","background-repeat":"repeat","background-position":"center center","background-size":"auto","background-attachment":"scroll","background-type":"","background-media":"","overlay-type":"","overlay-color":"","overlay-opacity":"","overlay-gradient":""},"mobile":{"background-color":"var(--ast-global-color-5)","background-image":"","background-repeat":"repeat","background-position":"center center","background-size":"auto","background-attachment":"scroll","background-type":"","background-media":"","overlay-type":"","overlay-color":"","overlay-opacity":"","overlay-gradient":""}},"footnotes":""},"categories":[517],"tags":[],"class_list":["post-15727","post","type-post","status-publish","format-standard","hentry","category-aconteceu"],"_links":{"self":[{"href":"https:\/\/noticiasnoface.com.br\/index.php\/wp-json\/wp\/v2\/posts\/15727","targetHints":{"allow":["GET"]}}],"collection":[{"href":"https:\/\/noticiasnoface.com.br\/index.php\/wp-json\/wp\/v2\/posts"}],"about":[{"href":"https:\/\/noticiasnoface.com.br\/index.php\/wp-json\/wp\/v2\/types\/post"}],"author":[{"embeddable":true,"href":"https:\/\/noticiasnoface.com.br\/index.php\/wp-json\/wp\/v2\/users\/1"}],"replies":[{"embeddable":true,"href":"https:\/\/noticiasnoface.com.br\/index.php\/wp-json\/wp\/v2\/comments?post=15727"}],"version-history":[{"count":1,"href":"https:\/\/noticiasnoface.com.br\/index.php\/wp-json\/wp\/v2\/posts\/15727\/revisions"}],"predecessor-version":[{"id":15728,"href":"https:\/\/noticiasnoface.com.br\/index.php\/wp-json\/wp\/v2\/posts\/15727\/revisions\/15728"}],"wp:attachment":[{"href":"https:\/\/noticiasnoface.com.br\/index.php\/wp-json\/wp\/v2\/media?parent=15727"}],"wp:term":[{"taxonomy":"category","embeddable":true,"href":"https:\/\/noticiasnoface.com.br\/index.php\/wp-json\/wp\/v2\/categories?post=15727"},{"taxonomy":"post_tag","embeddable":true,"href":"https:\/\/noticiasnoface.com.br\/index.php\/wp-json\/wp\/v2\/tags?post=15727"}],"curies":[{"name":"wp","href":"https:\/\/api.w.org\/{rel}","templated":true}]}}