{"id":15736,"date":"2023-04-14T11:45:48","date_gmt":"2023-04-14T14:45:48","guid":{"rendered":"https:\/\/noticiasnoface.com.br\/?p=15736"},"modified":"2023-04-14T11:45:49","modified_gmt":"2023-04-14T14:45:49","slug":"video-medica-ameaca-mae-de-paciente-vontade-de-dar-um-murro-na-sua-cara","status":"publish","type":"post","link":"https:\/\/noticiasnoface.com.br\/index.php\/2023\/04\/14\/video-medica-ameaca-mae-de-paciente-vontade-de-dar-um-murro-na-sua-cara\/","title":{"rendered":"(V\u00eddeo): M\u00e9dica amea\u00e7a m\u00e3e de paciente, \u201cVontade de dar um murro na sua cara\u201d"},"content":{"rendered":"\n<figure class=\"wp-block-image size-large\"><img data-opt-id=743408594  fetchpriority=\"high\" decoding=\"async\" width=\"1024\" height=\"817\" src=\"https:\/\/mlbfrsat7ahr.i.optimole.com\/w:1024\/h:817\/q:mauto\/ig:avif\/https:\/\/noticiasnoface.com.br\/wp-content\/uploads\/2023\/04\/img_2260.jpg\" class=\"wp-image-15734\" srcset=\"https:\/\/mlbfrsat7ahr.i.optimole.com\/w:1024\/h:817\/q:mauto\/ig:avif\/https:\/\/noticiasnoface.com.br\/wp-content\/uploads\/2023\/04\/img_2260.jpg 1024w, https:\/\/mlbfrsat7ahr.i.optimole.com\/w:300\/h:239\/q:mauto\/ig:avif\/https:\/\/noticiasnoface.com.br\/wp-content\/uploads\/2023\/04\/img_2260.jpg 300w, https:\/\/mlbfrsat7ahr.i.optimole.com\/w:768\/h:613\/q:mauto\/ig:avif\/https:\/\/noticiasnoface.com.br\/wp-content\/uploads\/2023\/04\/img_2260.jpg 768w, https:\/\/mlbfrsat7ahr.i.optimole.com\/w:1290\/h:1029\/q:mauto\/ig:avif\/https:\/\/noticiasnoface.com.br\/wp-content\/uploads\/2023\/04\/img_2260.jpg 1290w\" sizes=\"(max-width: 1000px) 100vw, 1000px\" \/><figcaption class=\"wp-element-caption\">M\u00e9dica vai para cima de m\u00e3e de paciente e amea\u00e7a: &#8216;vontade de dar um murro na sua cara&#8217;. VEJA V\u00cdDEO<br><br>Uma m\u00e9dica de 63 anos foi para cima da m\u00e3e de uma paciente em um pronto-socorro de Itariri, no interior de S\u00e3o Paulo. Aldeis Mikie de 31 anos contou que a filha, de 3, estava com febre e tosse e, por vomitar sempre que toma rem\u00e9dios, decidiu lev\u00e1-la ao hospital. Assim que explicou \u00e0 profissional de sa\u00fade que a menina vomitava com medicamentos via oral, as agress\u00f5es verbais e amea\u00e7as come\u00e7aram. A menina deixou a unidade sem ser atendida.<br><br>As imagens obtidas nesta quinta-feira (13), mostram a m\u00e9dica apontando o dedo para Aldeis, que gravou a situa\u00e7\u00e3o no PS Doutor Taminato Tion. Em determinado momento \u00e9 poss\u00edvel escutar: &#8216;Garota, vontade de dar um murro na sua cara&#8217;, enquanto uma mulher, que n\u00e3o foi identificada, tenta acalmar os \u00e2nimos.<br><br>A reportagem buscou contato com a m\u00e9dica, que n\u00e3o foi localizada at\u00e9 a publica\u00e7\u00e3o da mat\u00e9ria. Em depoimento \u00e0 pol\u00edcia, por\u00e9m, disse que ao saber pela m\u00e3e da paciente, na madrugada de quarta-feira (12), que a menina vomitava ao tomar medicamentos, a orientou tentar novamente, momento em que teria sido ofendida com a frase: &#8216;Vai tomar no meio do seu c*&#8217;.<br><br>A mulher relatou que a m\u00e9dica, de forma agressiva, disse que outra m\u00e3e tinha comparecido ao PS pelo mesmo motivo. Diante da rea\u00e7\u00e3o inesperada, Aldeis come\u00e7ou a gravar a situa\u00e7\u00e3o.<br><br>Consta no Boletim de Ocorr\u00eancia que as duas come\u00e7aram a discutir no consult\u00f3rio e terminaram o bate-boca no corredor da unidade de sa\u00fade, quando a m\u00e9dica teria pegado o celular da m\u00e3e, que s\u00f3 foi recuperar o aparelho duas horas depois, com a interven\u00e7\u00e3o da Pol\u00edcia Militar (PM).<br><br>A m\u00e3e contou que a m\u00e9dica teria apagado os v\u00eddeos, mas conseguiu recuper\u00e1-los. Ela ressaltou que a filha n\u00e3o recebeu atendimento m\u00e9dico e est\u00e1 traumatizada, pois estava no colo durante a discuss\u00e3o.<br><br>&#8220;Me senti humilhada, um lixo. A gente precisa do servi\u00e7o, sa\u00ed de madrugada para ir l\u00e1 para ser atendida e sa\u00ed chorando. O pior de tudo \u00e9 o trauma que ela causou na minha filha, que n\u00e3o est\u00e1 comendo, dormindo direito, s\u00f3 chora, s\u00f3 quer ficar no colo. N\u00e3o quer colo de mais ningu\u00e9m, s\u00f3 quer ficar no meu, como se ela tivesse com medo de algu\u00e9m fazer alguma coisa para mim&#8221;, disse a m\u00e3e.<\/figcaption><\/figure>\n\n\n\n<figure class=\"wp-block-video\"><video height=\"480\" style=\"aspect-ratio: 818 \/ 480;\" width=\"818\" controls src=\"https:\/\/noticiasnoface.com.br\/wp-content\/uploads\/2023\/04\/video-output-754978dd-1875-4815-8406-085defe01367.mp4\"><\/video><figcaption class=\"wp-element-caption\">M\u00e9dica amea\u00e7a m\u00e3e de paciente <\/figcaption><\/figure>\n","protected":false},"excerpt":{"rendered":"","protected":false},"author":1,"featured_media":0,"comment_status":"open","ping_status":"open","sticky":false,"template":"","format":"standard","meta":{"site-sidebar-layout":"default","site-content-layout":"","ast-site-content-layout":"default","site-content-style":"default","site-sidebar-style":"default","ast-global-header-display":"","ast-banner-title-visibility":"","ast-main-header-display":"","ast-hfb-above-header-display":"","ast-hfb-below-header-display":"","ast-hfb-mobile-header-display":"","site-post-title":"","ast-breadcrumbs-content":"","ast-featured-img":"","footer-sml-layout":"","ast-disable-related-posts":"","theme-transparent-header-meta":"","adv-header-id-meta":"","stick-header-meta":"","header-above-stick-meta":"","header-main-stick-meta":"","header-below-stick-meta":"","astra-migrate-meta-layouts":"default","ast-page-background-enabled":"default","ast-page-background-meta":{"desktop":{"background-color":"var(--ast-global-color-4)","background-image":"","background-repeat":"repeat","background-position":"center center","background-size":"auto","background-attachment":"scroll","background-type":"","background-media":"","overlay-type":"","overlay-color":"","overlay-opacity":"","overlay-gradient":""},"tablet":{"background-color":"","background-image":"","background-repeat":"repeat","background-position":"center center","background-size":"auto","background-attachment":"scroll","background-type":"","background-media":"","overlay-type":"","overlay-color":"","overlay-opacity":"","overlay-gradient":""},"mobile":{"background-color":"","background-image":"","background-repeat":"repeat","background-position":"center center","background-size":"auto","background-attachment":"scroll","background-type":"","background-media":"","overlay-type":"","overlay-color":"","overlay-opacity":"","overlay-gradient":""}},"ast-content-background-meta":{"desktop":{"background-color":"var(--ast-global-color-5)","background-image":"","background-repeat":"repeat","background-position":"center center","background-size":"auto","background-attachment":"scroll","background-type":"","background-media":"","overlay-type":"","overlay-color":"","overlay-opacity":"","overlay-gradient":""},"tablet":{"background-color":"var(--ast-global-color-5)","background-image":"","background-repeat":"repeat","background-position":"center center","background-size":"auto","background-attachment":"scroll","background-type":"","background-media":"","overlay-type":"","overlay-color":"","overlay-opacity":"","overlay-gradient":""},"mobile":{"background-color":"var(--ast-global-color-5)","background-image":"","background-repeat":"repeat","background-position":"center center","background-size":"auto","background-attachment":"scroll","background-type":"","background-media":"","overlay-type":"","overlay-color":"","overlay-opacity":"","overlay-gradient":""}},"footnotes":""},"categories":[154],"tags":[302,464,2185,2229,2236,199,2815],"class_list":["post-15736","post","type-post","status-publish","format-standard","hentry","category-comportamento","tag-ameaca","tag-mae","tag-medica","tag-noticas-do-face","tag-noticas-no-face","tag-noticiasnoface","tag-paciente"],"_links":{"self":[{"href":"https:\/\/noticiasnoface.com.br\/index.php\/wp-json\/wp\/v2\/posts\/15736","targetHints":{"allow":["GET"]}}],"collection":[{"href":"https:\/\/noticiasnoface.com.br\/index.php\/wp-json\/wp\/v2\/posts"}],"about":[{"href":"https:\/\/noticiasnoface.com.br\/index.php\/wp-json\/wp\/v2\/types\/post"}],"author":[{"embeddable":true,"href":"https:\/\/noticiasnoface.com.br\/index.php\/wp-json\/wp\/v2\/users\/1"}],"replies":[{"embeddable":true,"href":"https:\/\/noticiasnoface.com.br\/index.php\/wp-json\/wp\/v2\/comments?post=15736"}],"version-history":[{"count":1,"href":"https:\/\/noticiasnoface.com.br\/index.php\/wp-json\/wp\/v2\/posts\/15736\/revisions"}],"predecessor-version":[{"id":15737,"href":"https:\/\/noticiasnoface.com.br\/index.php\/wp-json\/wp\/v2\/posts\/15736\/revisions\/15737"}],"wp:attachment":[{"href":"https:\/\/noticiasnoface.com.br\/index.php\/wp-json\/wp\/v2\/media?parent=15736"}],"wp:term":[{"taxonomy":"category","embeddable":true,"href":"https:\/\/noticiasnoface.com.br\/index.php\/wp-json\/wp\/v2\/categories?post=15736"},{"taxonomy":"post_tag","embeddable":true,"href":"https:\/\/noticiasnoface.com.br\/index.php\/wp-json\/wp\/v2\/tags?post=15736"}],"curies":[{"name":"wp","href":"https:\/\/api.w.org\/{rel}","templated":true}]}}