{"id":15741,"date":"2023-04-14T13:11:20","date_gmt":"2023-04-14T16:11:20","guid":{"rendered":"https:\/\/noticiasnoface.com.br\/?p=15741"},"modified":"2023-04-14T13:11:27","modified_gmt":"2023-04-14T16:11:27","slug":"videoenfermeira-e-atacada-por-tubarao","status":"publish","type":"post","link":"https:\/\/noticiasnoface.com.br\/index.php\/2023\/04\/14\/videoenfermeira-e-atacada-por-tubarao\/","title":{"rendered":"(V\u00eddeo):Enfermeira \u00e9 atacada por tubar\u00e3o"},"content":{"rendered":"\n<figure class=\"wp-block-image size-large\"><img data-opt-id=637639611  fetchpriority=\"high\" decoding=\"async\" width=\"1024\" height=\"563\" src=\"https:\/\/mlbfrsat7ahr.i.optimole.com\/w:1024\/h:563\/q:mauto\/ig:avif\/https:\/\/noticiasnoface.com.br\/wp-content\/uploads\/2023\/04\/img_2279.jpg\" alt=\"\" class=\"wp-image-15738\" srcset=\"https:\/\/mlbfrsat7ahr.i.optimole.com\/w:1024\/h:563\/q:mauto\/ig:avif\/https:\/\/noticiasnoface.com.br\/wp-content\/uploads\/2023\/04\/img_2279.jpg 1024w, https:\/\/mlbfrsat7ahr.i.optimole.com\/w:300\/h:165\/q:mauto\/ig:avif\/https:\/\/noticiasnoface.com.br\/wp-content\/uploads\/2023\/04\/img_2279.jpg 300w, https:\/\/mlbfrsat7ahr.i.optimole.com\/w:768\/h:422\/q:mauto\/ig:avif\/https:\/\/noticiasnoface.com.br\/wp-content\/uploads\/2023\/04\/img_2279.jpg 768w, https:\/\/mlbfrsat7ahr.i.optimole.com\/w:1290\/h:709\/q:mauto\/ig:avif\/https:\/\/noticiasnoface.com.br\/wp-content\/uploads\/2023\/04\/img_2279.jpg 1290w\" sizes=\"(max-width: 1000px) 100vw, 1000px\" \/><figcaption class=\"wp-element-caption\">Enfermeira \u00e9 mordida por tubar\u00e3o durante ensaio nas Maldivas<br \/>Uma enfermeira foi mordida por um tubar\u00e3o durante um ensaio subaqu\u00e1tico nas Maldivas e o momento foi registrado fot\u00f3grafo Ibrahim Shafeeg.<br \/>O que aconteceu:<br \/><strong>O v\u00eddeo mostra a enfermeira Carmen Canovas Cervello, 30, sendo mordida ao nadar pr\u00f3ximo a tubar\u00f5es nas Maldivas.<\/strong> O animal, um tubar\u00e3o lixa, tinha cerca de 2,5 metros de comprimento;<strong>A mulher ficou com um ferimento de 15 cent\u00edmetros nas costas<\/strong>, segundo o tabloide ingl\u00eas Daily Mail. Mesmo ap\u00f3s o incidente, Carmen decidiu pular de volta na \u00e1gua para concluir o ensaio. O registro foi publicado no dia 29 de janeiro e ganhou for\u00e7a essa semana nas redes sociais.<br \/>Eu nunca vou esquecer. Sim [estou bem], n\u00e3o foi tudo isso<br \/><br \/><strong>Carmen Cervello, enfermeira<\/strong><\/figcaption><\/figure>\n\n\n\n<figure class=\"wp-block-video\"><video height=\"720\" style=\"aspect-ratio: 720 \/ 720;\" width=\"720\" controls src=\"https:\/\/noticiasnoface.com.br\/wp-content\/uploads\/2023\/04\/04142023130642pmu2z4k-1.mp4\"><\/video><figcaption class=\"wp-element-caption\">Enfermeira \u00e9 atacada por tubar\u00e3o <\/figcaption><\/figure>\n","protected":false},"excerpt":{"rendered":"","protected":false},"author":1,"featured_media":0,"comment_status":"open","ping_status":"open","sticky":false,"template":"","format":"standard","meta":{"site-sidebar-layout":"default","site-content-layout":"","ast-site-content-layout":"default","site-content-style":"default","site-sidebar-style":"default","ast-global-header-display":"","ast-banner-title-visibility":"","ast-main-header-display":"","ast-hfb-above-header-display":"","ast-hfb-below-header-display":"","ast-hfb-mobile-header-display":"","site-post-title":"","ast-breadcrumbs-content":"","ast-featured-img":"","footer-sml-layout":"","ast-disable-related-posts":"","theme-transparent-header-meta":"","adv-header-id-meta":"","stick-header-meta":"","header-above-stick-meta":"","header-main-stick-meta":"","header-below-stick-meta":"","astra-migrate-meta-layouts":"default","ast-page-background-enabled":"default","ast-page-background-meta":{"desktop":{"background-color":"var(--ast-global-color-4)","background-image":"","background-repeat":"repeat","background-position":"center center","background-size":"auto","background-attachment":"scroll","background-type":"","background-media":"","overlay-type":"","overlay-color":"","overlay-opacity":"","overlay-gradient":""},"tablet":{"background-color":"","background-image":"","background-repeat":"repeat","background-position":"center center","background-size":"auto","background-attachment":"scroll","background-type":"","background-media":"","overlay-type":"","overlay-color":"","overlay-opacity":"","overlay-gradient":""},"mobile":{"background-color":"","background-image":"","background-repeat":"repeat","background-position":"center center","background-size":"auto","background-attachment":"scroll","background-type":"","background-media":"","overlay-type":"","overlay-color":"","overlay-opacity":"","overlay-gradient":""}},"ast-content-background-meta":{"desktop":{"background-color":"var(--ast-global-color-5)","background-image":"","background-repeat":"repeat","background-position":"center center","background-size":"auto","background-attachment":"scroll","background-type":"","background-media":"","overlay-type":"","overlay-color":"","overlay-opacity":"","overlay-gradient":""},"tablet":{"background-color":"var(--ast-global-color-5)","background-image":"","background-repeat":"repeat","background-position":"center center","background-size":"auto","background-attachment":"scroll","background-type":"","background-media":"","overlay-type":"","overlay-color":"","overlay-opacity":"","overlay-gradient":""},"mobile":{"background-color":"var(--ast-global-color-5)","background-image":"","background-repeat":"repeat","background-position":"center center","background-size":"auto","background-attachment":"scroll","background-type":"","background-media":"","overlay-type":"","overlay-color":"","overlay-opacity":"","overlay-gradient":""}},"footnotes":""},"categories":[517],"tags":[2671,1144,2816,2229,2236,199,1974],"class_list":["post-15741","post","type-post","status-publish","format-standard","hentry","category-aconteceu","tag-ataque-de-tubarao","tag-enfermeira","tag-mordida","tag-noticas-do-face","tag-noticas-no-face","tag-noticiasnoface","tag-tubarao"],"_links":{"self":[{"href":"https:\/\/noticiasnoface.com.br\/index.php\/wp-json\/wp\/v2\/posts\/15741","targetHints":{"allow":["GET"]}}],"collection":[{"href":"https:\/\/noticiasnoface.com.br\/index.php\/wp-json\/wp\/v2\/posts"}],"about":[{"href":"https:\/\/noticiasnoface.com.br\/index.php\/wp-json\/wp\/v2\/types\/post"}],"author":[{"embeddable":true,"href":"https:\/\/noticiasnoface.com.br\/index.php\/wp-json\/wp\/v2\/users\/1"}],"replies":[{"embeddable":true,"href":"https:\/\/noticiasnoface.com.br\/index.php\/wp-json\/wp\/v2\/comments?post=15741"}],"version-history":[{"count":1,"href":"https:\/\/noticiasnoface.com.br\/index.php\/wp-json\/wp\/v2\/posts\/15741\/revisions"}],"predecessor-version":[{"id":15742,"href":"https:\/\/noticiasnoface.com.br\/index.php\/wp-json\/wp\/v2\/posts\/15741\/revisions\/15742"}],"wp:attachment":[{"href":"https:\/\/noticiasnoface.com.br\/index.php\/wp-json\/wp\/v2\/media?parent=15741"}],"wp:term":[{"taxonomy":"category","embeddable":true,"href":"https:\/\/noticiasnoface.com.br\/index.php\/wp-json\/wp\/v2\/categories?post=15741"},{"taxonomy":"post_tag","embeddable":true,"href":"https:\/\/noticiasnoface.com.br\/index.php\/wp-json\/wp\/v2\/tags?post=15741"}],"curies":[{"name":"wp","href":"https:\/\/api.w.org\/{rel}","templated":true}]}}