{"id":15745,"date":"2023-04-14T16:18:17","date_gmt":"2023-04-14T19:18:17","guid":{"rendered":"https:\/\/noticiasnoface.com.br\/?p=15745"},"modified":"2023-04-14T16:18:18","modified_gmt":"2023-04-14T19:18:18","slug":"nome-de-paulinho-freire-une-segmento-evangelico-apos-decadas-de-disputa","status":"publish","type":"post","link":"https:\/\/noticiasnoface.com.br\/index.php\/2023\/04\/14\/nome-de-paulinho-freire-une-segmento-evangelico-apos-decadas-de-disputa\/","title":{"rendered":"Nome de Paulinho Freire une segmento evang\u00e9lico ap\u00f3s d\u00e9cadas de disputa"},"content":{"rendered":"\n<figure class=\"wp-block-image size-large\"><img data-opt-id=2039974032  fetchpriority=\"high\" decoding=\"async\" width=\"1024\" height=\"762\" src=\"https:\/\/mlbfrsat7ahr.i.optimole.com\/w:1024\/h:762\/q:mauto\/ig:avif\/https:\/\/noticiasnoface.com.br\/wp-content\/uploads\/2023\/04\/img_2293.jpg\" class=\"wp-image-15744\" srcset=\"https:\/\/mlbfrsat7ahr.i.optimole.com\/w:1024\/h:762\/q:mauto\/ig:avif\/https:\/\/noticiasnoface.com.br\/wp-content\/uploads\/2023\/04\/img_2293.jpg 1024w, https:\/\/mlbfrsat7ahr.i.optimole.com\/w:300\/h:223\/q:mauto\/ig:avif\/https:\/\/noticiasnoface.com.br\/wp-content\/uploads\/2023\/04\/img_2293.jpg 300w, https:\/\/mlbfrsat7ahr.i.optimole.com\/w:768\/h:572\/q:mauto\/ig:avif\/https:\/\/noticiasnoface.com.br\/wp-content\/uploads\/2023\/04\/img_2293.jpg 768w, https:\/\/mlbfrsat7ahr.i.optimole.com\/w:1290\/h:960\/q:mauto\/ig:avif\/https:\/\/noticiasnoface.com.br\/wp-content\/uploads\/2023\/04\/img_2293.jpg 1290w\" sizes=\"(max-width: 1000px) 100vw, 1000px\" \/><figcaption class=\"wp-element-caption\">As elei\u00e7\u00f5es municipais do pr\u00f3ximo ano j\u00e1 come\u00e7ou para alguns postulantes ao cargo de prefeito da capital potiguar.<br>O deputado federal Paulinho Freire(Uni\u00e3o Brasil), come\u00e7ou as articula\u00e7\u00f5es com o p\u00e9 direito, unindo o segmento evang\u00e9lico em torno de seu projeto pol\u00edtico. <br><br><br>Na manh\u00e3 de hoje(14), o prefeit\u00e1vel esteve reunido com o presidente da Assembleia de Deus no Rio Grande do Norte, o Pastor Martin Alves.<br>A reuni\u00e3o foi articulada pelo presidente da c\u00e2mara Eriko J\u00e1come, e contou com a presen\u00e7a das vereadoras Nina Souza, Camila Ara\u00fajo, os ex-deputados estaduais Jac\u00f3 J\u00e1come, Albert Dickson, e a ex-deputada federal Carla Dickson.<br><br><br>Paulinho \u00e9 habilidoso e sabe unir! Esse \u00e9 um ponto muito importante para quem pretende disputar o comando do pal\u00e1cio Felipe Camar\u00e3o.<br>O prefeit\u00e1vel ir\u00e1 iniciar uma s\u00e9rie de visitas, reuni\u00f5es e encontros, para come\u00e7ar a viabilizar o seu nome pro pleito do pr\u00f3ximo ano.<br>Come\u00e7ou da melhor forma, sob as ben\u00e7\u00e3os de Deus, e regado a muita ora\u00e7\u00e3o!<br><br><strong><em>Via Blog do Matheus Peres <\/em><\/strong><\/figcaption><\/figure>\n\n\n\n<p><\/p>\n","protected":false},"excerpt":{"rendered":"","protected":false},"author":1,"featured_media":0,"comment_status":"open","ping_status":"open","sticky":false,"template":"","format":"standard","meta":{"site-sidebar-layout":"default","site-content-layout":"","ast-site-content-layout":"default","site-content-style":"default","site-sidebar-style":"default","ast-global-header-display":"","ast-banner-title-visibility":"","ast-main-header-display":"","ast-hfb-above-header-display":"","ast-hfb-below-header-display":"","ast-hfb-mobile-header-display":"","site-post-title":"","ast-breadcrumbs-content":"","ast-featured-img":"","footer-sml-layout":"","ast-disable-related-posts":"","theme-transparent-header-meta":"","adv-header-id-meta":"","stick-header-meta":"","header-above-stick-meta":"","header-main-stick-meta":"","header-below-stick-meta":"","astra-migrate-meta-layouts":"default","ast-page-background-enabled":"default","ast-page-background-meta":{"desktop":{"background-color":"var(--ast-global-color-4)","background-image":"","background-repeat":"repeat","background-position":"center center","background-size":"auto","background-attachment":"scroll","background-type":"","background-media":"","overlay-type":"","overlay-color":"","overlay-opacity":"","overlay-gradient":""},"tablet":{"background-color":"","background-image":"","background-repeat":"repeat","background-position":"center center","background-size":"auto","background-attachment":"scroll","background-type":"","background-media":"","overlay-type":"","overlay-color":"","overlay-opacity":"","overlay-gradient":""},"mobile":{"background-color":"","background-image":"","background-repeat":"repeat","background-position":"center center","background-size":"auto","background-attachment":"scroll","background-type":"","background-media":"","overlay-type":"","overlay-color":"","overlay-opacity":"","overlay-gradient":""}},"ast-content-background-meta":{"desktop":{"background-color":"var(--ast-global-color-5)","background-image":"","background-repeat":"repeat","background-position":"center center","background-size":"auto","background-attachment":"scroll","background-type":"","background-media":"","overlay-type":"","overlay-color":"","overlay-opacity":"","overlay-gradient":""},"tablet":{"background-color":"var(--ast-global-color-5)","background-image":"","background-repeat":"repeat","background-position":"center center","background-size":"auto","background-attachment":"scroll","background-type":"","background-media":"","overlay-type":"","overlay-color":"","overlay-opacity":"","overlay-gradient":""},"mobile":{"background-color":"var(--ast-global-color-5)","background-image":"","background-repeat":"repeat","background-position":"center center","background-size":"auto","background-attachment":"scroll","background-type":"","background-media":"","overlay-type":"","overlay-color":"","overlay-opacity":"","overlay-gradient":""}},"footnotes":""},"categories":[153],"tags":[474,50,22,199,1287,566],"class_list":["post-15745","post","type-post","status-publish","format-standard","hentry","category-politica","tag-evangelicos","tag-noticias-do-face","tag-noticias-no-face","tag-noticiasnoface","tag-paulinho-freire","tag-prefeitura-de-natal"],"_links":{"self":[{"href":"https:\/\/noticiasnoface.com.br\/index.php\/wp-json\/wp\/v2\/posts\/15745","targetHints":{"allow":["GET"]}}],"collection":[{"href":"https:\/\/noticiasnoface.com.br\/index.php\/wp-json\/wp\/v2\/posts"}],"about":[{"href":"https:\/\/noticiasnoface.com.br\/index.php\/wp-json\/wp\/v2\/types\/post"}],"author":[{"embeddable":true,"href":"https:\/\/noticiasnoface.com.br\/index.php\/wp-json\/wp\/v2\/users\/1"}],"replies":[{"embeddable":true,"href":"https:\/\/noticiasnoface.com.br\/index.php\/wp-json\/wp\/v2\/comments?post=15745"}],"version-history":[{"count":1,"href":"https:\/\/noticiasnoface.com.br\/index.php\/wp-json\/wp\/v2\/posts\/15745\/revisions"}],"predecessor-version":[{"id":15746,"href":"https:\/\/noticiasnoface.com.br\/index.php\/wp-json\/wp\/v2\/posts\/15745\/revisions\/15746"}],"wp:attachment":[{"href":"https:\/\/noticiasnoface.com.br\/index.php\/wp-json\/wp\/v2\/media?parent=15745"}],"wp:term":[{"taxonomy":"category","embeddable":true,"href":"https:\/\/noticiasnoface.com.br\/index.php\/wp-json\/wp\/v2\/categories?post=15745"},{"taxonomy":"post_tag","embeddable":true,"href":"https:\/\/noticiasnoface.com.br\/index.php\/wp-json\/wp\/v2\/tags?post=15745"}],"curies":[{"name":"wp","href":"https:\/\/api.w.org\/{rel}","templated":true}]}}