{"id":15754,"date":"2023-04-15T08:24:08","date_gmt":"2023-04-15T11:24:08","guid":{"rendered":"https:\/\/noticiasnoface.com.br\/?p=15754"},"modified":"2023-06-21T14:51:14","modified_gmt":"2023-06-21T17:51:14","slug":"detentos-arrombam-anus-do-homem-que-fez-ataque-em-blumenau","status":"publish","type":"post","link":"https:\/\/noticiasnoface.com.br\/index.php\/2023\/04\/15\/detentos-arrombam-anus-do-homem-que-fez-ataque-em-blumenau\/","title":{"rendered":"Detentos arrombam \u00e2nus do homem que fez ataque em Blumenau"},"content":{"rendered":"\n<figure class=\"wp-block-image size-large\"><img data-opt-id=372689296  fetchpriority=\"high\" decoding=\"async\" width=\"296\" height=\"300\" src=\"https:\/\/mlbfrsat7ahr.i.optimole.com\/w:296\/h:300\/q:mauto\/ig:avif\/https:\/\/noticiasnoface.com.br\/wp-content\/uploads\/2023\/06\/image-2.jpg\" alt=\"\" class=\"wp-image-17125\" srcset=\"https:\/\/mlbfrsat7ahr.i.optimole.com\/w:296\/h:300\/q:mauto\/ig:avif\/https:\/\/noticiasnoface.com.br\/wp-content\/uploads\/2023\/06\/image-2.jpg 296w, https:\/\/mlbfrsat7ahr.i.optimole.com\/w:416\/h:421\/q:mauto\/ig:avif\/https:\/\/noticiasnoface.com.br\/wp-content\/uploads\/2023\/06\/image-2.jpg 416w\" sizes=\"(max-width: 296px) 100vw, 296px\" \/><figcaption class=\"wp-element-caption\">A Pol\u00edcia Civil de Santa Catarina informou que o autor do brutal ataque a uma creche em Blumenau, Luiz Henrique Lima, de 25 anos, foi espancado por outros detentos ap\u00f3s ter sido arrancado de sua cela provis\u00f3ria no CPP de Blumenau.<br \/>O homem teve partes do corpo dilaceradas, \u00e2nus arrombado e foi encaminhado em estado grave para a Central de Emerg\u00eancia do Hospital Santa Isabel. As agress\u00f5es foram motivadas pelo conhecimento do crime cometido por Luiz Henrique, o que revoltou os outros detentos.<br \/>O criminoso havia sido preso em flagrante pelos quatro homic\u00eddios triplamente qualificados e quatro tentativas de homic\u00eddio triplamente qualificados cometidos na creche em Blumenau. O ataque resultou na morte de tr\u00eas meninos e uma menina, que estavam no parquinho da escola quando o agressor pulou o muro e iniciou o ataque.<br \/>Este tr\u00e1gico incidente refor\u00e7a a import\u00e2ncia de medidas preventivas para evitar a ocorr\u00eancia de crimes em escolas. A presen\u00e7a de seguran\u00e7as nas institui\u00e7\u00f5es de ensino pode ser um importante fator de prote\u00e7\u00e3o para alunos e funcion\u00e1rios, especialmente em locais de vulnerabilidade social. Al\u00e9m disso, \u00e9 fundamental que haja um sistema de monitoramento eficiente, com c\u00e2meras de seguran\u00e7a e alarmes que possam ser acionados em caso de emerg\u00eancia.<\/figcaption><\/figure>\n","protected":false},"excerpt":{"rendered":"","protected":false},"author":1,"featured_media":0,"comment_status":"open","ping_status":"open","sticky":false,"template":"","format":"standard","meta":{"site-sidebar-layout":"default","site-content-layout":"","ast-site-content-layout":"default","site-content-style":"default","site-sidebar-style":"default","ast-global-header-display":"","ast-banner-title-visibility":"","ast-main-header-display":"","ast-hfb-above-header-display":"","ast-hfb-below-header-display":"","ast-hfb-mobile-header-display":"","site-post-title":"","ast-breadcrumbs-content":"","ast-featured-img":"","footer-sml-layout":"","ast-disable-related-posts":"","theme-transparent-header-meta":"","adv-header-id-meta":"","stick-header-meta":"","header-above-stick-meta":"","header-main-stick-meta":"","header-below-stick-meta":"","astra-migrate-meta-layouts":"default","ast-page-background-enabled":"default","ast-page-background-meta":{"desktop":{"background-color":"var(--ast-global-color-4)","background-image":"","background-repeat":"repeat","background-position":"center center","background-size":"auto","background-attachment":"scroll","background-type":"","background-media":"","overlay-type":"","overlay-color":"","overlay-opacity":"","overlay-gradient":""},"tablet":{"background-color":"","background-image":"","background-repeat":"repeat","background-position":"center center","background-size":"auto","background-attachment":"scroll","background-type":"","background-media":"","overlay-type":"","overlay-color":"","overlay-opacity":"","overlay-gradient":""},"mobile":{"background-color":"","background-image":"","background-repeat":"repeat","background-position":"center center","background-size":"auto","background-attachment":"scroll","background-type":"","background-media":"","overlay-type":"","overlay-color":"","overlay-opacity":"","overlay-gradient":""}},"ast-content-background-meta":{"desktop":{"background-color":"var(--ast-global-color-5)","background-image":"","background-repeat":"repeat","background-position":"center center","background-size":"auto","background-attachment":"scroll","background-type":"","background-media":"","overlay-type":"","overlay-color":"","overlay-opacity":"","overlay-gradient":""},"tablet":{"background-color":"var(--ast-global-color-5)","background-image":"","background-repeat":"repeat","background-position":"center center","background-size":"auto","background-attachment":"scroll","background-type":"","background-media":"","overlay-type":"","overlay-color":"","overlay-opacity":"","overlay-gradient":""},"mobile":{"background-color":"var(--ast-global-color-5)","background-image":"","background-repeat":"repeat","background-position":"center center","background-size":"auto","background-attachment":"scroll","background-type":"","background-media":"","overlay-type":"","overlay-color":"","overlay-opacity":"","overlay-gradient":""}},"footnotes":""},"categories":[517],"tags":[551,225,2820,2757,2236,50,199],"class_list":["post-15754","post","type-post","status-publish","format-standard","hentry","category-aconteceu","tag-anus","tag-assassino","tag-ataques","tag-blumenau","tag-noticas-no-face","tag-noticias-do-face","tag-noticiasnoface"],"_links":{"self":[{"href":"https:\/\/noticiasnoface.com.br\/index.php\/wp-json\/wp\/v2\/posts\/15754","targetHints":{"allow":["GET"]}}],"collection":[{"href":"https:\/\/noticiasnoface.com.br\/index.php\/wp-json\/wp\/v2\/posts"}],"about":[{"href":"https:\/\/noticiasnoface.com.br\/index.php\/wp-json\/wp\/v2\/types\/post"}],"author":[{"embeddable":true,"href":"https:\/\/noticiasnoface.com.br\/index.php\/wp-json\/wp\/v2\/users\/1"}],"replies":[{"embeddable":true,"href":"https:\/\/noticiasnoface.com.br\/index.php\/wp-json\/wp\/v2\/comments?post=15754"}],"version-history":[{"count":3,"href":"https:\/\/noticiasnoface.com.br\/index.php\/wp-json\/wp\/v2\/posts\/15754\/revisions"}],"predecessor-version":[{"id":17127,"href":"https:\/\/noticiasnoface.com.br\/index.php\/wp-json\/wp\/v2\/posts\/15754\/revisions\/17127"}],"wp:attachment":[{"href":"https:\/\/noticiasnoface.com.br\/index.php\/wp-json\/wp\/v2\/media?parent=15754"}],"wp:term":[{"taxonomy":"category","embeddable":true,"href":"https:\/\/noticiasnoface.com.br\/index.php\/wp-json\/wp\/v2\/categories?post=15754"},{"taxonomy":"post_tag","embeddable":true,"href":"https:\/\/noticiasnoface.com.br\/index.php\/wp-json\/wp\/v2\/tags?post=15754"}],"curies":[{"name":"wp","href":"https:\/\/api.w.org\/{rel}","templated":true}]}}