{"id":15761,"date":"2023-04-15T21:25:38","date_gmt":"2023-04-16T00:25:38","guid":{"rendered":"https:\/\/noticiasnoface.com.br\/?p=15761"},"modified":"2023-04-15T21:25:38","modified_gmt":"2023-04-16T00:25:38","slug":"27a-sessao-ordinaria-debate-revitalizacao-de-centro-e-seguranca-em-escolas","status":"publish","type":"post","link":"https:\/\/noticiasnoface.com.br\/index.php\/2023\/04\/15\/27a-sessao-ordinaria-debate-revitalizacao-de-centro-e-seguranca-em-escolas\/","title":{"rendered":"27\u00aa Sess\u00e3o Ordin\u00e1ria debate revitaliza\u00e7\u00e3o de centro e seguran\u00e7a em escolas"},"content":{"rendered":"\n<figure class=\"wp-block-image size-large\"><img data-opt-id=1243767194  fetchpriority=\"high\" decoding=\"async\" width=\"1024\" height=\"527\" src=\"https:\/\/mlbfrsat7ahr.i.optimole.com\/w:1024\/h:527\/q:mauto\/ig:avif\/https:\/\/noticiasnoface.com.br\/wp-content\/uploads\/2023\/04\/img_2341.jpg\" class=\"wp-image-15760\" srcset=\"https:\/\/mlbfrsat7ahr.i.optimole.com\/w:1024\/h:527\/q:mauto\/ig:avif\/https:\/\/noticiasnoface.com.br\/wp-content\/uploads\/2023\/04\/img_2341.jpg 1024w, https:\/\/mlbfrsat7ahr.i.optimole.com\/w:300\/h:154\/q:mauto\/ig:avif\/https:\/\/noticiasnoface.com.br\/wp-content\/uploads\/2023\/04\/img_2341.jpg 300w, https:\/\/mlbfrsat7ahr.i.optimole.com\/w:768\/h:395\/q:mauto\/ig:avif\/https:\/\/noticiasnoface.com.br\/wp-content\/uploads\/2023\/04\/img_2341.jpg 768w, https:\/\/mlbfrsat7ahr.i.optimole.com\/w:1094\/h:563\/q:mauto\/ig:avif\/https:\/\/noticiasnoface.com.br\/wp-content\/uploads\/2023\/04\/img_2341.jpg 1094w\" sizes=\"(max-width: 1000px) 100vw, 1000px\" \/><figcaption class=\"wp-element-caption\">Durante a 27\u00aa Sess\u00e3o Ordin\u00e1ria, realizada na manh\u00e3 desta quinta-feira (13), foram destaques tem\u00e1ticas a respeito da revitaliza\u00e7\u00e3o do centro de Parnamirim e a seguran\u00e7a nas escolas do munic\u00edpio, pautas levantadas pela parlamentar Fativan Alves e pelo vereador Thiago Fernandes, respectivamente.<br><strong>Audi\u00eancia P\u00fablica discute revitaliza\u00e7\u00e3o do centro municipal<\/strong><br>Em seu pronunciamento, a vereadora Fativan Alves convocou a popula\u00e7\u00e3o e os demais edis para uma audi\u00eancia p\u00fablica de sua autoria, que ocorre \u00e0s 18h30 da pr\u00f3xima segunda-feira, desenvolvida com o prop\u00f3sito de debater as modifica\u00e7\u00f5es planejadas para o tr\u00e2nsito do centro de Parnamirim.<br>A parlamentar explicou que as mudan\u00e7as previstas interferem na vida da popula\u00e7\u00e3o, sendo, portanto, de extrema import\u00e2ncia a participa\u00e7\u00e3o p\u00fablica no debate. Ela informou que ser\u00e3o analisados os pr\u00f3s e os contras do pr\u00e9-projeto elaborado, que deve ser apresentado durante a audi\u00eancia, de modo que a reurbaniza\u00e7\u00e3o favore\u00e7a os comerciantes.<br>Em aparte, os vereadores Marquinhos da Climep,  Rhalessa de Cl\u00eanio, Gabriel C\u00e9sar e Thiago Fernandes ressaltaram a import\u00e2ncia da audi\u00eancia p\u00fablica.<br><strong>Seguran\u00e7a nas escolas \u00e9 tema de debate<\/strong><br>Ao utilizar a tribuna, o vereador Thiago Fernandes trouxe quest\u00f5es referentes \u00e0 medidas de seguran\u00e7a que devem ser utilizadas nas escolas do munic\u00edpio, de rede p\u00fablica ou privada. Segundo o parlamentar, essas a\u00e7\u00f5es devem ser adotadas como forma de preven\u00e7\u00e3o \u00e0s s\u00e9ries de ataques que t\u00eam ocorrido nas institui\u00e7\u00f5es de ensino, em \u00e2mbito nacional.<br>O parlamentar afirmou que iniciativas como ronda escolar, convoca\u00e7\u00e3o de guardas  e melhorias nas c\u00e2meras de seguran\u00e7a devem ser tomadas pelo Poder P\u00fablico, visando a prote\u00e7\u00e3o de crian\u00e7as e adolescentes no ambiente escolar.<br>Em apartes, concedidos aos vereadores Gabriel C\u00e9sar, Marquinhos da Climep, Professor \u00cdtalo, Gustavo Neg\u00f3cio, \u00c9der Queiroz e Vav\u00e1 Azevedo, e \u00e0s parlamentares Rhalessa de Cl\u00eanio e Fativan Alves, entrou em debate pautas envolvendo a supervis\u00e3o dos pais no comportamento dos filhos, o papel dos professores na forma\u00e7\u00e3o do aluno, o acesso prematuro das crian\u00e7as \u00e0 ferramentas digitais e a necessidade de for\u00e7a-tarefa de variados setores p\u00fablicos que evitem situa\u00e7\u00f5es de viol\u00eancia nas escolas..<br><strong>Aprova\u00e7\u00f5es<\/strong><br>Durante a sess\u00e3o, foram aprovadas duas reda\u00e7\u00f5es finais, tr\u00eas projetos de lei em segunda vota\u00e7\u00e3o e um projeto de lei em primeira vota\u00e7\u00e3o.<\/figcaption><\/figure>\n","protected":false},"excerpt":{"rendered":"","protected":false},"author":1,"featured_media":0,"comment_status":"open","ping_status":"open","sticky":false,"template":"","format":"standard","meta":{"site-sidebar-layout":"default","site-content-layout":"","ast-site-content-layout":"default","site-content-style":"default","site-sidebar-style":"default","ast-global-header-display":"","ast-banner-title-visibility":"","ast-main-header-display":"","ast-hfb-above-header-display":"","ast-hfb-below-header-display":"","ast-hfb-mobile-header-display":"","site-post-title":"","ast-breadcrumbs-content":"","ast-featured-img":"","footer-sml-layout":"","ast-disable-related-posts":"","theme-transparent-header-meta":"","adv-header-id-meta":"","stick-header-meta":"","header-above-stick-meta":"","header-main-stick-meta":"","header-below-stick-meta":"","astra-migrate-meta-layouts":"default","ast-page-background-enabled":"default","ast-page-background-meta":{"desktop":{"background-color":"var(--ast-global-color-4)","background-image":"","background-repeat":"repeat","background-position":"center center","background-size":"auto","background-attachment":"scroll","background-type":"","background-media":"","overlay-type":"","overlay-color":"","overlay-opacity":"","overlay-gradient":""},"tablet":{"background-color":"","background-image":"","background-repeat":"repeat","background-position":"center center","background-size":"auto","background-attachment":"scroll","background-type":"","background-media":"","overlay-type":"","overlay-color":"","overlay-opacity":"","overlay-gradient":""},"mobile":{"background-color":"","background-image":"","background-repeat":"repeat","background-position":"center center","background-size":"auto","background-attachment":"scroll","background-type":"","background-media":"","overlay-type":"","overlay-color":"","overlay-opacity":"","overlay-gradient":""}},"ast-content-background-meta":{"desktop":{"background-color":"var(--ast-global-color-5)","background-image":"","background-repeat":"repeat","background-position":"center center","background-size":"auto","background-attachment":"scroll","background-type":"","background-media":"","overlay-type":"","overlay-color":"","overlay-opacity":"","overlay-gradient":""},"tablet":{"background-color":"var(--ast-global-color-5)","background-image":"","background-repeat":"repeat","background-position":"center center","background-size":"auto","background-attachment":"scroll","background-type":"","background-media":"","overlay-type":"","overlay-color":"","overlay-opacity":"","overlay-gradient":""},"mobile":{"background-color":"var(--ast-global-color-5)","background-image":"","background-repeat":"repeat","background-position":"center center","background-size":"auto","background-attachment":"scroll","background-type":"","background-media":"","overlay-type":"","overlay-color":"","overlay-opacity":"","overlay-gradient":""}},"footnotes":""},"categories":[517],"tags":[],"class_list":["post-15761","post","type-post","status-publish","format-standard","hentry","category-aconteceu"],"_links":{"self":[{"href":"https:\/\/noticiasnoface.com.br\/index.php\/wp-json\/wp\/v2\/posts\/15761","targetHints":{"allow":["GET"]}}],"collection":[{"href":"https:\/\/noticiasnoface.com.br\/index.php\/wp-json\/wp\/v2\/posts"}],"about":[{"href":"https:\/\/noticiasnoface.com.br\/index.php\/wp-json\/wp\/v2\/types\/post"}],"author":[{"embeddable":true,"href":"https:\/\/noticiasnoface.com.br\/index.php\/wp-json\/wp\/v2\/users\/1"}],"replies":[{"embeddable":true,"href":"https:\/\/noticiasnoface.com.br\/index.php\/wp-json\/wp\/v2\/comments?post=15761"}],"version-history":[{"count":1,"href":"https:\/\/noticiasnoface.com.br\/index.php\/wp-json\/wp\/v2\/posts\/15761\/revisions"}],"predecessor-version":[{"id":15762,"href":"https:\/\/noticiasnoface.com.br\/index.php\/wp-json\/wp\/v2\/posts\/15761\/revisions\/15762"}],"wp:attachment":[{"href":"https:\/\/noticiasnoface.com.br\/index.php\/wp-json\/wp\/v2\/media?parent=15761"}],"wp:term":[{"taxonomy":"category","embeddable":true,"href":"https:\/\/noticiasnoface.com.br\/index.php\/wp-json\/wp\/v2\/categories?post=15761"},{"taxonomy":"post_tag","embeddable":true,"href":"https:\/\/noticiasnoface.com.br\/index.php\/wp-json\/wp\/v2\/tags?post=15761"}],"curies":[{"name":"wp","href":"https:\/\/api.w.org\/{rel}","templated":true}]}}