{"id":15786,"date":"2023-04-17T21:30:52","date_gmt":"2023-04-18T00:30:52","guid":{"rendered":"https:\/\/noticiasnoface.com.br\/?p=15786"},"modified":"2023-04-17T21:30:52","modified_gmt":"2023-04-18T00:30:52","slug":"comissao-de-justica-aprova-propostas-para-reforcar-seguranca-em-natal","status":"publish","type":"post","link":"https:\/\/noticiasnoface.com.br\/index.php\/2023\/04\/17\/comissao-de-justica-aprova-propostas-para-reforcar-seguranca-em-natal\/","title":{"rendered":"Comiss\u00e3o de Justi\u00e7a aprova propostas para refor\u00e7ar seguran\u00e7a em Natal"},"content":{"rendered":"\n<figure class=\"wp-block-image size-large\"><img data-opt-id=1984169443  fetchpriority=\"high\" decoding=\"async\" width=\"1024\" height=\"699\" src=\"https:\/\/mlbfrsat7ahr.i.optimole.com\/w:1024\/h:699\/q:mauto\/ig:avif\/https:\/\/noticiasnoface.com.br\/wp-content\/uploads\/2023\/04\/img_2422.jpg\" class=\"wp-image-15785\" srcset=\"https:\/\/mlbfrsat7ahr.i.optimole.com\/w:1024\/h:699\/q:mauto\/ig:avif\/https:\/\/noticiasnoface.com.br\/wp-content\/uploads\/2023\/04\/img_2422.jpg 1024w, https:\/\/mlbfrsat7ahr.i.optimole.com\/w:300\/h:205\/q:mauto\/ig:avif\/https:\/\/noticiasnoface.com.br\/wp-content\/uploads\/2023\/04\/img_2422.jpg 300w, https:\/\/mlbfrsat7ahr.i.optimole.com\/w:768\/h:524\/q:mauto\/ig:avif\/https:\/\/noticiasnoface.com.br\/wp-content\/uploads\/2023\/04\/img_2422.jpg 768w, https:\/\/mlbfrsat7ahr.i.optimole.com\/w:1343\/h:917\/q:mauto\/ig:avif\/https:\/\/noticiasnoface.com.br\/wp-content\/uploads\/2023\/04\/img_2422.jpg 1343w\" sizes=\"(max-width: 1000px) 100vw, 1000px\" \/><figcaption class=\"wp-element-caption\"><br>A Comiss\u00e3o de Legisla\u00e7\u00e3o, Justi\u00e7a e Reda\u00e7\u00e3o Final da C\u00e2mara Municipal de Natal aprovou nesta segunda-feira (17), sete projetos de lei. Dentre esses, alguns que tratam de medidas para refor\u00e7ar a seguran\u00e7a, inclusive nas escolas.<br>A vereadora Nina Souza (PDT), presidente da comiss\u00e3o, defendeu que todas as iniciativas no sentido de proteger a popula\u00e7\u00e3o e os estudantes precisam ser apoiadas. &#8220;O implemento tecnol\u00f3gico \u00e9 estrat\u00e9gico. Ter um interligamento de c\u00e2meras conectadas a um CIOSPI, por exemplo, pode acionar a seguran\u00e7a de forma mais r\u00e1pida. Esse mesmo modelo pode ser trazido para as escolas, como o projeto de ado\u00e7\u00e3o de detector de metais&#8221;, disse.<br>Um dos projetos a que ela se referiu foi o PL n\u00b0 611\/2022, de autoria do vereador Kleber Fernandes (PSDB), que cria um Sistema Colaborativo de Seguran\u00e7a e Monitoramento atrav\u00e9s de parcerias com condom\u00ednios, entidades da sociedade civil organizada, estabelecimentos comerciais, ag\u00eancias banc\u00e1rias, pessoas jur\u00eddicas e pessoas f\u00edsicas. &#8220;Conseguir ter um monitoramento mais preciso, levar\u00e1 a uma atua\u00e7\u00e3o preventiva e contribuir\u00e1 para a elucida\u00e7\u00e3o de crimes junto \u00e0s for\u00e7as policias. Colaborar\u00e1 para fortalecer nosso sistema de seguran\u00e7a&#8221;, declarou o autor da mat\u00e9ria.<br>Outra proposta \u00e9 o PL 615\/2022, de autoria do vereador Milklei Leite (PV), que prev\u00ea a instala\u00e7\u00e3o de detectores de metais nas escolas municipais. &#8220;Temos acompanhado com preocupa\u00e7\u00e3o a escalada de atentados nas escolas e temos a compreens\u00e3o de que esse problema precisa ser solucionado com um conjunto de a\u00e7\u00f5es e o projeto traz uma perspectiva de preven\u00e7\u00e3o j\u00e1 comum em v\u00e1rios estabelecimentos, que \u00e9 o uso de detector de metais&#8221;, explicou a vereadora Brisa Bracchi (PT), relatora da mat\u00e9ria.<br>Entre outras propostas, foram aprovados o PL 158\/2023, da vereadora Nina Souza, que cria o programa &#8220;Quero Aprender&#8221;, para capacitar microempreendedores; e o PL 627\/2022, do vereador Rob\u00e9rio Paulino (PSOL), que prev\u00ea a divulga\u00e7\u00e3o nas maternidades do direito ao Teste da Orelhinha.<br>Os vereadores Klaus Ara\u00fajo (Sem Partido), Raniere Barbosa (Avante), Preto Aquino (PSD); e a vereadora Camila Ara\u00fajo (Uni\u00e3o Brasil) tamb\u00e9m participaram da reuni\u00e3o.<br>Texto: Cl\u00e1udio Oliveira<br>Fotos: Francisco de Assis<\/figcaption><\/figure>\n","protected":false},"excerpt":{"rendered":"","protected":false},"author":1,"featured_media":0,"comment_status":"open","ping_status":"open","sticky":false,"template":"","format":"standard","meta":{"site-sidebar-layout":"default","site-content-layout":"","ast-site-content-layout":"default","site-content-style":"default","site-sidebar-style":"default","ast-global-header-display":"","ast-banner-title-visibility":"","ast-main-header-display":"","ast-hfb-above-header-display":"","ast-hfb-below-header-display":"","ast-hfb-mobile-header-display":"","site-post-title":"","ast-breadcrumbs-content":"","ast-featured-img":"","footer-sml-layout":"","ast-disable-related-posts":"","theme-transparent-header-meta":"","adv-header-id-meta":"","stick-header-meta":"","header-above-stick-meta":"","header-main-stick-meta":"","header-below-stick-meta":"","astra-migrate-meta-layouts":"default","ast-page-background-enabled":"default","ast-page-background-meta":{"desktop":{"background-color":"var(--ast-global-color-4)","background-image":"","background-repeat":"repeat","background-position":"center center","background-size":"auto","background-attachment":"scroll","background-type":"","background-media":"","overlay-type":"","overlay-color":"","overlay-opacity":"","overlay-gradient":""},"tablet":{"background-color":"","background-image":"","background-repeat":"repeat","background-position":"center center","background-size":"auto","background-attachment":"scroll","background-type":"","background-media":"","overlay-type":"","overlay-color":"","overlay-opacity":"","overlay-gradient":""},"mobile":{"background-color":"","background-image":"","background-repeat":"repeat","background-position":"center center","background-size":"auto","background-attachment":"scroll","background-type":"","background-media":"","overlay-type":"","overlay-color":"","overlay-opacity":"","overlay-gradient":""}},"ast-content-background-meta":{"desktop":{"background-color":"var(--ast-global-color-5)","background-image":"","background-repeat":"repeat","background-position":"center center","background-size":"auto","background-attachment":"scroll","background-type":"","background-media":"","overlay-type":"","overlay-color":"","overlay-opacity":"","overlay-gradient":""},"tablet":{"background-color":"var(--ast-global-color-5)","background-image":"","background-repeat":"repeat","background-position":"center center","background-size":"auto","background-attachment":"scroll","background-type":"","background-media":"","overlay-type":"","overlay-color":"","overlay-opacity":"","overlay-gradient":""},"mobile":{"background-color":"var(--ast-global-color-5)","background-image":"","background-repeat":"repeat","background-position":"center center","background-size":"auto","background-attachment":"scroll","background-type":"","background-media":"","overlay-type":"","overlay-color":"","overlay-opacity":"","overlay-gradient":""}},"footnotes":""},"categories":[517],"tags":[],"class_list":["post-15786","post","type-post","status-publish","format-standard","hentry","category-aconteceu"],"_links":{"self":[{"href":"https:\/\/noticiasnoface.com.br\/index.php\/wp-json\/wp\/v2\/posts\/15786","targetHints":{"allow":["GET"]}}],"collection":[{"href":"https:\/\/noticiasnoface.com.br\/index.php\/wp-json\/wp\/v2\/posts"}],"about":[{"href":"https:\/\/noticiasnoface.com.br\/index.php\/wp-json\/wp\/v2\/types\/post"}],"author":[{"embeddable":true,"href":"https:\/\/noticiasnoface.com.br\/index.php\/wp-json\/wp\/v2\/users\/1"}],"replies":[{"embeddable":true,"href":"https:\/\/noticiasnoface.com.br\/index.php\/wp-json\/wp\/v2\/comments?post=15786"}],"version-history":[{"count":1,"href":"https:\/\/noticiasnoface.com.br\/index.php\/wp-json\/wp\/v2\/posts\/15786\/revisions"}],"predecessor-version":[{"id":15787,"href":"https:\/\/noticiasnoface.com.br\/index.php\/wp-json\/wp\/v2\/posts\/15786\/revisions\/15787"}],"wp:attachment":[{"href":"https:\/\/noticiasnoface.com.br\/index.php\/wp-json\/wp\/v2\/media?parent=15786"}],"wp:term":[{"taxonomy":"category","embeddable":true,"href":"https:\/\/noticiasnoface.com.br\/index.php\/wp-json\/wp\/v2\/categories?post=15786"},{"taxonomy":"post_tag","embeddable":true,"href":"https:\/\/noticiasnoface.com.br\/index.php\/wp-json\/wp\/v2\/tags?post=15786"}],"curies":[{"name":"wp","href":"https:\/\/api.w.org\/{rel}","templated":true}]}}