{"id":15789,"date":"2023-04-17T21:35:39","date_gmt":"2023-04-18T00:35:39","guid":{"rendered":"https:\/\/noticiasnoface.com.br\/?p=15789"},"modified":"2023-04-17T21:35:39","modified_gmt":"2023-04-18T00:35:39","slug":"camara-de-parnamirim-sera-local-de-vacinacao-neste-sabado","status":"publish","type":"post","link":"https:\/\/noticiasnoface.com.br\/index.php\/2023\/04\/17\/camara-de-parnamirim-sera-local-de-vacinacao-neste-sabado\/","title":{"rendered":"C\u00e2mara de Parnamirim ser\u00e1 local de vacina\u00e7\u00e3o neste s\u00e1bado"},"content":{"rendered":"\n<figure class=\"wp-block-image size-large\"><img data-opt-id=1655154488  fetchpriority=\"high\" decoding=\"async\" width=\"1024\" height=\"538\" src=\"https:\/\/mlbfrsat7ahr.i.optimole.com\/w:1024\/h:538\/q:mauto\/ig:avif\/https:\/\/noticiasnoface.com.br\/wp-content\/uploads\/2023\/04\/img_2425.jpg\" class=\"wp-image-15788\" srcset=\"https:\/\/mlbfrsat7ahr.i.optimole.com\/w:1024\/h:538\/q:mauto\/ig:avif\/https:\/\/noticiasnoface.com.br\/wp-content\/uploads\/2023\/04\/img_2425.jpg 1024w, https:\/\/mlbfrsat7ahr.i.optimole.com\/w:300\/h:158\/q:mauto\/ig:avif\/https:\/\/noticiasnoface.com.br\/wp-content\/uploads\/2023\/04\/img_2425.jpg 300w, https:\/\/mlbfrsat7ahr.i.optimole.com\/w:768\/h:404\/q:mauto\/ig:avif\/https:\/\/noticiasnoface.com.br\/wp-content\/uploads\/2023\/04\/img_2425.jpg 768w, https:\/\/mlbfrsat7ahr.i.optimole.com\/w:1082\/h:569\/q:mauto\/ig:avif\/https:\/\/noticiasnoface.com.br\/wp-content\/uploads\/2023\/04\/img_2425.jpg 1082w\" sizes=\"(max-width: 1000px) 100vw, 1000px\" \/><figcaption class=\"wp-element-caption\">O Dia D de Multivacina\u00e7\u00e3o vai ocorrer, das 8h \u00e0s 17h, e o atendimento \u00e0 popula\u00e7\u00e3o vai ser realizado pela equipe de vacina\u00e7\u00e3o da UBS Cohabinal, na sede da C\u00e2mara de Parnamirim, neste s\u00e1bado (15).<br>O presidente da Casa Legislativa, vereador Wolney Fran\u00e7a, informou que todos os grupos priorit\u00e1rios podem se vacinar. &#8220;Temos alegria em ceder o espa\u00e7o da Casa do Povo para que a popula\u00e7\u00e3o parnamirinense se imunize contra a Covid-19, febre amarela e influenza, estamos de portas abertas&#8221;.<br>Conforme a Prefeitura Municipal, os p\u00fablicos priorit\u00e1rios s\u00e3o os seguintes:<br> <br><strong>Febre Amarela<\/strong><br>&#8211; Toda a popula\u00e7\u00e3o dos 9 meses at\u00e9 os 59 anos, que ainda n\u00e3o tenha tomado nenhuma dose.<br> <br><strong>Influenza<\/strong><br>&#8211; Crian\u00e7as de 6 meses a 6 anos;<br>&#8211; Gestantes de 9 a 59 anos;<br>&#8211; Trabalhadores de sa\u00fade de 18 a 59 anos;<br>&#8211; Pu\u00e9rperas de 9 a 59 anos;<br>&#8211; Idosos a partir de 60 anos;<br>&#8211; Ind\u00edgenas;<br>&#8211; Pessoas com defici\u00eancia permanente de 6 a 59 anos;<br>&#8211; Popula\u00e7\u00e3o privada de liberdade e adolescentes em medidas socioeducativas de 9 a 59 anos;<br>&#8211; Funcion\u00e1rios do sistema prisional de 18 a 59 anos;<br>&#8211; For\u00e7as de Seguran\u00e7a e Salvamento de 18 a 59 anos;<br>&#8211; For\u00e7as Armadas de 18 a 59 anos;<br>&#8211; Professores &#8211; Ensino B\u00e1sico e Superior de 18 a 59 anos;<br>&#8211; Caminhoneiros de 18 a 59 anos;<br>&#8211; Trabalhadores de Transporte Coletivo Rodovi\u00e1rio Passageiros Urbano e de Longo Curso de 8 a 59 anos;<br>&#8211; Trabalhadores Portu\u00e1rios de 19 a 59 anos;<br>&#8211; Pessoas com comorbidades a partir de 6 anos.<br> <br><strong>Covid-19 Bivalente<\/strong><br>&#8211; Pessoas com 60 anos ou mais;<br>&#8211; Pessoas vivendo em institui\u00e7\u00f5es de longa perman\u00eancia e seus trabalhadores;<br>&#8211; Imunossuprimidos (a partir de 12 anos de idade);<br>&#8211; Ind\u00edgenas, ribeirinhos e quilombolas (a partir de 12 anos de idade);<br>&#8211; Gestantes e pu\u00e9rpera;<br>&#8211; Trabalhadores da sa\u00fade;<br>&#8211; Pessoas com defici\u00eancia permanente (a partir de 12 anos de idade);<br>&#8211; Popula\u00e7\u00e3o privada de liberdade e adolescentes em medidas socioeducativas;<br>&#8211; Funcion\u00e1rios do Sistema de Priva\u00e7\u00e3o de Liberdade.<br><small class=\"cmp-noticia-content-credit\">Fonte: Fernando Azev\u00eado &#8211; Ascom\/CMP<\/small> <\/figcaption><\/figure>\n","protected":false},"excerpt":{"rendered":"","protected":false},"author":1,"featured_media":0,"comment_status":"open","ping_status":"open","sticky":false,"template":"","format":"standard","meta":{"site-sidebar-layout":"default","site-content-layout":"","ast-site-content-layout":"default","site-content-style":"default","site-sidebar-style":"default","ast-global-header-display":"","ast-banner-title-visibility":"","ast-main-header-display":"","ast-hfb-above-header-display":"","ast-hfb-below-header-display":"","ast-hfb-mobile-header-display":"","site-post-title":"","ast-breadcrumbs-content":"","ast-featured-img":"","footer-sml-layout":"","ast-disable-related-posts":"","theme-transparent-header-meta":"","adv-header-id-meta":"","stick-header-meta":"","header-above-stick-meta":"","header-main-stick-meta":"","header-below-stick-meta":"","astra-migrate-meta-layouts":"default","ast-page-background-enabled":"default","ast-page-background-meta":{"desktop":{"background-color":"var(--ast-global-color-4)","background-image":"","background-repeat":"repeat","background-position":"center center","background-size":"auto","background-attachment":"scroll","background-type":"","background-media":"","overlay-type":"","overlay-color":"","overlay-opacity":"","overlay-gradient":""},"tablet":{"background-color":"","background-image":"","background-repeat":"repeat","background-position":"center center","background-size":"auto","background-attachment":"scroll","background-type":"","background-media":"","overlay-type":"","overlay-color":"","overlay-opacity":"","overlay-gradient":""},"mobile":{"background-color":"","background-image":"","background-repeat":"repeat","background-position":"center center","background-size":"auto","background-attachment":"scroll","background-type":"","background-media":"","overlay-type":"","overlay-color":"","overlay-opacity":"","overlay-gradient":""}},"ast-content-background-meta":{"desktop":{"background-color":"var(--ast-global-color-5)","background-image":"","background-repeat":"repeat","background-position":"center center","background-size":"auto","background-attachment":"scroll","background-type":"","background-media":"","overlay-type":"","overlay-color":"","overlay-opacity":"","overlay-gradient":""},"tablet":{"background-color":"var(--ast-global-color-5)","background-image":"","background-repeat":"repeat","background-position":"center center","background-size":"auto","background-attachment":"scroll","background-type":"","background-media":"","overlay-type":"","overlay-color":"","overlay-opacity":"","overlay-gradient":""},"mobile":{"background-color":"var(--ast-global-color-5)","background-image":"","background-repeat":"repeat","background-position":"center center","background-size":"auto","background-attachment":"scroll","background-type":"","background-media":"","overlay-type":"","overlay-color":"","overlay-opacity":"","overlay-gradient":""}},"footnotes":""},"categories":[517],"tags":[],"class_list":["post-15789","post","type-post","status-publish","format-standard","hentry","category-aconteceu"],"_links":{"self":[{"href":"https:\/\/noticiasnoface.com.br\/index.php\/wp-json\/wp\/v2\/posts\/15789","targetHints":{"allow":["GET"]}}],"collection":[{"href":"https:\/\/noticiasnoface.com.br\/index.php\/wp-json\/wp\/v2\/posts"}],"about":[{"href":"https:\/\/noticiasnoface.com.br\/index.php\/wp-json\/wp\/v2\/types\/post"}],"author":[{"embeddable":true,"href":"https:\/\/noticiasnoface.com.br\/index.php\/wp-json\/wp\/v2\/users\/1"}],"replies":[{"embeddable":true,"href":"https:\/\/noticiasnoface.com.br\/index.php\/wp-json\/wp\/v2\/comments?post=15789"}],"version-history":[{"count":1,"href":"https:\/\/noticiasnoface.com.br\/index.php\/wp-json\/wp\/v2\/posts\/15789\/revisions"}],"predecessor-version":[{"id":15790,"href":"https:\/\/noticiasnoface.com.br\/index.php\/wp-json\/wp\/v2\/posts\/15789\/revisions\/15790"}],"wp:attachment":[{"href":"https:\/\/noticiasnoface.com.br\/index.php\/wp-json\/wp\/v2\/media?parent=15789"}],"wp:term":[{"taxonomy":"category","embeddable":true,"href":"https:\/\/noticiasnoface.com.br\/index.php\/wp-json\/wp\/v2\/categories?post=15789"},{"taxonomy":"post_tag","embeddable":true,"href":"https:\/\/noticiasnoface.com.br\/index.php\/wp-json\/wp\/v2\/tags?post=15789"}],"curies":[{"name":"wp","href":"https:\/\/api.w.org\/{rel}","templated":true}]}}