{"id":15799,"date":"2023-04-18T10:33:28","date_gmt":"2023-04-18T13:33:28","guid":{"rendered":"https:\/\/noticiasnoface.com.br\/?p=15799"},"modified":"2023-04-18T10:33:29","modified_gmt":"2023-04-18T13:33:29","slug":"apos-falar-bosta-lula-e-convidado-pela-ucrania-para-conhecer-a-realidade-da-guerra","status":"publish","type":"post","link":"https:\/\/noticiasnoface.com.br\/index.php\/2023\/04\/18\/apos-falar-bosta-lula-e-convidado-pela-ucrania-para-conhecer-a-realidade-da-guerra\/","title":{"rendered":"Ap\u00f3s falar bosta Lula \u00e9 convidado pela Ucr\u00e2nia para conhecer a realidade da Guerra"},"content":{"rendered":"\n<figure class=\"wp-block-image size-large\"><img data-opt-id=926848888  fetchpriority=\"high\" decoding=\"async\" width=\"1024\" height=\"751\" src=\"https:\/\/mlbfrsat7ahr.i.optimole.com\/w:1024\/h:751\/q:mauto\/ig:avif\/https:\/\/noticiasnoface.com.br\/wp-content\/uploads\/2023\/04\/img_2454.jpg\" class=\"wp-image-15798\" srcset=\"https:\/\/mlbfrsat7ahr.i.optimole.com\/w:1024\/h:751\/q:mauto\/ig:avif\/https:\/\/noticiasnoface.com.br\/wp-content\/uploads\/2023\/04\/img_2454.jpg 1024w, https:\/\/mlbfrsat7ahr.i.optimole.com\/w:300\/h:220\/q:mauto\/ig:avif\/https:\/\/noticiasnoface.com.br\/wp-content\/uploads\/2023\/04\/img_2454.jpg 300w, https:\/\/mlbfrsat7ahr.i.optimole.com\/w:768\/h:563\/q:mauto\/ig:avif\/https:\/\/noticiasnoface.com.br\/wp-content\/uploads\/2023\/04\/img_2454.jpg 768w, https:\/\/mlbfrsat7ahr.i.optimole.com\/w:1290\/h:946\/q:mauto\/ig:avif\/https:\/\/noticiasnoface.com.br\/wp-content\/uploads\/2023\/04\/img_2454.jpg 1290w\" sizes=\"(max-width: 1000px) 100vw, 1000px\" \/><figcaption class=\"wp-element-caption\">O governo da Ucr\u00e2nia convidou o presidente Luiz In\u00e1cio Lula da Silva (PT) para uma nova visita a Kiev. O porta-voz do Minist\u00e9rio das Rela\u00e7\u00f5es Exteriores da Ucr\u00e2nia, Oleg Nikolenko, usou o Facebook para confirmar o convite na ter\u00e7a-feira, afirmando que se destina a ajudar o l\u00edder brasileiro a obter uma compreens\u00e3o mais profunda \u201cdas reais raz\u00f5es por tr\u00e1s da agress\u00e3o russa e seus efeitos na seguran\u00e7a global. &#8220;<br>Ap\u00f3s os coment\u00e1rios pol\u00eamicos do presidente brasileiro sobre a guerra em curso na Ucr\u00e2nia, um convite foi feito a ele. Durante sua visita \u00e0 China, o PT acusou os Estados Unidos de perpetuar o conflito. Mais tarde, durante uma escala nos Emirados \u00c1rabes Unidos a caminho do Brasil, ele reiterou sua cren\u00e7a de que Kiev compartilhava com Moscou a responsabilidade pelos violentos confrontos. Essas declara\u00e7\u00f5es chamaram muita aten\u00e7\u00e3o e motivaram o convite.<\/figcaption><\/figure>\n","protected":false},"excerpt":{"rendered":"","protected":false},"author":1,"featured_media":0,"comment_status":"open","ping_status":"open","sticky":false,"template":"","format":"standard","meta":{"site-sidebar-layout":"default","site-content-layout":"","ast-site-content-layout":"default","site-content-style":"default","site-sidebar-style":"default","ast-global-header-display":"","ast-banner-title-visibility":"","ast-main-header-display":"","ast-hfb-above-header-display":"","ast-hfb-below-header-display":"","ast-hfb-mobile-header-display":"","site-post-title":"","ast-breadcrumbs-content":"","ast-featured-img":"","footer-sml-layout":"","ast-disable-related-posts":"","theme-transparent-header-meta":"","adv-header-id-meta":"","stick-header-meta":"","header-above-stick-meta":"","header-main-stick-meta":"","header-below-stick-meta":"","astra-migrate-meta-layouts":"default","ast-page-background-enabled":"default","ast-page-background-meta":{"desktop":{"background-color":"var(--ast-global-color-4)","background-image":"","background-repeat":"repeat","background-position":"center center","background-size":"auto","background-attachment":"scroll","background-type":"","background-media":"","overlay-type":"","overlay-color":"","overlay-opacity":"","overlay-gradient":""},"tablet":{"background-color":"","background-image":"","background-repeat":"repeat","background-position":"center center","background-size":"auto","background-attachment":"scroll","background-type":"","background-media":"","overlay-type":"","overlay-color":"","overlay-opacity":"","overlay-gradient":""},"mobile":{"background-color":"","background-image":"","background-repeat":"repeat","background-position":"center center","background-size":"auto","background-attachment":"scroll","background-type":"","background-media":"","overlay-type":"","overlay-color":"","overlay-opacity":"","overlay-gradient":""}},"ast-content-background-meta":{"desktop":{"background-color":"var(--ast-global-color-5)","background-image":"","background-repeat":"repeat","background-position":"center center","background-size":"auto","background-attachment":"scroll","background-type":"","background-media":"","overlay-type":"","overlay-color":"","overlay-opacity":"","overlay-gradient":""},"tablet":{"background-color":"var(--ast-global-color-5)","background-image":"","background-repeat":"repeat","background-position":"center center","background-size":"auto","background-attachment":"scroll","background-type":"","background-media":"","overlay-type":"","overlay-color":"","overlay-opacity":"","overlay-gradient":""},"mobile":{"background-color":"var(--ast-global-color-5)","background-image":"","background-repeat":"repeat","background-position":"center center","background-size":"auto","background-attachment":"scroll","background-type":"","background-media":"","overlay-type":"","overlay-color":"","overlay-opacity":"","overlay-gradient":""}},"footnotes":""},"categories":[517],"tags":[2832,211,215,50,22,199,212],"class_list":["post-15799","post","type-post","status-publish","format-standard","hentry","category-aconteceu","tag-falar-bosta","tag-guerra","tag-lula","tag-noticias-do-face","tag-noticias-no-face","tag-noticiasnoface","tag-ucrania"],"_links":{"self":[{"href":"https:\/\/noticiasnoface.com.br\/index.php\/wp-json\/wp\/v2\/posts\/15799","targetHints":{"allow":["GET"]}}],"collection":[{"href":"https:\/\/noticiasnoface.com.br\/index.php\/wp-json\/wp\/v2\/posts"}],"about":[{"href":"https:\/\/noticiasnoface.com.br\/index.php\/wp-json\/wp\/v2\/types\/post"}],"author":[{"embeddable":true,"href":"https:\/\/noticiasnoface.com.br\/index.php\/wp-json\/wp\/v2\/users\/1"}],"replies":[{"embeddable":true,"href":"https:\/\/noticiasnoface.com.br\/index.php\/wp-json\/wp\/v2\/comments?post=15799"}],"version-history":[{"count":1,"href":"https:\/\/noticiasnoface.com.br\/index.php\/wp-json\/wp\/v2\/posts\/15799\/revisions"}],"predecessor-version":[{"id":15800,"href":"https:\/\/noticiasnoface.com.br\/index.php\/wp-json\/wp\/v2\/posts\/15799\/revisions\/15800"}],"wp:attachment":[{"href":"https:\/\/noticiasnoface.com.br\/index.php\/wp-json\/wp\/v2\/media?parent=15799"}],"wp:term":[{"taxonomy":"category","embeddable":true,"href":"https:\/\/noticiasnoface.com.br\/index.php\/wp-json\/wp\/v2\/categories?post=15799"},{"taxonomy":"post_tag","embeddable":true,"href":"https:\/\/noticiasnoface.com.br\/index.php\/wp-json\/wp\/v2\/tags?post=15799"}],"curies":[{"name":"wp","href":"https:\/\/api.w.org\/{rel}","templated":true}]}}