{"id":15805,"date":"2023-04-18T13:50:55","date_gmt":"2023-04-18T16:50:55","guid":{"rendered":"https:\/\/noticiasnoface.com.br\/?p=15805"},"modified":"2023-04-18T13:50:56","modified_gmt":"2023-04-18T16:50:56","slug":"wolney-franca-faz-acao-em-escola-publica-de-parnamirim-com-doacao-de-livros","status":"publish","type":"post","link":"https:\/\/noticiasnoface.com.br\/index.php\/2023\/04\/18\/wolney-franca-faz-acao-em-escola-publica-de-parnamirim-com-doacao-de-livros\/","title":{"rendered":"Wolney Fran\u00e7a faz a\u00e7\u00e3o em escola p\u00fablica de Parnamirim com doa\u00e7\u00e3o de Livros"},"content":{"rendered":"\n<figure class=\"wp-block-image size-large\"><img data-opt-id=1949063787  fetchpriority=\"high\" decoding=\"async\" width=\"757\" height=\"1024\" src=\"https:\/\/mlbfrsat7ahr.i.optimole.com\/w:757\/h:1024\/q:mauto\/ig:avif\/https:\/\/noticiasnoface.com.br\/wp-content\/uploads\/2023\/04\/photo-output-6.jpg\" class=\"wp-image-15802\" srcset=\"https:\/\/mlbfrsat7ahr.i.optimole.com\/w:757\/h:1024\/q:mauto\/ig:avif\/https:\/\/noticiasnoface.com.br\/wp-content\/uploads\/2023\/04\/photo-output-6.jpg 757w, https:\/\/mlbfrsat7ahr.i.optimole.com\/w:222\/h:300\/q:mauto\/ig:avif\/https:\/\/noticiasnoface.com.br\/wp-content\/uploads\/2023\/04\/photo-output-6.jpg 222w, https:\/\/mlbfrsat7ahr.i.optimole.com\/w:768\/h:1040\/q:mauto\/ig:avif\/https:\/\/noticiasnoface.com.br\/wp-content\/uploads\/2023\/04\/photo-output-6.jpg 768w, https:\/\/mlbfrsat7ahr.i.optimole.com\/w:798\/h:1080\/q:mauto\/ig:avif\/https:\/\/noticiasnoface.com.br\/wp-content\/uploads\/2023\/04\/photo-output-6.jpg 1135w, https:\/\/mlbfrsat7ahr.i.optimole.com\/w:797\/h:1080\/q:mauto\/ig:avif\/https:\/\/noticiasnoface.com.br\/wp-content\/uploads\/2023\/04\/photo-output-6.jpg 1513w\" sizes=\"(max-width: 757px) 100vw, 757px\" \/><figcaption class=\"wp-element-caption\"><em>WOLNEY FRAN\u00c7A FAZ A\u00c7\u00c3O EM ESCOLA P\u00daBLICA DE PARNAMIRIM COM DOA\u00c7\u00c3O DE LIVROS<\/em><br>Para comemorar do Dia Nacional da Livro Infantil celebrado nesta ter\u00e7a-feira (18), o vereador e Presidente da C\u00e2mara Municipal de Parnamirim, Wolney Fran\u00e7a, integrou programa\u00e7\u00e3o alusiva \u00e0 data na Escola Municipal Osmundo Faria, em Passagem de Areia, no munic\u00edpio de Parnamirim.<br>Na oportunidade, Wolney participou de uma roda de conversa com os alunos sobre a import\u00e2ncia da leitura para a forma\u00e7\u00e3o educacional e cidad\u00e3. Atrav\u00e9s de parceria com a Livraria C\u00e2mara Cascudo, o parlamentar doou 50 livros para a biblioteca da Institui\u00e7\u00e3o. Houve tamb\u00e9m o sorteio de ingressos para o pr\u00f3ximo confronto do ABC FC, distribu\u00eddo entre os alunos com melhor desempenho escolar. O momento ainda contou com o apoio do Deputado Estadual Taveira J\u00fanior, Deputado Federal Benes Leoc\u00e1dio e do presidente do ABC\/FC, Bira Marques.<\/figcaption><\/figure>\n\n\n\n<figure class=\"wp-block-image size-large\"><img data-opt-id=144267565  fetchpriority=\"high\" decoding=\"async\" width=\"1024\" height=\"577\" src=\"https:\/\/mlbfrsat7ahr.i.optimole.com\/w:1024\/h:577\/q:mauto\/ig:avif\/https:\/\/noticiasnoface.com.br\/wp-content\/uploads\/2023\/04\/947dcd5e-eab0-43ff-8282-6a74891b786c.jpg\" class=\"wp-image-15803\" srcset=\"https:\/\/mlbfrsat7ahr.i.optimole.com\/w:1024\/h:577\/q:mauto\/ig:avif\/https:\/\/noticiasnoface.com.br\/wp-content\/uploads\/2023\/04\/947dcd5e-eab0-43ff-8282-6a74891b786c.jpg 1024w, https:\/\/mlbfrsat7ahr.i.optimole.com\/w:300\/h:169\/q:mauto\/ig:avif\/https:\/\/noticiasnoface.com.br\/wp-content\/uploads\/2023\/04\/947dcd5e-eab0-43ff-8282-6a74891b786c.jpg 300w, https:\/\/mlbfrsat7ahr.i.optimole.com\/w:768\/h:433\/q:mauto\/ig:avif\/https:\/\/noticiasnoface.com.br\/wp-content\/uploads\/2023\/04\/947dcd5e-eab0-43ff-8282-6a74891b786c.jpg 768w, https:\/\/mlbfrsat7ahr.i.optimole.com\/w:1536\/h:866\/q:mauto\/ig:avif\/https:\/\/noticiasnoface.com.br\/wp-content\/uploads\/2023\/04\/947dcd5e-eab0-43ff-8282-6a74891b786c.jpg 1536w, https:\/\/mlbfrsat7ahr.i.optimole.com\/w:800\/h:450\/q:mauto\/ig:avif\/https:\/\/noticiasnoface.com.br\/wp-content\/uploads\/2023\/04\/947dcd5e-eab0-43ff-8282-6a74891b786c.jpg 800w, https:\/\/mlbfrsat7ahr.i.optimole.com\/w:1600\/h:902\/q:mauto\/ig:avif\/https:\/\/noticiasnoface.com.br\/wp-content\/uploads\/2023\/04\/947dcd5e-eab0-43ff-8282-6a74891b786c.jpg 1600w\" sizes=\"(max-width: 1000px) 100vw, 1000px\" \/><figcaption class=\"wp-element-caption\">Wolney Fran\u00e7a comemora o dia Nacional do livro Infantil <\/figcaption><\/figure>\n\n\n\n<figure class=\"wp-block-image size-large\"><img data-opt-id=1968272098  data-opt-src=\"https:\/\/mlbfrsat7ahr.i.optimole.com\/w:768\/h:1024\/q:mauto\/ig:avif\/https:\/\/noticiasnoface.com.br\/wp-content\/uploads\/2023\/04\/f4024a9b-75d8-40cb-be19-5a78d3e9f29e.jpg\"  decoding=\"async\" width=\"768\" height=\"1024\" src=\"data:image/svg+xml,%3Csvg%20viewBox%3D%220%200%20768%201024%22%20width%3D%22768%22%20height%3D%221024%22%20xmlns%3D%22http%3A%2F%2Fwww.w3.org%2F2000%2Fsvg%22%3E%3Crect%20width%3D%22768%22%20height%3D%221024%22%20fill%3D%22transparent%22%2F%3E%3C%2Fsvg%3E\" class=\"wp-image-15804\" old-srcset=\"https:\/\/mlbfrsat7ahr.i.optimole.com\/w:768\/h:1024\/q:mauto\/ig:avif\/https:\/\/noticiasnoface.com.br\/wp-content\/uploads\/2023\/04\/f4024a9b-75d8-40cb-be19-5a78d3e9f29e.jpg 768w, https:\/\/mlbfrsat7ahr.i.optimole.com\/w:225\/h:300\/q:mauto\/ig:avif\/https:\/\/noticiasnoface.com.br\/wp-content\/uploads\/2023\/04\/f4024a9b-75d8-40cb-be19-5a78d3e9f29e.jpg 225w, https:\/\/mlbfrsat7ahr.i.optimole.com\/w:810\/h:1080\/q:mauto\/ig:avif\/https:\/\/noticiasnoface.com.br\/wp-content\/uploads\/2023\/04\/f4024a9b-75d8-40cb-be19-5a78d3e9f29e.jpg 1152w, https:\/\/mlbfrsat7ahr.i.optimole.com\/w:810\/h:1080\/q:mauto\/ig:avif\/https:\/\/noticiasnoface.com.br\/wp-content\/uploads\/2023\/04\/f4024a9b-75d8-40cb-be19-5a78d3e9f29e.jpg 1200w\" \/><figcaption class=\"wp-element-caption\">Vereador e presidente da c\u00e2mara municipal de Parnamirim Wolney Fran\u00e7a, comemora com alunos da escola Municipal Osmundo Faria o dia nacional do livro infantil.<\/figcaption><\/figure>\n\n\n\n<p><\/p>\n","protected":false},"excerpt":{"rendered":"","protected":false},"author":1,"featured_media":0,"comment_status":"open","ping_status":"open","sticky":false,"template":"","format":"standard","meta":{"site-sidebar-layout":"default","site-content-layout":"","ast-site-content-layout":"default","site-content-style":"default","site-sidebar-style":"default","ast-global-header-display":"","ast-banner-title-visibility":"","ast-main-header-display":"","ast-hfb-above-header-display":"","ast-hfb-below-header-display":"","ast-hfb-mobile-header-display":"","site-post-title":"","ast-breadcrumbs-content":"","ast-featured-img":"","footer-sml-layout":"","ast-disable-related-posts":"","theme-transparent-header-meta":"","adv-header-id-meta":"","stick-header-meta":"","header-above-stick-meta":"","header-main-stick-meta":"","header-below-stick-meta":"","astra-migrate-meta-layouts":"default","ast-page-background-enabled":"default","ast-page-background-meta":{"desktop":{"background-color":"var(--ast-global-color-4)","background-image":"","background-repeat":"repeat","background-position":"center center","background-size":"auto","background-attachment":"scroll","background-type":"","background-media":"","overlay-type":"","overlay-color":"","overlay-opacity":"","overlay-gradient":""},"tablet":{"background-color":"","background-image":"","background-repeat":"repeat","background-position":"center center","background-size":"auto","background-attachment":"scroll","background-type":"","background-media":"","overlay-type":"","overlay-color":"","overlay-opacity":"","overlay-gradient":""},"mobile":{"background-color":"","background-image":"","background-repeat":"repeat","background-position":"center center","background-size":"auto","background-attachment":"scroll","background-type":"","background-media":"","overlay-type":"","overlay-color":"","overlay-opacity":"","overlay-gradient":""}},"ast-content-background-meta":{"desktop":{"background-color":"var(--ast-global-color-5)","background-image":"","background-repeat":"repeat","background-position":"center center","background-size":"auto","background-attachment":"scroll","background-type":"","background-media":"","overlay-type":"","overlay-color":"","overlay-opacity":"","overlay-gradient":""},"tablet":{"background-color":"var(--ast-global-color-5)","background-image":"","background-repeat":"repeat","background-position":"center center","background-size":"auto","background-attachment":"scroll","background-type":"","background-media":"","overlay-type":"","overlay-color":"","overlay-opacity":"","overlay-gradient":""},"mobile":{"background-color":"var(--ast-global-color-5)","background-image":"","background-repeat":"repeat","background-position":"center center","background-size":"auto","background-attachment":"scroll","background-type":"","background-media":"","overlay-type":"","overlay-color":"","overlay-opacity":"","overlay-gradient":""}},"footnotes":""},"categories":[517],"tags":[470,2811,2833,2236,50,199,2810],"class_list":["post-15805","post","type-post","status-publish","format-standard","hentry","category-aconteceu","tag-alunos","tag-camara-municipal-de-parnamirim","tag-dia-nacional-do-livro-infantil","tag-noticas-no-face","tag-noticias-do-face","tag-noticiasnoface","tag-wolney-franca"],"_links":{"self":[{"href":"https:\/\/noticiasnoface.com.br\/index.php\/wp-json\/wp\/v2\/posts\/15805","targetHints":{"allow":["GET"]}}],"collection":[{"href":"https:\/\/noticiasnoface.com.br\/index.php\/wp-json\/wp\/v2\/posts"}],"about":[{"href":"https:\/\/noticiasnoface.com.br\/index.php\/wp-json\/wp\/v2\/types\/post"}],"author":[{"embeddable":true,"href":"https:\/\/noticiasnoface.com.br\/index.php\/wp-json\/wp\/v2\/users\/1"}],"replies":[{"embeddable":true,"href":"https:\/\/noticiasnoface.com.br\/index.php\/wp-json\/wp\/v2\/comments?post=15805"}],"version-history":[{"count":1,"href":"https:\/\/noticiasnoface.com.br\/index.php\/wp-json\/wp\/v2\/posts\/15805\/revisions"}],"predecessor-version":[{"id":15806,"href":"https:\/\/noticiasnoface.com.br\/index.php\/wp-json\/wp\/v2\/posts\/15805\/revisions\/15806"}],"wp:attachment":[{"href":"https:\/\/noticiasnoface.com.br\/index.php\/wp-json\/wp\/v2\/media?parent=15805"}],"wp:term":[{"taxonomy":"category","embeddable":true,"href":"https:\/\/noticiasnoface.com.br\/index.php\/wp-json\/wp\/v2\/categories?post=15805"},{"taxonomy":"post_tag","embeddable":true,"href":"https:\/\/noticiasnoface.com.br\/index.php\/wp-json\/wp\/v2\/tags?post=15805"}],"curies":[{"name":"wp","href":"https:\/\/api.w.org\/{rel}","templated":true}]}}