{"id":15809,"date":"2023-04-18T18:43:48","date_gmt":"2023-04-18T21:43:48","guid":{"rendered":"https:\/\/noticiasnoface.com.br\/?p=15809"},"modified":"2023-04-18T18:43:49","modified_gmt":"2023-04-18T21:43:49","slug":"videofilho-e-preso-apos-ser-flagrado-estuprando-a-mae-de-78-anos","status":"publish","type":"post","link":"https:\/\/noticiasnoface.com.br\/index.php\/2023\/04\/18\/videofilho-e-preso-apos-ser-flagrado-estuprando-a-mae-de-78-anos\/","title":{"rendered":"(V\u00eddeo):Filho \u00e9 preso ap\u00f3s ser flagrado estuprando a m\u00e3e de 78 anos"},"content":{"rendered":"\n<figure class=\"wp-block-image size-large\"><img data-opt-id=241804737  fetchpriority=\"high\" decoding=\"async\" width=\"1024\" height=\"684\" src=\"https:\/\/mlbfrsat7ahr.i.optimole.com\/w:1024\/h:684\/q:mauto\/ig:avif\/https:\/\/noticiasnoface.com.br\/wp-content\/uploads\/2023\/04\/photo-output-1-3.jpg\" class=\"wp-image-15807\" srcset=\"https:\/\/mlbfrsat7ahr.i.optimole.com\/w:1024\/h:684\/q:mauto\/ig:avif\/https:\/\/noticiasnoface.com.br\/wp-content\/uploads\/2023\/04\/photo-output-1-3.jpg 1024w, https:\/\/mlbfrsat7ahr.i.optimole.com\/w:300\/h:200\/q:mauto\/ig:avif\/https:\/\/noticiasnoface.com.br\/wp-content\/uploads\/2023\/04\/photo-output-1-3.jpg 300w, https:\/\/mlbfrsat7ahr.i.optimole.com\/w:768\/h:513\/q:mauto\/ig:avif\/https:\/\/noticiasnoface.com.br\/wp-content\/uploads\/2023\/04\/photo-output-1-3.jpg 768w, https:\/\/mlbfrsat7ahr.i.optimole.com\/w:1536\/h:1025\/q:mauto\/ig:avif\/https:\/\/noticiasnoface.com.br\/wp-content\/uploads\/2023\/04\/photo-output-1-3.jpg 1536w, https:\/\/mlbfrsat7ahr.i.optimole.com\/w:1618\/h:1080\/q:mauto\/ig:avif\/https:\/\/noticiasnoface.com.br\/wp-content\/uploads\/2023\/04\/photo-output-1-3.jpg 2048w\" sizes=\"(max-width: 1000px) 100vw, 1000px\" \/><figcaption class=\"wp-element-caption\">Filho \u00e9 preso ap\u00f3s ser flagrado estuprando a pr\u00f3pria m\u00e3e em hospital<br>V\u00edtima \u00e9 uma idosa de 78 anos, que est\u00e1 acamada, com dem\u00eancia e outros problemas de sa\u00fade. Acusado ainda tentou agredir policiais<br>A <a rel=\"noreferrer noopener\" href=\"https:\/\/www.metropoles.com\/tag\/pcdf\" target=\"_blank\">Pol\u00edcia Civil do Distrito Federal (PCDF)<\/a>prendeu um homem de 36 anos acusado de estuprar a pr\u00f3pria m\u00e3e, uma idosa de 78 anos. A v\u00edtima est\u00e1 internada, com dem\u00eancia e outros problemas de sa\u00fade. A pris\u00e3o ocorreu nesta segunda-feira (17\/4), na casa do acusado, na Asa Norte.<br>A investiga\u00e7\u00e3o come\u00e7ou ap\u00f3s a <a rel=\"noreferrer noopener\" href=\"https:\/\/www.pcdf.df.gov.br\/informacoes\/lista-telefonica\/10\/10-dp-lago-sul\" target=\"_blank\">10\u00aa Delegacia de Pol\u00edcia (Lago Sul)<\/a> receber uma den\u00fancia an\u00f4nima de que o autor do crime estava cometendo os abusos sexuais contra a idosa dentro do hospital. Os agentes coletaram imagens de c\u00e2meras de seguran\u00e7a que comprovaram o crime.<br>A Pol\u00edcia Civil deflagrou, ent\u00e3o, a Opera\u00e7\u00e3o \u00c9dipo, nome em refer\u00eancia ao personagem da mitologia grega que matou o pai e se casou com a pr\u00f3pria m\u00e3e. O criminoso estava em casa e resistiu \u00e0 pris\u00e3o de forma violenta. Al\u00e9m de tentar partir para o confronto f\u00edsico com os agentes, o homem desacatou a equipe e chutou a viatura, danificando a porta.<br>Preso em flagrante pelos crimes de <a rel=\"noreferrer noopener\" href=\"https:\/\/www.metropoles.com\/tag\/estupro-de-vulneravel\" target=\"_blank\">estupro de vulner\u00e1vel<\/a>, dano qualificado, desacato e resist\u00eancia, ele foi encaminhado \u00e0 carceragem e aguarda audi\u00eancia de cust\u00f3dia. \u201cAnte \u00e0 gravidade dos fatos, o delegado que presidiu o flagrante representou pela convers\u00e3o da pris\u00e3o em flagrante do indiciado em pris\u00e3o preventiva\u201d, divulgou a Pol\u00edcia Civil.<\/figcaption><\/figure>\n\n\n\n<figure class=\"wp-block-video\"><video height=\"480\" style=\"aspect-ratio: 958 \/ 480;\" width=\"958\" controls src=\"https:\/\/noticiasnoface.com.br\/wp-content\/uploads\/2023\/04\/video-output-ff3f243d-3c2d-4039-9863-0d5ca2b631ef.mp4\"><\/video><figcaption class=\"wp-element-caption\">Filho \u00e9 preso ap\u00f3s ser flagrado estuprando a m\u00e3e de 78 anos <\/figcaption><\/figure>\n","protected":false},"excerpt":{"rendered":"","protected":false},"author":1,"featured_media":0,"comment_status":"open","ping_status":"open","sticky":false,"template":"","format":"standard","meta":{"site-sidebar-layout":"default","site-content-layout":"","ast-site-content-layout":"default","site-content-style":"default","site-sidebar-style":"default","ast-global-header-display":"","ast-banner-title-visibility":"","ast-main-header-display":"","ast-hfb-above-header-display":"","ast-hfb-below-header-display":"","ast-hfb-mobile-header-display":"","site-post-title":"","ast-breadcrumbs-content":"","ast-featured-img":"","footer-sml-layout":"","ast-disable-related-posts":"","theme-transparent-header-meta":"","adv-header-id-meta":"","stick-header-meta":"","header-above-stick-meta":"","header-main-stick-meta":"","header-below-stick-meta":"","astra-migrate-meta-layouts":"default","ast-page-background-enabled":"default","ast-page-background-meta":{"desktop":{"background-color":"var(--ast-global-color-4)","background-image":"","background-repeat":"repeat","background-position":"center center","background-size":"auto","background-attachment":"scroll","background-type":"","background-media":"","overlay-type":"","overlay-color":"","overlay-opacity":"","overlay-gradient":""},"tablet":{"background-color":"","background-image":"","background-repeat":"repeat","background-position":"center center","background-size":"auto","background-attachment":"scroll","background-type":"","background-media":"","overlay-type":"","overlay-color":"","overlay-opacity":"","overlay-gradient":""},"mobile":{"background-color":"","background-image":"","background-repeat":"repeat","background-position":"center center","background-size":"auto","background-attachment":"scroll","background-type":"","background-media":"","overlay-type":"","overlay-color":"","overlay-opacity":"","overlay-gradient":""}},"ast-content-background-meta":{"desktop":{"background-color":"var(--ast-global-color-5)","background-image":"","background-repeat":"repeat","background-position":"center center","background-size":"auto","background-attachment":"scroll","background-type":"","background-media":"","overlay-type":"","overlay-color":"","overlay-opacity":"","overlay-gradient":""},"tablet":{"background-color":"var(--ast-global-color-5)","background-image":"","background-repeat":"repeat","background-position":"center center","background-size":"auto","background-attachment":"scroll","background-type":"","background-media":"","overlay-type":"","overlay-color":"","overlay-opacity":"","overlay-gradient":""},"mobile":{"background-color":"var(--ast-global-color-5)","background-image":"","background-repeat":"repeat","background-position":"center center","background-size":"auto","background-attachment":"scroll","background-type":"","background-media":"","overlay-type":"","overlay-color":"","overlay-opacity":"","overlay-gradient":""}},"footnotes":""},"categories":[517],"tags":[2834,625,464,2229,2236,199,525],"class_list":["post-15809","post","type-post","status-publish","format-standard","hentry","category-aconteceu","tag-estrupando","tag-filho","tag-mae","tag-noticas-do-face","tag-noticas-no-face","tag-noticiasnoface","tag-preso"],"_links":{"self":[{"href":"https:\/\/noticiasnoface.com.br\/index.php\/wp-json\/wp\/v2\/posts\/15809","targetHints":{"allow":["GET"]}}],"collection":[{"href":"https:\/\/noticiasnoface.com.br\/index.php\/wp-json\/wp\/v2\/posts"}],"about":[{"href":"https:\/\/noticiasnoface.com.br\/index.php\/wp-json\/wp\/v2\/types\/post"}],"author":[{"embeddable":true,"href":"https:\/\/noticiasnoface.com.br\/index.php\/wp-json\/wp\/v2\/users\/1"}],"replies":[{"embeddable":true,"href":"https:\/\/noticiasnoface.com.br\/index.php\/wp-json\/wp\/v2\/comments?post=15809"}],"version-history":[{"count":1,"href":"https:\/\/noticiasnoface.com.br\/index.php\/wp-json\/wp\/v2\/posts\/15809\/revisions"}],"predecessor-version":[{"id":15810,"href":"https:\/\/noticiasnoface.com.br\/index.php\/wp-json\/wp\/v2\/posts\/15809\/revisions\/15810"}],"wp:attachment":[{"href":"https:\/\/noticiasnoface.com.br\/index.php\/wp-json\/wp\/v2\/media?parent=15809"}],"wp:term":[{"taxonomy":"category","embeddable":true,"href":"https:\/\/noticiasnoface.com.br\/index.php\/wp-json\/wp\/v2\/categories?post=15809"},{"taxonomy":"post_tag","embeddable":true,"href":"https:\/\/noticiasnoface.com.br\/index.php\/wp-json\/wp\/v2\/tags?post=15809"}],"curies":[{"name":"wp","href":"https:\/\/api.w.org\/{rel}","templated":true}]}}