{"id":15814,"date":"2023-04-19T04:09:10","date_gmt":"2023-04-19T07:09:10","guid":{"rendered":"https:\/\/noticiasnoface.com.br\/?p=15814"},"modified":"2023-04-19T04:09:11","modified_gmt":"2023-04-19T07:09:11","slug":"prefeito-e-assassinado-a-tiros-no-rn","status":"publish","type":"post","link":"https:\/\/noticiasnoface.com.br\/index.php\/2023\/04\/19\/prefeito-e-assassinado-a-tiros-no-rn\/","title":{"rendered":"Prefeito \u00e9 assassinado a tiros no RN"},"content":{"rendered":"\n<figure class=\"wp-block-image size-large\"><img data-opt-id=170473598  fetchpriority=\"high\" decoding=\"async\" width=\"1024\" height=\"830\" src=\"https:\/\/mlbfrsat7ahr.i.optimole.com\/w:1024\/h:830\/q:mauto\/ig:avif\/https:\/\/noticiasnoface.com.br\/wp-content\/uploads\/2023\/04\/img_2506.jpg\" class=\"wp-image-15813\" srcset=\"https:\/\/mlbfrsat7ahr.i.optimole.com\/w:1024\/h:830\/q:mauto\/ig:avif\/https:\/\/noticiasnoface.com.br\/wp-content\/uploads\/2023\/04\/img_2506.jpg 1024w, https:\/\/mlbfrsat7ahr.i.optimole.com\/w:300\/h:243\/q:mauto\/ig:avif\/https:\/\/noticiasnoface.com.br\/wp-content\/uploads\/2023\/04\/img_2506.jpg 300w, https:\/\/mlbfrsat7ahr.i.optimole.com\/w:768\/h:623\/q:mauto\/ig:avif\/https:\/\/noticiasnoface.com.br\/wp-content\/uploads\/2023\/04\/img_2506.jpg 768w, https:\/\/mlbfrsat7ahr.i.optimole.com\/w:1290\/h:1046\/q:mauto\/ig:avif\/https:\/\/noticiasnoface.com.br\/wp-content\/uploads\/2023\/04\/img_2506.jpg 1290w\" sizes=\"(max-width: 1000px) 100vw, 1000px\" \/><figcaption class=\"wp-element-caption\">Uma trag\u00e9dia acaba de ser registrada no munic\u00edpio de S\u00e3o Jos\u00e9 de Campestre, o Prefeito, Nen\u00e9m Borges foi assassinado no in\u00edcio da madrugada desta quarta-feira (19).<br>Segundo informa\u00e7\u00f5es preliminares, Nen\u00e9m Borges estaria deitado no sof\u00e1 de sua casa, quando homens invadiram a resid\u00eancia e efetuaram disparos que atingiram o Prefeito.<br>Ainda segundo relatos, os assassinos atearam fogo no corpo do prefeito j\u00e1 sem vida. Neste momento, a Pol\u00edcia Militar est\u00e1 realizando o isolamento da \u00e1rea at\u00e9 a chegada da equipe do ITEP.<\/figcaption><\/figure>\n","protected":false},"excerpt":{"rendered":"","protected":false},"author":1,"featured_media":0,"comment_status":"open","ping_status":"open","sticky":false,"template":"","format":"standard","meta":{"site-sidebar-layout":"default","site-content-layout":"","ast-site-content-layout":"default","site-content-style":"default","site-sidebar-style":"default","ast-global-header-display":"","ast-banner-title-visibility":"","ast-main-header-display":"","ast-hfb-above-header-display":"","ast-hfb-below-header-display":"","ast-hfb-mobile-header-display":"","site-post-title":"","ast-breadcrumbs-content":"","ast-featured-img":"","footer-sml-layout":"","ast-disable-related-posts":"","theme-transparent-header-meta":"","adv-header-id-meta":"","stick-header-meta":"","header-above-stick-meta":"","header-main-stick-meta":"","header-below-stick-meta":"","astra-migrate-meta-layouts":"default","ast-page-background-enabled":"default","ast-page-background-meta":{"desktop":{"background-color":"var(--ast-global-color-4)","background-image":"","background-repeat":"repeat","background-position":"center center","background-size":"auto","background-attachment":"scroll","background-type":"","background-media":"","overlay-type":"","overlay-color":"","overlay-opacity":"","overlay-gradient":""},"tablet":{"background-color":"","background-image":"","background-repeat":"repeat","background-position":"center center","background-size":"auto","background-attachment":"scroll","background-type":"","background-media":"","overlay-type":"","overlay-color":"","overlay-opacity":"","overlay-gradient":""},"mobile":{"background-color":"","background-image":"","background-repeat":"repeat","background-position":"center center","background-size":"auto","background-attachment":"scroll","background-type":"","background-media":"","overlay-type":"","overlay-color":"","overlay-opacity":"","overlay-gradient":""}},"ast-content-background-meta":{"desktop":{"background-color":"var(--ast-global-color-5)","background-image":"","background-repeat":"repeat","background-position":"center center","background-size":"auto","background-attachment":"scroll","background-type":"","background-media":"","overlay-type":"","overlay-color":"","overlay-opacity":"","overlay-gradient":""},"tablet":{"background-color":"var(--ast-global-color-5)","background-image":"","background-repeat":"repeat","background-position":"center center","background-size":"auto","background-attachment":"scroll","background-type":"","background-media":"","overlay-type":"","overlay-color":"","overlay-opacity":"","overlay-gradient":""},"mobile":{"background-color":"var(--ast-global-color-5)","background-image":"","background-repeat":"repeat","background-position":"center center","background-size":"auto","background-attachment":"scroll","background-type":"","background-media":"","overlay-type":"","overlay-color":"","overlay-opacity":"","overlay-gradient":""}},"footnotes":""},"categories":[517],"tags":[78,2836,2229,22,199,937,2837],"class_list":["post-15814","post","type-post","status-publish","format-standard","hentry","category-aconteceu","tag-assassinado","tag-nene-borges","tag-noticas-do-face","tag-noticias-no-face","tag-noticiasnoface","tag-prefeito","tag-sao-jose-de-campestre"],"_links":{"self":[{"href":"https:\/\/noticiasnoface.com.br\/index.php\/wp-json\/wp\/v2\/posts\/15814","targetHints":{"allow":["GET"]}}],"collection":[{"href":"https:\/\/noticiasnoface.com.br\/index.php\/wp-json\/wp\/v2\/posts"}],"about":[{"href":"https:\/\/noticiasnoface.com.br\/index.php\/wp-json\/wp\/v2\/types\/post"}],"author":[{"embeddable":true,"href":"https:\/\/noticiasnoface.com.br\/index.php\/wp-json\/wp\/v2\/users\/1"}],"replies":[{"embeddable":true,"href":"https:\/\/noticiasnoface.com.br\/index.php\/wp-json\/wp\/v2\/comments?post=15814"}],"version-history":[{"count":1,"href":"https:\/\/noticiasnoface.com.br\/index.php\/wp-json\/wp\/v2\/posts\/15814\/revisions"}],"predecessor-version":[{"id":15815,"href":"https:\/\/noticiasnoface.com.br\/index.php\/wp-json\/wp\/v2\/posts\/15814\/revisions\/15815"}],"wp:attachment":[{"href":"https:\/\/noticiasnoface.com.br\/index.php\/wp-json\/wp\/v2\/media?parent=15814"}],"wp:term":[{"taxonomy":"category","embeddable":true,"href":"https:\/\/noticiasnoface.com.br\/index.php\/wp-json\/wp\/v2\/categories?post=15814"},{"taxonomy":"post_tag","embeddable":true,"href":"https:\/\/noticiasnoface.com.br\/index.php\/wp-json\/wp\/v2\/tags?post=15814"}],"curies":[{"name":"wp","href":"https:\/\/api.w.org\/{rel}","templated":true}]}}