{"id":15817,"date":"2023-04-19T10:00:49","date_gmt":"2023-04-19T13:00:49","guid":{"rendered":"https:\/\/noticiasnoface.com.br\/?p=15817"},"modified":"2023-04-19T10:00:50","modified_gmt":"2023-04-19T13:00:50","slug":"63-da-populacao-de-extremoz-diz-que-a-palavra-da-prefeita-num-rali-bosta","status":"publish","type":"post","link":"https:\/\/noticiasnoface.com.br\/index.php\/2023\/04\/19\/63-da-populacao-de-extremoz-diz-que-a-palavra-da-prefeita-num-rali-bosta\/","title":{"rendered":"63% da popula\u00e7\u00e3o de Extremoz diz que a palavra da prefeita num r\u00e1li bosta!"},"content":{"rendered":"\n<figure class=\"wp-block-image size-large\"><img data-opt-id=1340110873  fetchpriority=\"high\" decoding=\"async\" width=\"1024\" height=\"758\" src=\"https:\/\/mlbfrsat7ahr.i.optimole.com\/w:1024\/h:758\/q:mauto\/ig:avif\/https:\/\/noticiasnoface.com.br\/wp-content\/uploads\/2023\/04\/photo-output-7.jpg\" class=\"wp-image-15816\" srcset=\"https:\/\/mlbfrsat7ahr.i.optimole.com\/w:1024\/h:758\/q:mauto\/ig:avif\/https:\/\/noticiasnoface.com.br\/wp-content\/uploads\/2023\/04\/photo-output-7.jpg 1024w, https:\/\/mlbfrsat7ahr.i.optimole.com\/w:300\/h:222\/q:mauto\/ig:avif\/https:\/\/noticiasnoface.com.br\/wp-content\/uploads\/2023\/04\/photo-output-7.jpg 300w, https:\/\/mlbfrsat7ahr.i.optimole.com\/w:768\/h:568\/q:mauto\/ig:avif\/https:\/\/noticiasnoface.com.br\/wp-content\/uploads\/2023\/04\/photo-output-7.jpg 768w, https:\/\/mlbfrsat7ahr.i.optimole.com\/w:1460\/h:1080\/q:mauto\/ig:avif\/https:\/\/noticiasnoface.com.br\/wp-content\/uploads\/2023\/04\/photo-output-7.jpg 1536w, https:\/\/mlbfrsat7ahr.i.optimole.com\/w:1459\/h:1080\/q:mauto\/ig:avif\/https:\/\/noticiasnoface.com.br\/wp-content\/uploads\/2023\/04\/photo-output-7.jpg 2048w\" sizes=\"(max-width: 1000px) 100vw, 1000px\" \/><figcaption class=\"wp-element-caption\">O Instituto Datavero realizou pesquisa no munic\u00edpio Extremoz para avalia\u00e7\u00e3o administrativa e eleitoral da prefeita JUSSARA SALES. A pesquisa foi realizada de 13 a 16 de abril com 400 eleitores.<br>Para 27% a gest\u00e3o municipal \u00e9 boa\/regular, j\u00e1 para 42% \u00e9 ruim ou p\u00e9ssima.<br>A pesquisa Datavero realizada com 400 eleitores em Extremoz tamb\u00e9m avaliou a rejei\u00e7\u00e3o a nomes para Prefeitura em 2024.<br>Jussara Sales tem maior rejei\u00e7\u00e3o com 23%, seguida de Enilton Andrade com 10% e Klaus com 8,5%.<br><br><br>64% dos eleitores entrevistados em Extremoz afirmam que a prefeita Jussara n\u00e3o tem cumprido as promessas de campanha e que a palavra dela num r\u00e1li bosta. Para outros 27,3%, as promessas est\u00e3o sendo cumpridas. 8,8% n\u00e3o responderam.<br>A pesquisa DATA VERO\/BG EXTREMOZ  foi realizada nos dias 15 e 16 de abril e ouviu 400 eleitores. A margem de erro \u00e9 de 3% e a confiabilidade \u00e9 de 95%<br><\/figcaption><\/figure>\n\n\n\n<p><\/p>\n","protected":false},"excerpt":{"rendered":"","protected":false},"author":1,"featured_media":0,"comment_status":"open","ping_status":"open","sticky":false,"template":"","format":"standard","meta":{"site-sidebar-layout":"default","site-content-layout":"","ast-site-content-layout":"default","site-content-style":"default","site-sidebar-style":"default","ast-global-header-display":"","ast-banner-title-visibility":"","ast-main-header-display":"","ast-hfb-above-header-display":"","ast-hfb-below-header-display":"","ast-hfb-mobile-header-display":"","site-post-title":"","ast-breadcrumbs-content":"","ast-featured-img":"","footer-sml-layout":"","ast-disable-related-posts":"","theme-transparent-header-meta":"","adv-header-id-meta":"","stick-header-meta":"","header-above-stick-meta":"","header-main-stick-meta":"","header-below-stick-meta":"","astra-migrate-meta-layouts":"default","ast-page-background-enabled":"default","ast-page-background-meta":{"desktop":{"background-color":"var(--ast-global-color-4)","background-image":"","background-repeat":"repeat","background-position":"center center","background-size":"auto","background-attachment":"scroll","background-type":"","background-media":"","overlay-type":"","overlay-color":"","overlay-opacity":"","overlay-gradient":""},"tablet":{"background-color":"","background-image":"","background-repeat":"repeat","background-position":"center center","background-size":"auto","background-attachment":"scroll","background-type":"","background-media":"","overlay-type":"","overlay-color":"","overlay-opacity":"","overlay-gradient":""},"mobile":{"background-color":"","background-image":"","background-repeat":"repeat","background-position":"center center","background-size":"auto","background-attachment":"scroll","background-type":"","background-media":"","overlay-type":"","overlay-color":"","overlay-opacity":"","overlay-gradient":""}},"ast-content-background-meta":{"desktop":{"background-color":"var(--ast-global-color-5)","background-image":"","background-repeat":"repeat","background-position":"center center","background-size":"auto","background-attachment":"scroll","background-type":"","background-media":"","overlay-type":"","overlay-color":"","overlay-opacity":"","overlay-gradient":""},"tablet":{"background-color":"var(--ast-global-color-5)","background-image":"","background-repeat":"repeat","background-position":"center center","background-size":"auto","background-attachment":"scroll","background-type":"","background-media":"","overlay-type":"","overlay-color":"","overlay-opacity":"","overlay-gradient":""},"mobile":{"background-color":"var(--ast-global-color-5)","background-image":"","background-repeat":"repeat","background-position":"center center","background-size":"auto","background-attachment":"scroll","background-type":"","background-media":"","overlay-type":"","overlay-color":"","overlay-opacity":"","overlay-gradient":""}},"footnotes":""},"categories":[517],"tags":[317,2229,22,199,2838,528,2626,2463],"class_list":["post-15817","post","type-post","status-publish","format-standard","hentry","category-aconteceu","tag-eleicoes","tag-noticas-do-face","tag-noticias-no-face","tag-noticiasnoface","tag-num-rali-bosta","tag-pesquisa","tag-prefeita-extremoz","tag-prefeita-jussara"],"_links":{"self":[{"href":"https:\/\/noticiasnoface.com.br\/index.php\/wp-json\/wp\/v2\/posts\/15817","targetHints":{"allow":["GET"]}}],"collection":[{"href":"https:\/\/noticiasnoface.com.br\/index.php\/wp-json\/wp\/v2\/posts"}],"about":[{"href":"https:\/\/noticiasnoface.com.br\/index.php\/wp-json\/wp\/v2\/types\/post"}],"author":[{"embeddable":true,"href":"https:\/\/noticiasnoface.com.br\/index.php\/wp-json\/wp\/v2\/users\/1"}],"replies":[{"embeddable":true,"href":"https:\/\/noticiasnoface.com.br\/index.php\/wp-json\/wp\/v2\/comments?post=15817"}],"version-history":[{"count":1,"href":"https:\/\/noticiasnoface.com.br\/index.php\/wp-json\/wp\/v2\/posts\/15817\/revisions"}],"predecessor-version":[{"id":15818,"href":"https:\/\/noticiasnoface.com.br\/index.php\/wp-json\/wp\/v2\/posts\/15817\/revisions\/15818"}],"wp:attachment":[{"href":"https:\/\/noticiasnoface.com.br\/index.php\/wp-json\/wp\/v2\/media?parent=15817"}],"wp:term":[{"taxonomy":"category","embeddable":true,"href":"https:\/\/noticiasnoface.com.br\/index.php\/wp-json\/wp\/v2\/categories?post=15817"},{"taxonomy":"post_tag","embeddable":true,"href":"https:\/\/noticiasnoface.com.br\/index.php\/wp-json\/wp\/v2\/tags?post=15817"}],"curies":[{"name":"wp","href":"https:\/\/api.w.org\/{rel}","templated":true}]}}