{"id":15826,"date":"2023-04-19T15:09:38","date_gmt":"2023-04-19T18:09:38","guid":{"rendered":"https:\/\/noticiasnoface.com.br\/?p=15826"},"modified":"2023-04-19T15:09:39","modified_gmt":"2023-04-19T18:09:39","slug":"bomba-ministro-de-lula-facilitou-entrada-dos-manifestantes-em-8-de-janeiro","status":"publish","type":"post","link":"https:\/\/noticiasnoface.com.br\/index.php\/2023\/04\/19\/bomba-ministro-de-lula-facilitou-entrada-dos-manifestantes-em-8-de-janeiro\/","title":{"rendered":"BOMBA- Ministro de lula facilitou entrada dos manifestantes em 8 de janeiro"},"content":{"rendered":"\n<figure class=\"wp-block-image size-large\"><img data-opt-id=254177644  fetchpriority=\"high\" decoding=\"async\" width=\"1024\" height=\"573\" src=\"https:\/\/mlbfrsat7ahr.i.optimole.com\/w:1024\/h:573\/q:mauto\/ig:avif\/https:\/\/noticiasnoface.com.br\/wp-content\/uploads\/2023\/04\/img_2561.jpg\" class=\"wp-image-15823\" srcset=\"https:\/\/mlbfrsat7ahr.i.optimole.com\/w:1024\/h:573\/q:mauto\/ig:avif\/https:\/\/noticiasnoface.com.br\/wp-content\/uploads\/2023\/04\/img_2561.jpg 1024w, https:\/\/mlbfrsat7ahr.i.optimole.com\/w:300\/h:168\/q:mauto\/ig:avif\/https:\/\/noticiasnoface.com.br\/wp-content\/uploads\/2023\/04\/img_2561.jpg 300w, https:\/\/mlbfrsat7ahr.i.optimole.com\/w:768\/h:430\/q:mauto\/ig:avif\/https:\/\/noticiasnoface.com.br\/wp-content\/uploads\/2023\/04\/img_2561.jpg 768w, https:\/\/mlbfrsat7ahr.i.optimole.com\/w:1290\/h:722\/q:mauto\/ig:avif\/https:\/\/noticiasnoface.com.br\/wp-content\/uploads\/2023\/04\/img_2561.jpg 1290w\" sizes=\"(max-width: 1000px) 100vw, 1000px\" \/><figcaption class=\"wp-element-caption\">8 de janeiro: Imagens mostram ministro e militares interagindo com invasores dentro do Pal\u00e1cio do Planalto <br><img data-opt-id=2002529705  fetchpriority=\"high\" decoding=\"async\" src=\"https:\/\/98fmnatal.com.br\/wp-content\/uploads\/2023\/04\/Captura-de-tela-2023-04-19-142702.jpg\" alt=\"\" srcset=\"https:\/\/98fmnatal.com.br\/wp-content\/uploads\/2023\/04\/Captura-de-tela-2023-04-19-142702.jpg 893w, https:\/\/98fmnatal.com.br\/wp-content\/uploads\/2023\/04\/Captura-de-tela-2023-04-19-142702-300x169.jpg 300w, https:\/\/98fmnatal.com.br\/wp-content\/uploads\/2023\/04\/Captura-de-tela-2023-04-19-142702-768x433.jpg 768w\" class=\"extendsBeyondTextColumn\"><br>Imagens de c\u00e2meras de seguran\u00e7a do Pal\u00e1cio do Planalto, obtidas pela CNN, mostram o ministro-chefe do GSI (Gabinete de Seguran\u00e7a Institucional da Presid\u00eancia da Rep\u00fablica), general Gon\u00e7alves Dias, orientando bolsonaristas durante os atos golpistas de 8 de janeiro.<br>O que aconteceu:<br><strong>Duas c\u00e2meras registraram imagens do general Gon\u00e7alves Dias por volta das 16 horas<\/strong>, quando bolsonaristas j\u00e1 tinham invadido o Planalto. O GSI \u00e9 o \u00f3rg\u00e3o respons\u00e1vel por tratar de assuntos de seguran\u00e7a e de cunho militar diretamente com a Presid\u00eancia. Gon\u00e7alves Dias substituiu Augusto Heleno na fun\u00e7\u00e3o desde 1\u00ba de janeiro;<br><strong>Na primeira imagem, ele aparece caminhando sozinho no terceiro andar do Planalto<\/strong>. Gon\u00e7alves Dias tenta abrir duas portas e depois entra no gabinete.<br><strong>O ministro n\u00e3o d\u00e1 voz de pris\u00e3o ou ordens para seguran\u00e7as impedirem a a\u00e7\u00e3o dos v\u00e2ndalos<\/strong>, segundo as imagens divulgadas. O <strong>UOL<\/strong> questionou o GSI sobre o fato, mas n\u00e3o teve retorno.<br><strong>Minutos depois, o ministro aparece caminhando pelo mesmo corredor ao lado de bolsonaristas. <\/strong>As imagens sugerem que ele e outros integrantes do GSI indicam a sa\u00edda de emerg\u00eancia ao grupo, diz a CNN.<br><strong>Funcion\u00e1rios do GSI aparecem em v\u00e1rios momentos circulando pelo Pal\u00e1cio do Planalto durante a invas\u00e3o<\/strong>. Em alguns momentos, eles conversam e cumprimentam bolsonaristas.<br>O que diz o GSI<br>O gabinete diz que as condutas de agentes p\u00fablicos do GSI envolvidos est\u00e3o sendo apuradas e que os respectivos autores ser\u00e3o responsabilizados<br>A nota n\u00e3o faz qualquer men\u00e7\u00e3o ao ministro Gon\u00e7alves Dias. O UOL questionou o Planalto se alguma investiga\u00e7\u00e3o contra o ministro est\u00e1 em andamento. O texto ser\u00e1 atualizado em caso de retorno<br>\u201cAs imagens mostram a atua\u00e7\u00e3o dos agentes de seguran\u00e7a que foi, em um primeiro momento, no sentido de evacuar os quarto e terceiro pisos do Pal\u00e1cio do Planalto, concentrando os manifestantes no segundo andar, onde, ap\u00f3s aguardar o refor\u00e7o do pelot\u00e3o de choque da PM\/DF, foi poss\u00edvel realizar a pris\u00e3o dos mesmos\u201d, diz a nota do GSI.<\/figcaption><\/figure>\n\n\n\n<figure class=\"wp-block-video\"><video height=\"640\" style=\"aspect-ratio: 360 \/ 640;\" width=\"360\" controls src=\"https:\/\/noticiasnoface.com.br\/wp-content\/uploads\/2023\/04\/2023-04-19_150222_video.mp4\"><\/video><figcaption class=\"wp-element-caption\">Ministro de lula facilitou entrada de invasores nos atos de 8 de janeiro <\/figcaption><\/figure>\n\n\n\n<figure class=\"wp-block-video\"><video height=\"640\" style=\"aspect-ratio: 360 \/ 640;\" width=\"360\" controls src=\"https:\/\/noticiasnoface.com.br\/wp-content\/uploads\/2023\/04\/2023-04-19_150715_video.mp4\"><\/video><figcaption class=\"wp-element-caption\">Funcion\u00e1rios do ministro lula serviram Agua para os invasores <\/figcaption><\/figure>\n","protected":false},"excerpt":{"rendered":"","protected":false},"author":1,"featured_media":0,"comment_status":"open","ping_status":"open","sticky":false,"template":"","format":"standard","meta":{"site-sidebar-layout":"default","site-content-layout":"","ast-site-content-layout":"default","site-content-style":"default","site-sidebar-style":"default","ast-global-header-display":"","ast-banner-title-visibility":"","ast-main-header-display":"","ast-hfb-above-header-display":"","ast-hfb-below-header-display":"","ast-hfb-mobile-header-display":"","site-post-title":"","ast-breadcrumbs-content":"","ast-featured-img":"","footer-sml-layout":"","ast-disable-related-posts":"","theme-transparent-header-meta":"","adv-header-id-meta":"","stick-header-meta":"","header-above-stick-meta":"","header-main-stick-meta":"","header-below-stick-meta":"","astra-migrate-meta-layouts":"default","ast-page-background-enabled":"default","ast-page-background-meta":{"desktop":{"background-color":"var(--ast-global-color-4)","background-image":"","background-repeat":"repeat","background-position":"center center","background-size":"auto","background-attachment":"scroll","background-type":"","background-media":"","overlay-type":"","overlay-color":"","overlay-opacity":"","overlay-gradient":""},"tablet":{"background-color":"","background-image":"","background-repeat":"repeat","background-position":"center center","background-size":"auto","background-attachment":"scroll","background-type":"","background-media":"","overlay-type":"","overlay-color":"","overlay-opacity":"","overlay-gradient":""},"mobile":{"background-color":"","background-image":"","background-repeat":"repeat","background-position":"center center","background-size":"auto","background-attachment":"scroll","background-type":"","background-media":"","overlay-type":"","overlay-color":"","overlay-opacity":"","overlay-gradient":""}},"ast-content-background-meta":{"desktop":{"background-color":"var(--ast-global-color-5)","background-image":"","background-repeat":"repeat","background-position":"center center","background-size":"auto","background-attachment":"scroll","background-type":"","background-media":"","overlay-type":"","overlay-color":"","overlay-opacity":"","overlay-gradient":""},"tablet":{"background-color":"var(--ast-global-color-5)","background-image":"","background-repeat":"repeat","background-position":"center center","background-size":"auto","background-attachment":"scroll","background-type":"","background-media":"","overlay-type":"","overlay-color":"","overlay-opacity":"","overlay-gradient":""},"mobile":{"background-color":"var(--ast-global-color-5)","background-image":"","background-repeat":"repeat","background-position":"center center","background-size":"auto","background-attachment":"scroll","background-type":"","background-media":"","overlay-type":"","overlay-color":"","overlay-opacity":"","overlay-gradient":""}},"footnotes":""},"categories":[517],"tags":[543,502,215,2229,50,199,2058],"class_list":["post-15826","post","type-post","status-publish","format-standard","hentry","category-aconteceu","tag-bomba","tag-golpe","tag-lula","tag-noticas-do-face","tag-noticias-do-face","tag-noticiasnoface","tag-presidente-lula"],"_links":{"self":[{"href":"https:\/\/noticiasnoface.com.br\/index.php\/wp-json\/wp\/v2\/posts\/15826","targetHints":{"allow":["GET"]}}],"collection":[{"href":"https:\/\/noticiasnoface.com.br\/index.php\/wp-json\/wp\/v2\/posts"}],"about":[{"href":"https:\/\/noticiasnoface.com.br\/index.php\/wp-json\/wp\/v2\/types\/post"}],"author":[{"embeddable":true,"href":"https:\/\/noticiasnoface.com.br\/index.php\/wp-json\/wp\/v2\/users\/1"}],"replies":[{"embeddable":true,"href":"https:\/\/noticiasnoface.com.br\/index.php\/wp-json\/wp\/v2\/comments?post=15826"}],"version-history":[{"count":1,"href":"https:\/\/noticiasnoface.com.br\/index.php\/wp-json\/wp\/v2\/posts\/15826\/revisions"}],"predecessor-version":[{"id":15827,"href":"https:\/\/noticiasnoface.com.br\/index.php\/wp-json\/wp\/v2\/posts\/15826\/revisions\/15827"}],"wp:attachment":[{"href":"https:\/\/noticiasnoface.com.br\/index.php\/wp-json\/wp\/v2\/media?parent=15826"}],"wp:term":[{"taxonomy":"category","embeddable":true,"href":"https:\/\/noticiasnoface.com.br\/index.php\/wp-json\/wp\/v2\/categories?post=15826"},{"taxonomy":"post_tag","embeddable":true,"href":"https:\/\/noticiasnoface.com.br\/index.php\/wp-json\/wp\/v2\/tags?post=15826"}],"curies":[{"name":"wp","href":"https:\/\/api.w.org\/{rel}","templated":true}]}}