{"id":15829,"date":"2023-04-19T17:20:16","date_gmt":"2023-04-19T20:20:16","guid":{"rendered":"https:\/\/noticiasnoface.com.br\/?p=15829"},"modified":"2023-04-19T17:29:59","modified_gmt":"2023-04-19T20:29:59","slug":"urgente-ministro-de-lula-pede-pra-cagar-e-vai-embora","status":"publish","type":"post","link":"https:\/\/noticiasnoface.com.br\/index.php\/2023\/04\/19\/urgente-ministro-de-lula-pede-pra-cagar-e-vai-embora\/","title":{"rendered":"URGENTE- Ministro de Lula pede pra cagar e vai embora"},"content":{"rendered":"\n<figure class=\"wp-block-image size-large\"><img data-opt-id=759611627  fetchpriority=\"high\" decoding=\"async\" width=\"1024\" height=\"755\" src=\"https:\/\/mlbfrsat7ahr.i.optimole.com\/w:1024\/h:755\/q:mauto\/ig:avif\/https:\/\/noticiasnoface.com.br\/wp-content\/uploads\/2023\/04\/photo-output-9.jpg\" alt=\"\" class=\"wp-image-15828\" srcset=\"https:\/\/mlbfrsat7ahr.i.optimole.com\/w:1024\/h:755\/q:mauto\/ig:avif\/https:\/\/noticiasnoface.com.br\/wp-content\/uploads\/2023\/04\/photo-output-9.jpg 1024w, https:\/\/mlbfrsat7ahr.i.optimole.com\/w:300\/h:221\/q:mauto\/ig:avif\/https:\/\/noticiasnoface.com.br\/wp-content\/uploads\/2023\/04\/photo-output-9.jpg 300w, https:\/\/mlbfrsat7ahr.i.optimole.com\/w:768\/h:566\/q:mauto\/ig:avif\/https:\/\/noticiasnoface.com.br\/wp-content\/uploads\/2023\/04\/photo-output-9.jpg 768w, https:\/\/mlbfrsat7ahr.i.optimole.com\/w:1464\/h:1080\/q:mauto\/ig:avif\/https:\/\/noticiasnoface.com.br\/wp-content\/uploads\/2023\/04\/photo-output-9.jpg 1536w, https:\/\/mlbfrsat7ahr.i.optimole.com\/w:1464\/h:1080\/q:mauto\/ig:avif\/https:\/\/noticiasnoface.com.br\/wp-content\/uploads\/2023\/04\/photo-output-9.jpg 2048w\" sizes=\"(max-width: 1000px) 100vw, 1000px\" \/><figcaption class=\"wp-element-caption\">O general Gon\u00e7alves Dias pediu nesta quarta-feira (19) demiss\u00e3o do cargo de ministro-chefe do Gabinete de Seguran\u00e7a Institucional (GSI) da Presid\u00eancia da Rep\u00fablica. O pedido ocorre ap\u00f3s v\u00eddeo Do mostrando o ministro no Pal\u00e1cio do Planalto durante invas\u00f5es golpistas de 8 de janeiro.<br \/>O pedido foi feito ap\u00f3s reuni\u00e3o com Lula e chefes de outras pastas, no Pal\u00e1cio do Planalto.<br \/>A atua\u00e7\u00e3o do GSI durante os atos de 8 de janeiro, em que apoiadores do ex-presidente Jair Bolsonaro (PL) invadiram e depredaram as sedes dos Tr\u00eas Poderes, \u00e9 alvo de cr\u00edticas.<br \/>A presen\u00e7a e a atua\u00e7\u00e3o de Dias no Pal\u00e1cio do Planalto, sede do Executivo, no dia dos atos foi divulgada em v\u00eddeo pela CNN Brasil.<br \/>As imagens mostram Gon\u00e7alves Dias e funcion\u00e1rios do GSI circulando entre os invasores no Pal\u00e1cio do Planalto no dia 8 de janeiro.<br \/>Um dos funcion\u00e1rios do GSI conversa com invasores e os cumprimenta. Outro trecho mostra servidores do \u00f3rg\u00e3o entregando \u00e1gua aos v\u00e2ndalos.<br \/>Em nota, o GSI afirmou que as imagens mostram a \u201catua\u00e7\u00e3o dos agentes de seguran\u00e7a que foi, em um primeiro momento, no sentido de evacuar os quarto e terceiro pisos do Pal\u00e1cio do Planalto\u201d.<br \/>Envolvimento de militares com atos<br \/>O GSI, formado majoritariamente por militares, \u00e9 o \u00f3rg\u00e3o respons\u00e1vel pela seguran\u00e7a das instala\u00e7\u00f5es da Presid\u00eancia da Rep\u00fablica. At\u00e9 o in\u00edcio de 2023, tamb\u00e9m fazia a seguran\u00e7a pessoal do presidente e de seus familiares.<br \/>Mas Lula decidiu ter sua seguran\u00e7a composta por policiais federais, alguns que j\u00e1 o acompanharam durante a campanha presidencial.<br \/>Lula e boa parte do governo tem receio da atua\u00e7\u00e3o de militares no n\u00facleo da administra\u00e7\u00e3o federal. A quantidade de militares que participaram do governo Bolsonaro deixou a impress\u00e3o no governo petista de que parte das For\u00e7as Armadas assumiu uma atua\u00e7\u00e3o ideol\u00f3gica.<br \/>V\u00eddeos gravados durante o dia 8 de janeiro mostram, por exemplo, o ent\u00e3o comandante do Batalh\u00e3o de Guarda Presidencial (BGP) pedindo uma atua\u00e7\u00e3o mais branda da Pol\u00edcia Militar do Distrito Federal com os invasores.<\/figcaption><\/figure>\n","protected":false},"excerpt":{"rendered":"","protected":false},"author":1,"featured_media":0,"comment_status":"open","ping_status":"open","sticky":false,"template":"","format":"standard","meta":{"site-sidebar-layout":"default","site-content-layout":"","ast-site-content-layout":"default","site-content-style":"default","site-sidebar-style":"default","ast-global-header-display":"","ast-banner-title-visibility":"","ast-main-header-display":"","ast-hfb-above-header-display":"","ast-hfb-below-header-display":"","ast-hfb-mobile-header-display":"","site-post-title":"","ast-breadcrumbs-content":"","ast-featured-img":"","footer-sml-layout":"","ast-disable-related-posts":"","theme-transparent-header-meta":"","adv-header-id-meta":"","stick-header-meta":"","header-above-stick-meta":"","header-main-stick-meta":"","header-below-stick-meta":"","astra-migrate-meta-layouts":"default","ast-page-background-enabled":"default","ast-page-background-meta":{"desktop":{"background-color":"var(--ast-global-color-4)","background-image":"","background-repeat":"repeat","background-position":"center center","background-size":"auto","background-attachment":"scroll","background-type":"","background-media":"","overlay-type":"","overlay-color":"","overlay-opacity":"","overlay-gradient":""},"tablet":{"background-color":"","background-image":"","background-repeat":"repeat","background-position":"center center","background-size":"auto","background-attachment":"scroll","background-type":"","background-media":"","overlay-type":"","overlay-color":"","overlay-opacity":"","overlay-gradient":""},"mobile":{"background-color":"","background-image":"","background-repeat":"repeat","background-position":"center center","background-size":"auto","background-attachment":"scroll","background-type":"","background-media":"","overlay-type":"","overlay-color":"","overlay-opacity":"","overlay-gradient":""}},"ast-content-background-meta":{"desktop":{"background-color":"var(--ast-global-color-5)","background-image":"","background-repeat":"repeat","background-position":"center center","background-size":"auto","background-attachment":"scroll","background-type":"","background-media":"","overlay-type":"","overlay-color":"","overlay-opacity":"","overlay-gradient":""},"tablet":{"background-color":"var(--ast-global-color-5)","background-image":"","background-repeat":"repeat","background-position":"center center","background-size":"auto","background-attachment":"scroll","background-type":"","background-media":"","overlay-type":"","overlay-color":"","overlay-opacity":"","overlay-gradient":""},"mobile":{"background-color":"var(--ast-global-color-5)","background-image":"","background-repeat":"repeat","background-position":"center center","background-size":"auto","background-attachment":"scroll","background-type":"","background-media":"","overlay-type":"","overlay-color":"","overlay-opacity":"","overlay-gradient":""}},"footnotes":""},"categories":[517],"tags":[1471,2281,2492,2236,50,199],"class_list":["post-15829","post","type-post","status-publish","format-standard","hentry","category-aconteceu","tag-demitido","tag-governo-lula","tag-ministro-de-lula","tag-noticas-no-face","tag-noticias-do-face","tag-noticiasnoface"],"_links":{"self":[{"href":"https:\/\/noticiasnoface.com.br\/index.php\/wp-json\/wp\/v2\/posts\/15829","targetHints":{"allow":["GET"]}}],"collection":[{"href":"https:\/\/noticiasnoface.com.br\/index.php\/wp-json\/wp\/v2\/posts"}],"about":[{"href":"https:\/\/noticiasnoface.com.br\/index.php\/wp-json\/wp\/v2\/types\/post"}],"author":[{"embeddable":true,"href":"https:\/\/noticiasnoface.com.br\/index.php\/wp-json\/wp\/v2\/users\/1"}],"replies":[{"embeddable":true,"href":"https:\/\/noticiasnoface.com.br\/index.php\/wp-json\/wp\/v2\/comments?post=15829"}],"version-history":[{"count":6,"href":"https:\/\/noticiasnoface.com.br\/index.php\/wp-json\/wp\/v2\/posts\/15829\/revisions"}],"predecessor-version":[{"id":15835,"href":"https:\/\/noticiasnoface.com.br\/index.php\/wp-json\/wp\/v2\/posts\/15829\/revisions\/15835"}],"wp:attachment":[{"href":"https:\/\/noticiasnoface.com.br\/index.php\/wp-json\/wp\/v2\/media?parent=15829"}],"wp:term":[{"taxonomy":"category","embeddable":true,"href":"https:\/\/noticiasnoface.com.br\/index.php\/wp-json\/wp\/v2\/categories?post=15829"},{"taxonomy":"post_tag","embeddable":true,"href":"https:\/\/noticiasnoface.com.br\/index.php\/wp-json\/wp\/v2\/tags?post=15829"}],"curies":[{"name":"wp","href":"https:\/\/api.w.org\/{rel}","templated":true}]}}