{"id":15842,"date":"2023-04-19T22:53:34","date_gmt":"2023-04-20T01:53:34","guid":{"rendered":"https:\/\/noticiasnoface.com.br\/?p=15842"},"modified":"2023-04-19T22:53:34","modified_gmt":"2023-04-20T01:53:34","slug":"frente-parlamentar-em-defesa-da-crianca-debate-o-bullying-e-suas-consequencias","status":"publish","type":"post","link":"https:\/\/noticiasnoface.com.br\/index.php\/2023\/04\/19\/frente-parlamentar-em-defesa-da-crianca-debate-o-bullying-e-suas-consequencias\/","title":{"rendered":"Frente Parlamentar em Defesa da Crian\u00e7a debate o bullying e suas consequ\u00eancias"},"content":{"rendered":"\n<figure class=\"wp-block-image size-large\"><img data-opt-id=870921927  fetchpriority=\"high\" decoding=\"async\" width=\"1024\" height=\"682\" src=\"https:\/\/mlbfrsat7ahr.i.optimole.com\/w:1024\/h:682\/q:mauto\/ig:avif\/https:\/\/noticiasnoface.com.br\/wp-content\/uploads\/2023\/04\/img_2587.jpg\" class=\"wp-image-15841\" srcset=\"https:\/\/mlbfrsat7ahr.i.optimole.com\/w:1024\/h:682\/q:mauto\/ig:avif\/https:\/\/noticiasnoface.com.br\/wp-content\/uploads\/2023\/04\/img_2587.jpg 1024w, https:\/\/mlbfrsat7ahr.i.optimole.com\/w:300\/h:200\/q:mauto\/ig:avif\/https:\/\/noticiasnoface.com.br\/wp-content\/uploads\/2023\/04\/img_2587.jpg 300w, https:\/\/mlbfrsat7ahr.i.optimole.com\/w:768\/h:512\/q:mauto\/ig:avif\/https:\/\/noticiasnoface.com.br\/wp-content\/uploads\/2023\/04\/img_2587.jpg 768w, https:\/\/mlbfrsat7ahr.i.optimole.com\/w:1536\/h:1023\/q:mauto\/ig:avif\/https:\/\/noticiasnoface.com.br\/wp-content\/uploads\/2023\/04\/img_2587.jpg 1536w, https:\/\/mlbfrsat7ahr.i.optimole.com\/w:1600\/h:1066\/q:mauto\/ig:avif\/https:\/\/noticiasnoface.com.br\/wp-content\/uploads\/2023\/04\/img_2587.jpg 1600w\" sizes=\"(max-width: 1000px) 100vw, 1000px\" \/><figcaption class=\"wp-element-caption\"><br>Em mais uma edi\u00e7\u00e3o do Projeto Escola na Frente, a Frente Parlamentar em Defesa dos Direitos da Crian\u00e7a e do Adolescente da C\u00e2mara Municipal de Natal debateu, nesta quarta-feira (19), o bullying e suas consequ\u00eancias na Escola Municipal Professor Amadeu Ara\u00fajo, zona Norte. Diante de cerca de 150 alunos, o tema foi discutido por profissionais da rede de apoio \u00e0 inf\u00e2ncia, como psic\u00f3logos e assistentes sociais. <br>A presidente da Frente Parlamentar, vereadora J\u00falia Arruda (PCdoB), disse que o momento que a sociedade brasileira vive torna urgente o di\u00e1logo com a juventude sobre assuntos que fazem parte do ambiente escolar. &#8220;Precisamos reunir a comunidade escolar, Poder P\u00fablico e toda rede de apoio para enfrentarmos juntos os desafio de construir uma cultura de paz nos estabelecimentos de ensino da nossa cidade&#8221;. <br>De acordo com a diretora pedag\u00f3gica, Luciana Barbosa, a iniciativa do Legislativo natalense aproxima os poderes p\u00fablicos da juventude. &#8220;Trata-se de promover cidadania, senso de coletividade e consci\u00eancia pol\u00edtica. Os alunos passam a interferir nas decis\u00f5es dos seus representantes por meio do debate, sugest\u00f5es, cr\u00edticas e ideias&#8221;, afirmou. &#8220;A constata\u00e7\u00e3o de que a escola, de fundamental import\u00e2ncia na vida das pessoas, tem sido palco de bullying, ressalta a relev\u00e2ncia de combat\u00ea-lo para garantir um cotidiano escolar saud\u00e1vel&#8221;, completou.<br>Sara Ryoko, aluna do 8\u00b0 ano, disse que gostou de participar do debate. &#8220;Foi muito bom porque tivemos a oportunidade de conhecer as experi\u00eancias de estudantes que sofrem com o bullying e aprender com especialistas no assunto. Espero que outras chances como essa aconte\u00e7am em nossa escola&#8221;.<br>Atrav\u00e9s de parcerias com as institui\u00e7\u00f5es que fazem parte da Rede de Prote\u00e7\u00e3o de Crian\u00e7as e Adolescentes, a Frente promove aulas diferentes, com a participa\u00e7\u00e3o de especialistas em Educa\u00e7\u00e3o, com foco em alguma problem\u00e1tica indicada pelo corpo pedag\u00f3gico e que fa\u00e7a parte do contexto da comunidade escolar. O trabalho infantil, a viol\u00eancia sexual, a gravidez precoce, a depress\u00e3o na adolesc\u00eancia, as drogas, os valores e o respeito ao pr\u00f3ximo, por exemplo, j\u00e1 foram temas do projeto.<br><br><strong><em>Texto: Junior Martins<br>Fotos: Elp\u00eddio J\u00fanior<\/em><\/strong><\/figcaption><\/figure>\n","protected":false},"excerpt":{"rendered":"","protected":false},"author":1,"featured_media":0,"comment_status":"open","ping_status":"open","sticky":false,"template":"","format":"standard","meta":{"site-sidebar-layout":"default","site-content-layout":"","ast-site-content-layout":"default","site-content-style":"default","site-sidebar-style":"default","ast-global-header-display":"","ast-banner-title-visibility":"","ast-main-header-display":"","ast-hfb-above-header-display":"","ast-hfb-below-header-display":"","ast-hfb-mobile-header-display":"","site-post-title":"","ast-breadcrumbs-content":"","ast-featured-img":"","footer-sml-layout":"","ast-disable-related-posts":"","theme-transparent-header-meta":"","adv-header-id-meta":"","stick-header-meta":"","header-above-stick-meta":"","header-main-stick-meta":"","header-below-stick-meta":"","astra-migrate-meta-layouts":"default","ast-page-background-enabled":"default","ast-page-background-meta":{"desktop":{"background-color":"var(--ast-global-color-4)","background-image":"","background-repeat":"repeat","background-position":"center center","background-size":"auto","background-attachment":"scroll","background-type":"","background-media":"","overlay-type":"","overlay-color":"","overlay-opacity":"","overlay-gradient":""},"tablet":{"background-color":"","background-image":"","background-repeat":"repeat","background-position":"center center","background-size":"auto","background-attachment":"scroll","background-type":"","background-media":"","overlay-type":"","overlay-color":"","overlay-opacity":"","overlay-gradient":""},"mobile":{"background-color":"","background-image":"","background-repeat":"repeat","background-position":"center center","background-size":"auto","background-attachment":"scroll","background-type":"","background-media":"","overlay-type":"","overlay-color":"","overlay-opacity":"","overlay-gradient":""}},"ast-content-background-meta":{"desktop":{"background-color":"var(--ast-global-color-5)","background-image":"","background-repeat":"repeat","background-position":"center center","background-size":"auto","background-attachment":"scroll","background-type":"","background-media":"","overlay-type":"","overlay-color":"","overlay-opacity":"","overlay-gradient":""},"tablet":{"background-color":"var(--ast-global-color-5)","background-image":"","background-repeat":"repeat","background-position":"center center","background-size":"auto","background-attachment":"scroll","background-type":"","background-media":"","overlay-type":"","overlay-color":"","overlay-opacity":"","overlay-gradient":""},"mobile":{"background-color":"var(--ast-global-color-5)","background-image":"","background-repeat":"repeat","background-position":"center center","background-size":"auto","background-attachment":"scroll","background-type":"","background-media":"","overlay-type":"","overlay-color":"","overlay-opacity":"","overlay-gradient":""}},"footnotes":""},"categories":[517],"tags":[],"class_list":["post-15842","post","type-post","status-publish","format-standard","hentry","category-aconteceu"],"_links":{"self":[{"href":"https:\/\/noticiasnoface.com.br\/index.php\/wp-json\/wp\/v2\/posts\/15842","targetHints":{"allow":["GET"]}}],"collection":[{"href":"https:\/\/noticiasnoface.com.br\/index.php\/wp-json\/wp\/v2\/posts"}],"about":[{"href":"https:\/\/noticiasnoface.com.br\/index.php\/wp-json\/wp\/v2\/types\/post"}],"author":[{"embeddable":true,"href":"https:\/\/noticiasnoface.com.br\/index.php\/wp-json\/wp\/v2\/users\/1"}],"replies":[{"embeddable":true,"href":"https:\/\/noticiasnoface.com.br\/index.php\/wp-json\/wp\/v2\/comments?post=15842"}],"version-history":[{"count":1,"href":"https:\/\/noticiasnoface.com.br\/index.php\/wp-json\/wp\/v2\/posts\/15842\/revisions"}],"predecessor-version":[{"id":15843,"href":"https:\/\/noticiasnoface.com.br\/index.php\/wp-json\/wp\/v2\/posts\/15842\/revisions\/15843"}],"wp:attachment":[{"href":"https:\/\/noticiasnoface.com.br\/index.php\/wp-json\/wp\/v2\/media?parent=15842"}],"wp:term":[{"taxonomy":"category","embeddable":true,"href":"https:\/\/noticiasnoface.com.br\/index.php\/wp-json\/wp\/v2\/categories?post=15842"},{"taxonomy":"post_tag","embeddable":true,"href":"https:\/\/noticiasnoface.com.br\/index.php\/wp-json\/wp\/v2\/tags?post=15842"}],"curies":[{"name":"wp","href":"https:\/\/api.w.org\/{rel}","templated":true}]}}