{"id":15845,"date":"2023-04-20T04:47:07","date_gmt":"2023-04-20T07:47:07","guid":{"rendered":"https:\/\/noticiasnoface.com.br\/?p=15845"},"modified":"2023-04-20T04:49:59","modified_gmt":"2023-04-20T07:49:59","slug":"video-homem-morre-ao-tentar-pular-de-bump-jump-em-sp","status":"publish","type":"post","link":"https:\/\/noticiasnoface.com.br\/index.php\/2023\/04\/20\/video-homem-morre-ao-tentar-pular-de-bump-jump-em-sp\/","title":{"rendered":"(V\u00eddeo): Homem morre ao tentar pular de bump Jump em SP"},"content":{"rendered":"\n<figure class=\"wp-block-image size-large\"><img data-opt-id=1007008830  fetchpriority=\"high\" decoding=\"async\" width=\"1024\" height=\"756\" src=\"https:\/\/mlbfrsat7ahr.i.optimole.com\/w:1024\/h:756\/q:mauto\/ig:avif\/https:\/\/noticiasnoface.com.br\/wp-content\/uploads\/2023\/04\/img_2593.jpg\" alt=\"\" class=\"wp-image-15844\" srcset=\"https:\/\/mlbfrsat7ahr.i.optimole.com\/w:1024\/h:756\/q:mauto\/ig:avif\/https:\/\/noticiasnoface.com.br\/wp-content\/uploads\/2023\/04\/img_2593.jpg 1024w, https:\/\/mlbfrsat7ahr.i.optimole.com\/w:300\/h:221\/q:mauto\/ig:avif\/https:\/\/noticiasnoface.com.br\/wp-content\/uploads\/2023\/04\/img_2593.jpg 300w, https:\/\/mlbfrsat7ahr.i.optimole.com\/w:768\/h:567\/q:mauto\/ig:avif\/https:\/\/noticiasnoface.com.br\/wp-content\/uploads\/2023\/04\/img_2593.jpg 768w, https:\/\/mlbfrsat7ahr.i.optimole.com\/w:1290\/h:952\/q:mauto\/ig:avif\/https:\/\/noticiasnoface.com.br\/wp-content\/uploads\/2023\/04\/img_2593.jpg 1290w\" sizes=\"(max-width: 1000px) 100vw, 1000px\" \/><figcaption class=\"wp-element-caption\">A Pol\u00edcia Civil aguarda o resultado da per\u00edcia nos<br \/>equipamentos de salto para determinar as causas da morte de um homem durante a pr\u00e1tica de bungee jump, no interior de S\u00e3o Paulo. F\u00e1bio Ezequiel, de 36 anos, contratou uma empresa e levou a fam\u00edlia para experimentar a adrenalina do salto. Ele foi o primeiro a encarar o desafio e se lan\u00e7ou de uma ponte de 40 metros; mas, algo deu errado e o rapaz foi de encontro ao solo. F\u00e1bio chegou a ser socorrido pelo SAMU e levado ao Hospital Municipal de Mairinque, mas n\u00e3o resistiu aos ferimentos. O corpo do serralheiro foi enterrado nesta segunda (17), em Valinhos.<\/figcaption><\/figure>\n\n\n\n<figure class=\"wp-block-video\"><video height=\"360\" style=\"aspect-ratio: 640 \/ 360;\" width=\"640\" controls src=\"https:\/\/noticiasnoface.com.br\/wp-content\/uploads\/2023\/04\/2023-04-20_044915_video.mp4\"><\/video><figcaption class=\"wp-element-caption\">Homem morre ao tentar pular de a bump Jump em S\u00e3o Paulo <\/figcaption><\/figure>\n","protected":false},"excerpt":{"rendered":"","protected":false},"author":1,"featured_media":0,"comment_status":"open","ping_status":"open","sticky":false,"template":"","format":"standard","meta":{"site-sidebar-layout":"default","site-content-layout":"","ast-site-content-layout":"default","site-content-style":"default","site-sidebar-style":"default","ast-global-header-display":"","ast-banner-title-visibility":"","ast-main-header-display":"","ast-hfb-above-header-display":"","ast-hfb-below-header-display":"","ast-hfb-mobile-header-display":"","site-post-title":"","ast-breadcrumbs-content":"","ast-featured-img":"","footer-sml-layout":"","ast-disable-related-posts":"","theme-transparent-header-meta":"","adv-header-id-meta":"","stick-header-meta":"","header-above-stick-meta":"","header-main-stick-meta":"","header-below-stick-meta":"","astra-migrate-meta-layouts":"default","ast-page-background-enabled":"default","ast-page-background-meta":{"desktop":{"background-color":"var(--ast-global-color-4)","background-image":"","background-repeat":"repeat","background-position":"center center","background-size":"auto","background-attachment":"scroll","background-type":"","background-media":"","overlay-type":"","overlay-color":"","overlay-opacity":"","overlay-gradient":""},"tablet":{"background-color":"","background-image":"","background-repeat":"repeat","background-position":"center center","background-size":"auto","background-attachment":"scroll","background-type":"","background-media":"","overlay-type":"","overlay-color":"","overlay-opacity":"","overlay-gradient":""},"mobile":{"background-color":"","background-image":"","background-repeat":"repeat","background-position":"center center","background-size":"auto","background-attachment":"scroll","background-type":"","background-media":"","overlay-type":"","overlay-color":"","overlay-opacity":"","overlay-gradient":""}},"ast-content-background-meta":{"desktop":{"background-color":"var(--ast-global-color-5)","background-image":"","background-repeat":"repeat","background-position":"center center","background-size":"auto","background-attachment":"scroll","background-type":"","background-media":"","overlay-type":"","overlay-color":"","overlay-opacity":"","overlay-gradient":""},"tablet":{"background-color":"var(--ast-global-color-5)","background-image":"","background-repeat":"repeat","background-position":"center center","background-size":"auto","background-attachment":"scroll","background-type":"","background-media":"","overlay-type":"","overlay-color":"","overlay-opacity":"","overlay-gradient":""},"mobile":{"background-color":"var(--ast-global-color-5)","background-image":"","background-repeat":"repeat","background-position":"center center","background-size":"auto","background-attachment":"scroll","background-type":"","background-media":"","overlay-type":"","overlay-color":"","overlay-opacity":"","overlay-gradient":""}},"footnotes":""},"categories":[517],"tags":[607,1522,2229,22,199,2840],"class_list":["post-15845","post","type-post","status-publish","format-standard","hentry","category-aconteceu","tag-homem","tag-morre","tag-noticas-do-face","tag-noticias-no-face","tag-noticiasnoface","tag-pular-de-bump-jump"],"_links":{"self":[{"href":"https:\/\/noticiasnoface.com.br\/index.php\/wp-json\/wp\/v2\/posts\/15845","targetHints":{"allow":["GET"]}}],"collection":[{"href":"https:\/\/noticiasnoface.com.br\/index.php\/wp-json\/wp\/v2\/posts"}],"about":[{"href":"https:\/\/noticiasnoface.com.br\/index.php\/wp-json\/wp\/v2\/types\/post"}],"author":[{"embeddable":true,"href":"https:\/\/noticiasnoface.com.br\/index.php\/wp-json\/wp\/v2\/users\/1"}],"replies":[{"embeddable":true,"href":"https:\/\/noticiasnoface.com.br\/index.php\/wp-json\/wp\/v2\/comments?post=15845"}],"version-history":[{"count":2,"href":"https:\/\/noticiasnoface.com.br\/index.php\/wp-json\/wp\/v2\/posts\/15845\/revisions"}],"predecessor-version":[{"id":15848,"href":"https:\/\/noticiasnoface.com.br\/index.php\/wp-json\/wp\/v2\/posts\/15845\/revisions\/15848"}],"wp:attachment":[{"href":"https:\/\/noticiasnoface.com.br\/index.php\/wp-json\/wp\/v2\/media?parent=15845"}],"wp:term":[{"taxonomy":"category","embeddable":true,"href":"https:\/\/noticiasnoface.com.br\/index.php\/wp-json\/wp\/v2\/categories?post=15845"},{"taxonomy":"post_tag","embeddable":true,"href":"https:\/\/noticiasnoface.com.br\/index.php\/wp-json\/wp\/v2\/tags?post=15845"}],"curies":[{"name":"wp","href":"https:\/\/api.w.org\/{rel}","templated":true}]}}