{"id":15850,"date":"2023-04-20T10:28:12","date_gmt":"2023-04-20T13:28:12","guid":{"rendered":"https:\/\/noticiasnoface.com.br\/?p=15850"},"modified":"2023-04-20T10:45:03","modified_gmt":"2023-04-20T13:45:03","slug":"janja-so-entende-de-visita-intima-diz-fonte-do-planalto","status":"publish","type":"post","link":"https:\/\/noticiasnoface.com.br\/index.php\/2023\/04\/20\/janja-so-entende-de-visita-intima-diz-fonte-do-planalto\/","title":{"rendered":"\u201cJanja s\u00f3 entende de visita \u00edntima\u201d diz fonte do planalto"},"content":{"rendered":"\n<figure class=\"wp-block-image size-large\"><img data-opt-id=1774607871  fetchpriority=\"high\" decoding=\"async\" width=\"1024\" height=\"705\" src=\"https:\/\/mlbfrsat7ahr.i.optimole.com\/w:1024\/h:705\/q:mauto\/ig:avif\/https:\/\/noticiasnoface.com.br\/wp-content\/uploads\/2023\/04\/img_2157.jpg\" alt=\"\" class=\"wp-image-15849\" srcset=\"https:\/\/mlbfrsat7ahr.i.optimole.com\/w:1024\/h:705\/q:mauto\/ig:avif\/https:\/\/noticiasnoface.com.br\/wp-content\/uploads\/2023\/04\/img_2157.jpg 1024w, https:\/\/mlbfrsat7ahr.i.optimole.com\/w:300\/h:206\/q:mauto\/ig:avif\/https:\/\/noticiasnoface.com.br\/wp-content\/uploads\/2023\/04\/img_2157.jpg 300w, https:\/\/mlbfrsat7ahr.i.optimole.com\/w:768\/h:528\/q:mauto\/ig:avif\/https:\/\/noticiasnoface.com.br\/wp-content\/uploads\/2023\/04\/img_2157.jpg 768w, https:\/\/mlbfrsat7ahr.i.optimole.com\/w:1109\/h:763\/q:mauto\/ig:avif\/https:\/\/noticiasnoface.com.br\/wp-content\/uploads\/2023\/04\/img_2157.jpg 1109w\" sizes=\"(max-width: 1000px) 100vw, 1000px\" \/><figcaption class=\"wp-element-caption\">A intromiss\u00e3o da primeira-dama Janja da Silva na taxa\u00e7\u00e3o de Shopee, Shein e similares, incomodou ministros do governo, que n\u00e3o gostaram de ver o <a rel=\"noreferrer noopener\" href=\"https:\/\/www.gov.br\/fazenda\/pt-br\" target=\"_blank\">Minist\u00e9rio da Fazenda<\/a> ter que recuar.<br \/>A participa\u00e7\u00e3o de Janja no epis\u00f3dio aconteceu no dia 12 de abril, quando ela, atropelando a comunica\u00e7\u00e3o da Receita Federal e do Minist\u00e9rio Fazenda, respondeu a um perfil no Twitter dizendo que <a rel=\"noreferrer noopener\" href=\"https:\/\/www.metropoles.com\/colunas\/paulo-cappelli\/janja-sobre-taxar-shein-e-shopee-e-para-empresas-nao-para-o-consumidor\" target=\"_blank\">o fim da isen\u00e7\u00e3o seria s\u00f3 das empresas<\/a>. A informa\u00e7\u00e3o estava errada porque qualquer aumento terminaria sendo repassado para os consumidores.<br \/>Ap\u00f3s a manifesta\u00e7\u00e3o de Janja, o Minist\u00e9rio da Fazenda teve que recuar para endossar o que Janja disse, e influenciadores foram convocados pelo governo para tentar debelar a crise nas redes sociais, identificada por assessores de Janja, preocupados com os respingos na imagem da primeira-dama. Fontes ligadas ao planalto que n\u00e3o quis se identificar com medo de repres\u00e1lias, confidenciou que janja \u201cs\u00f3 entende de visita \u00edntima\u201d, deixando claro o inc\u00f4modo deles em rala\u00e7\u00e3o a ex-amante que virou esposa.Por fim, Fernando Haddad <a rel=\"noreferrer noopener\" href=\"https:\/\/www.metropoles.com\/negocios\/governo-recua-e-mantem-isencao-para-transacao-internacional-ate-us-50\" target=\"_blank\">anunciou<\/a> um recuo e disse que, por orienta\u00e7\u00e3o de Lula, n\u00e3o haveria mais a taxa\u00e7\u00e3o. Entre ministros, ficou claro que o presidente foi convencido por Janja. E a Fazenda perdeu a chance de aumentar a receita, tarefa necess\u00e1ria para fazer o <a rel=\"noreferrer noopener\" href=\"https:\/\/www.metropoles.com\/negocios\/entenda-como-funcionara-o-novo-arcabouco-fiscal-proposto-por-haddad\" target=\"_blank\">novo marco fiscal<\/a>dar certo.<\/figcaption><\/figure>\n","protected":false},"excerpt":{"rendered":"","protected":false},"author":1,"featured_media":0,"comment_status":"open","ping_status":"open","sticky":false,"template":"","format":"standard","meta":{"site-sidebar-layout":"default","site-content-layout":"","ast-site-content-layout":"default","site-content-style":"default","site-sidebar-style":"default","ast-global-header-display":"","ast-banner-title-visibility":"","ast-main-header-display":"","ast-hfb-above-header-display":"","ast-hfb-below-header-display":"","ast-hfb-mobile-header-display":"","site-post-title":"","ast-breadcrumbs-content":"","ast-featured-img":"","footer-sml-layout":"","ast-disable-related-posts":"","theme-transparent-header-meta":"","adv-header-id-meta":"","stick-header-meta":"","header-above-stick-meta":"","header-main-stick-meta":"","header-below-stick-meta":"","astra-migrate-meta-layouts":"default","ast-page-background-enabled":"default","ast-page-background-meta":{"desktop":{"background-color":"var(--ast-global-color-4)","background-image":"","background-repeat":"repeat","background-position":"center center","background-size":"auto","background-attachment":"scroll","background-type":"","background-media":"","overlay-type":"","overlay-color":"","overlay-opacity":"","overlay-gradient":""},"tablet":{"background-color":"","background-image":"","background-repeat":"repeat","background-position":"center center","background-size":"auto","background-attachment":"scroll","background-type":"","background-media":"","overlay-type":"","overlay-color":"","overlay-opacity":"","overlay-gradient":""},"mobile":{"background-color":"","background-image":"","background-repeat":"repeat","background-position":"center center","background-size":"auto","background-attachment":"scroll","background-type":"","background-media":"","overlay-type":"","overlay-color":"","overlay-opacity":"","overlay-gradient":""}},"ast-content-background-meta":{"desktop":{"background-color":"var(--ast-global-color-5)","background-image":"","background-repeat":"repeat","background-position":"center center","background-size":"auto","background-attachment":"scroll","background-type":"","background-media":"","overlay-type":"","overlay-color":"","overlay-opacity":"","overlay-gradient":""},"tablet":{"background-color":"var(--ast-global-color-5)","background-image":"","background-repeat":"repeat","background-position":"center center","background-size":"auto","background-attachment":"scroll","background-type":"","background-media":"","overlay-type":"","overlay-color":"","overlay-opacity":"","overlay-gradient":""},"mobile":{"background-color":"var(--ast-global-color-5)","background-image":"","background-repeat":"repeat","background-position":"center center","background-size":"auto","background-attachment":"scroll","background-type":"","background-media":"","overlay-type":"","overlay-color":"","overlay-opacity":"","overlay-gradient":""}},"footnotes":""},"categories":[517],"tags":[2842,903,2229,2236,199,2058,2841],"class_list":["post-15850","post","type-post","status-publish","format-standard","hentry","category-aconteceu","tag-fonte","tag-janja","tag-noticas-do-face","tag-noticas-no-face","tag-noticiasnoface","tag-presidente-lula","tag-visita-intima"],"_links":{"self":[{"href":"https:\/\/noticiasnoface.com.br\/index.php\/wp-json\/wp\/v2\/posts\/15850","targetHints":{"allow":["GET"]}}],"collection":[{"href":"https:\/\/noticiasnoface.com.br\/index.php\/wp-json\/wp\/v2\/posts"}],"about":[{"href":"https:\/\/noticiasnoface.com.br\/index.php\/wp-json\/wp\/v2\/types\/post"}],"author":[{"embeddable":true,"href":"https:\/\/noticiasnoface.com.br\/index.php\/wp-json\/wp\/v2\/users\/1"}],"replies":[{"embeddable":true,"href":"https:\/\/noticiasnoface.com.br\/index.php\/wp-json\/wp\/v2\/comments?post=15850"}],"version-history":[{"count":3,"href":"https:\/\/noticiasnoface.com.br\/index.php\/wp-json\/wp\/v2\/posts\/15850\/revisions"}],"predecessor-version":[{"id":15853,"href":"https:\/\/noticiasnoface.com.br\/index.php\/wp-json\/wp\/v2\/posts\/15850\/revisions\/15853"}],"wp:attachment":[{"href":"https:\/\/noticiasnoface.com.br\/index.php\/wp-json\/wp\/v2\/media?parent=15850"}],"wp:term":[{"taxonomy":"category","embeddable":true,"href":"https:\/\/noticiasnoface.com.br\/index.php\/wp-json\/wp\/v2\/categories?post=15850"},{"taxonomy":"post_tag","embeddable":true,"href":"https:\/\/noticiasnoface.com.br\/index.php\/wp-json\/wp\/v2\/tags?post=15850"}],"curies":[{"name":"wp","href":"https:\/\/api.w.org\/{rel}","templated":true}]}}