{"id":15888,"date":"2023-04-21T22:37:12","date_gmt":"2023-04-22T01:37:12","guid":{"rendered":"https:\/\/noticiasnoface.com.br\/?p=15888"},"modified":"2023-04-21T22:37:18","modified_gmt":"2023-04-22T01:37:18","slug":"camara-homenageia-delegados-agentes-peritos-e-escrivaes-pelo-dia-do-policial","status":"publish","type":"post","link":"https:\/\/noticiasnoface.com.br\/index.php\/2023\/04\/21\/camara-homenageia-delegados-agentes-peritos-e-escrivaes-pelo-dia-do-policial\/","title":{"rendered":"C\u00e2mara homenageia delegados, agentes, peritos e escriv\u00e3es pelo Dia do Policial"},"content":{"rendered":"\n<figure class=\"wp-block-image size-large\"><img data-opt-id=1213523760  fetchpriority=\"high\" decoding=\"async\" width=\"1024\" height=\"731\" src=\"https:\/\/mlbfrsat7ahr.i.optimole.com\/w:1024\/h:731\/q:mauto\/ig:avif\/https:\/\/noticiasnoface.com.br\/wp-content\/uploads\/2023\/04\/img_2691.jpg\" class=\"wp-image-15887\" srcset=\"https:\/\/mlbfrsat7ahr.i.optimole.com\/w:1024\/h:731\/q:mauto\/ig:avif\/https:\/\/noticiasnoface.com.br\/wp-content\/uploads\/2023\/04\/img_2691.jpg 1024w, https:\/\/mlbfrsat7ahr.i.optimole.com\/w:300\/h:214\/q:mauto\/ig:avif\/https:\/\/noticiasnoface.com.br\/wp-content\/uploads\/2023\/04\/img_2691.jpg 300w, https:\/\/mlbfrsat7ahr.i.optimole.com\/w:768\/h:548\/q:mauto\/ig:avif\/https:\/\/noticiasnoface.com.br\/wp-content\/uploads\/2023\/04\/img_2691.jpg 768w, https:\/\/mlbfrsat7ahr.i.optimole.com\/w:1513\/h:1080\/q:mauto\/ig:avif\/https:\/\/noticiasnoface.com.br\/wp-content\/uploads\/2023\/04\/img_2691.jpg 1536w, https:\/\/mlbfrsat7ahr.i.optimole.com\/w:1513\/h:1080\/q:mauto\/ig:avif\/https:\/\/noticiasnoface.com.br\/wp-content\/uploads\/2023\/04\/img_2691.jpg 1600w\" sizes=\"(max-width: 1000px) 100vw, 1000px\" \/><figcaption class=\"wp-element-caption\">Por proposi\u00e7\u00e3o da Frente Parlamentar da Defesa Social e Enfrentamento \u00e0 Viol\u00eancia na Regi\u00e3o Metropolitana de Natal, nessa quinta-feira (20), a C\u00e2mara Municipal de Natal realizou sess\u00e3o solene em alus\u00e3o ao Dia da Pol\u00edcia Civil, celebrado em todo Brasil em 21 de abril.<br>\u201c\u00c9 com muita honra que homenageamos a Pol\u00edcia Civil, membro important\u00edssimo do sistema de Seguran\u00e7a P\u00fablica\u201d, destacou a vereadora Camila Ara\u00fajo (Uni\u00e3o Brasil), presidente da Frente Parlamentar da Defesa Social, destacando a atua\u00e7\u00e3o \u201cimprescind\u00edvel do trabalho investigativo de intelig\u00eancia da PC para solu\u00e7\u00e3o de crimes e devida puni\u00e7\u00e3o, para o, consequente, combate \u00e0 criminalidade\u201d. Antes de iniciar as homenagens, a vereadora pediu um minuto de sil\u00eancio em pesar do falecimento do delegado Ant\u00f4nio Taveira, nessa quinta-feira (20).<br>Junto com a vereadora Camila Ara\u00fajo, o vice-presidente da casa, Hermes C\u00e2mara, entregou diplomas de reconhecimento por servi\u00e7os prestados a delegados, agentes, peritos, escriv\u00e3es, t\u00e9cnicos forenses e gestores de seguran\u00e7a p\u00fablica.<br>\u201cA pol\u00edcia civil representa tudo na minha vida. S\u00e3o 37 anos dedicados \u00e0 sociedade, e sigo firme nesse prop\u00f3sito, no qual quero continuar. Essa homenagem me deixa muito grato, pois \u00e9 um reconhecimento a essa vida de presta\u00e7\u00e3o de servi\u00e7os\u201d, agradeceu o agente Ranulfo Alves de Melo Filho, um dos homenageados na sess\u00e3o solene.<br>Durante a solenidade, o secret\u00e1rio estadual de Seguran\u00e7a P\u00fablica e Defesa Social, Cel PM Francisco Canind\u00e9 de Ara\u00fajo Silva, representou o Governo do Estado. A delegada geral de Pol\u00edcia Civil do RN, DPC Ana Cl\u00e1udia Saraiva Gomes, agradeceu as homenagens da C\u00e2mara Municipal e o reconhecimento, destacando os recentes dias dif\u00edceis pelos quais passaram os homens e mulheres da corpora\u00e7\u00e3o. \u201cComo chefe da Pol\u00edcia Civil quero parabenizar todos os policiais civis e dizer que o Rio Grande do Norte os testemunhou abdicar de folgas e deixar as fam\u00edlias, para mostrar que a criminalidade n\u00e3o vai reinar nesse estado. Muito obrigada a todos voc\u00eas, parab\u00e9ns a todos os policiais civis pelo nosso dia e, mais uma vez reiterar nossa gratid\u00e3o ao Legislativo de Natal por essa linda e justa homenagem \u00e0 nossa institui\u00e7\u00e3o. Muito obrigada de cora\u00e7\u00e3o\u201d, disse.<br>Tamb\u00e9m participaram e foram homenageadas, na sess\u00e3o solene, as presidentes do Sindicato dos Policiais Civis e Servidores da Seguran\u00e7a (Sinpol) e da Associa\u00e7\u00e3o dos Escriv\u00e3es de Pol\u00edcia Civil (Assesp), Edilza Faustino da Silva e Priscila Vieira Pereira, respectivamente.<br>Texto: Ilana Albuquerque<br>Fotos: Ver\u00f4nica Macedo<\/figcaption><\/figure>\n","protected":false},"excerpt":{"rendered":"","protected":false},"author":1,"featured_media":0,"comment_status":"open","ping_status":"open","sticky":false,"template":"","format":"standard","meta":{"site-sidebar-layout":"default","site-content-layout":"","ast-site-content-layout":"default","site-content-style":"default","site-sidebar-style":"default","ast-global-header-display":"","ast-banner-title-visibility":"","ast-main-header-display":"","ast-hfb-above-header-display":"","ast-hfb-below-header-display":"","ast-hfb-mobile-header-display":"","site-post-title":"","ast-breadcrumbs-content":"","ast-featured-img":"","footer-sml-layout":"","ast-disable-related-posts":"","theme-transparent-header-meta":"","adv-header-id-meta":"","stick-header-meta":"","header-above-stick-meta":"","header-main-stick-meta":"","header-below-stick-meta":"","astra-migrate-meta-layouts":"default","ast-page-background-enabled":"default","ast-page-background-meta":{"desktop":{"background-color":"var(--ast-global-color-4)","background-image":"","background-repeat":"repeat","background-position":"center center","background-size":"auto","background-attachment":"scroll","background-type":"","background-media":"","overlay-type":"","overlay-color":"","overlay-opacity":"","overlay-gradient":""},"tablet":{"background-color":"","background-image":"","background-repeat":"repeat","background-position":"center center","background-size":"auto","background-attachment":"scroll","background-type":"","background-media":"","overlay-type":"","overlay-color":"","overlay-opacity":"","overlay-gradient":""},"mobile":{"background-color":"","background-image":"","background-repeat":"repeat","background-position":"center center","background-size":"auto","background-attachment":"scroll","background-type":"","background-media":"","overlay-type":"","overlay-color":"","overlay-opacity":"","overlay-gradient":""}},"ast-content-background-meta":{"desktop":{"background-color":"var(--ast-global-color-5)","background-image":"","background-repeat":"repeat","background-position":"center center","background-size":"auto","background-attachment":"scroll","background-type":"","background-media":"","overlay-type":"","overlay-color":"","overlay-opacity":"","overlay-gradient":""},"tablet":{"background-color":"var(--ast-global-color-5)","background-image":"","background-repeat":"repeat","background-position":"center center","background-size":"auto","background-attachment":"scroll","background-type":"","background-media":"","overlay-type":"","overlay-color":"","overlay-opacity":"","overlay-gradient":""},"mobile":{"background-color":"var(--ast-global-color-5)","background-image":"","background-repeat":"repeat","background-position":"center center","background-size":"auto","background-attachment":"scroll","background-type":"","background-media":"","overlay-type":"","overlay-color":"","overlay-opacity":"","overlay-gradient":""}},"footnotes":""},"categories":[517],"tags":[],"class_list":["post-15888","post","type-post","status-publish","format-standard","hentry","category-aconteceu"],"_links":{"self":[{"href":"https:\/\/noticiasnoface.com.br\/index.php\/wp-json\/wp\/v2\/posts\/15888","targetHints":{"allow":["GET"]}}],"collection":[{"href":"https:\/\/noticiasnoface.com.br\/index.php\/wp-json\/wp\/v2\/posts"}],"about":[{"href":"https:\/\/noticiasnoface.com.br\/index.php\/wp-json\/wp\/v2\/types\/post"}],"author":[{"embeddable":true,"href":"https:\/\/noticiasnoface.com.br\/index.php\/wp-json\/wp\/v2\/users\/1"}],"replies":[{"embeddable":true,"href":"https:\/\/noticiasnoface.com.br\/index.php\/wp-json\/wp\/v2\/comments?post=15888"}],"version-history":[{"count":1,"href":"https:\/\/noticiasnoface.com.br\/index.php\/wp-json\/wp\/v2\/posts\/15888\/revisions"}],"predecessor-version":[{"id":15889,"href":"https:\/\/noticiasnoface.com.br\/index.php\/wp-json\/wp\/v2\/posts\/15888\/revisions\/15889"}],"wp:attachment":[{"href":"https:\/\/noticiasnoface.com.br\/index.php\/wp-json\/wp\/v2\/media?parent=15888"}],"wp:term":[{"taxonomy":"category","embeddable":true,"href":"https:\/\/noticiasnoface.com.br\/index.php\/wp-json\/wp\/v2\/categories?post=15888"},{"taxonomy":"post_tag","embeddable":true,"href":"https:\/\/noticiasnoface.com.br\/index.php\/wp-json\/wp\/v2\/tags?post=15888"}],"curies":[{"name":"wp","href":"https:\/\/api.w.org\/{rel}","templated":true}]}}