{"id":15892,"date":"2023-04-22T08:45:49","date_gmt":"2023-04-22T11:45:49","guid":{"rendered":"https:\/\/noticiasnoface.com.br\/?p=15892"},"modified":"2023-04-22T08:45:50","modified_gmt":"2023-04-22T11:45:50","slug":"homem-vestido-de-mulher-entra-em-banheiro-feminino-e-filma-meninas","status":"publish","type":"post","link":"https:\/\/noticiasnoface.com.br\/index.php\/2023\/04\/22\/homem-vestido-de-mulher-entra-em-banheiro-feminino-e-filma-meninas\/","title":{"rendered":"Homem vestido de mulher entra em banheiro feminino e filma meninas"},"content":{"rendered":"\n<figure class=\"wp-block-image size-large\"><img data-opt-id=1482726723  fetchpriority=\"high\" decoding=\"async\" width=\"1024\" height=\"602\" src=\"https:\/\/mlbfrsat7ahr.i.optimole.com\/w:1024\/h:602\/q:mauto\/ig:avif\/https:\/\/noticiasnoface.com.br\/wp-content\/uploads\/2023\/04\/img_2707.jpg\" class=\"wp-image-15891\" srcset=\"https:\/\/mlbfrsat7ahr.i.optimole.com\/w:1024\/h:602\/q:mauto\/ig:avif\/https:\/\/noticiasnoface.com.br\/wp-content\/uploads\/2023\/04\/img_2707.jpg 1024w, https:\/\/mlbfrsat7ahr.i.optimole.com\/w:300\/h:176\/q:mauto\/ig:avif\/https:\/\/noticiasnoface.com.br\/wp-content\/uploads\/2023\/04\/img_2707.jpg 300w, https:\/\/mlbfrsat7ahr.i.optimole.com\/w:768\/h:451\/q:mauto\/ig:avif\/https:\/\/noticiasnoface.com.br\/wp-content\/uploads\/2023\/04\/img_2707.jpg 768w, https:\/\/mlbfrsat7ahr.i.optimole.com\/w:1290\/h:758\/q:mauto\/ig:avif\/https:\/\/noticiasnoface.com.br\/wp-content\/uploads\/2023\/04\/img_2707.jpg 1290w\" sizes=\"(max-width: 1000px) 100vw, 1000px\" \/><figcaption class=\"wp-element-caption\">Um homem de 42 anos de idade, identificado como <strong><a rel=\"noreferrer noopener\" href=\"https:\/\/www.instagram.com\/p\/CrR1h0zAnE5\/\" target=\"_blank\">Walter C\u00e9sar Solis Calero<\/a><\/strong>, foi detido pela Pol\u00edcia Nacional do Peru ao ser flagrado no banheiro feminino de uma <strong><a rel=\"noreferrer noopener\" href=\"https:\/\/revistaoeste.com\/tag\/escola\" target=\"_blank\">escola<\/a><\/strong>. A pris\u00e3o ocorreu na quinta-feira 20, na cidade de Huancayo.<br>Calero, que se identifica como mulher, se disfar\u00e7ou de aluna e se escondeu no banheiro feminino do Col\u00e9gio Rosa da Am\u00e9rica. O objetivo era gravar imagens das meninas. No momento do flagra, o homem usava tran\u00e7as e um su\u00e9ter da escola.<br>O vice-diretor do col\u00e9gio abordou Calero e chamou a pol\u00edcia, que agiu imediatamente. Na delegacia, os pais tentaram agredir o homem.<br>O comandante Erick Acosta, da Delegacia de Huancayo, disse \u00e0 imprensa local que Calero ser\u00e1 denunciado por crimes de viola\u00e7\u00e3o da privacidade pessoal, ass\u00e9dio sexual e atentado ao pudor, entre outros.<br>Os pais manifestaram preocupa\u00e7\u00e3o com o caso e relataram que t\u00eam medo de enviar as filhas para o col\u00e9gio. \u201cTemos medo de que ele volte para a escola\u201d, admitiu uma das m\u00e3es. \u201cA pol\u00edcia prendeu um pai de fam\u00edlia por agress\u00e3o. Isso n\u00e3o \u00e9 justo. Queremos sua liberdade.\u201d<br>O Minist\u00e9rio P\u00fablico acompanha o caso. At\u00e9 o momento, Calero foi acusado de crime contra liberdade sexual (toques e atos de conota\u00e7\u00e3o sexual) e lascivia contra menores. <br><strong>Al\u00e9m do banheiro feminino<\/strong> em escola<br><img data-opt-id=1380847470  fetchpriority=\"high\" decoding=\"async\" src=\"https:\/\/medias.revistaoeste.com\/prod-final\/wp-content\/uploads\/2023\/04\/20150317\/desierre.jpg\" alt=\"\">Desiree Anderson, 32 anos, tamb\u00e9m conhecida como Cody D\u2019Entremont | Foto: Reprodu\u00e7\u00e3o\/Pol\u00edcia de Windsor<br>Um homem biol\u00f3gico, que se autoidentifica como uma \u201c<strong><a rel=\"noreferrer noopener\" href=\"https:\/\/revistaoeste.com\/tag\/trans\" target=\"_blank\">mulher trans<\/a><\/strong>\u201d, \u00e9 acusado de ter estuprado uma mulher em um abrigo feminino em Windsor, na Prov\u00edncia de Ont\u00e1rio, no Canad\u00e1.<br>De acordo com a rede norte-americana Fox News e o jornal canadense <em>Windsor Star<\/em>, a \u201cmulher trans\u201d foi identificada como Desiree Anderson, 32 anos, que tamb\u00e9m \u00e9 conhecida como Cody D\u2019Entremont. Desiree foi presa na ter\u00e7a-feira 18. Ela se entregou, depois de ter a fotografia divulgada pela pol\u00edcia local.<br>O abrigo onde o crime investigado ocorreu acolhe mulheres pobres ou v\u00edtimas de viol\u00eancia. Nesse caso, a v\u00edtima relatou a agress\u00e3o em 4 de abril. Ela disse que foi agredida pela \u201cmulher trans\u201d enquanto estava em sua cama.<\/figcaption><\/figure>\n","protected":false},"excerpt":{"rendered":"","protected":false},"author":1,"featured_media":0,"comment_status":"open","ping_status":"open","sticky":false,"template":"","format":"standard","meta":{"site-sidebar-layout":"default","site-content-layout":"","ast-site-content-layout":"default","site-content-style":"default","site-sidebar-style":"default","ast-global-header-display":"","ast-banner-title-visibility":"","ast-main-header-display":"","ast-hfb-above-header-display":"","ast-hfb-below-header-display":"","ast-hfb-mobile-header-display":"","site-post-title":"","ast-breadcrumbs-content":"","ast-featured-img":"","footer-sml-layout":"","ast-disable-related-posts":"","theme-transparent-header-meta":"","adv-header-id-meta":"","stick-header-meta":"","header-above-stick-meta":"","header-main-stick-meta":"","header-below-stick-meta":"","astra-migrate-meta-layouts":"default","ast-page-background-enabled":"default","ast-page-background-meta":{"desktop":{"background-color":"var(--ast-global-color-4)","background-image":"","background-repeat":"repeat","background-position":"center center","background-size":"auto","background-attachment":"scroll","background-type":"","background-media":"","overlay-type":"","overlay-color":"","overlay-opacity":"","overlay-gradient":""},"tablet":{"background-color":"","background-image":"","background-repeat":"repeat","background-position":"center center","background-size":"auto","background-attachment":"scroll","background-type":"","background-media":"","overlay-type":"","overlay-color":"","overlay-opacity":"","overlay-gradient":""},"mobile":{"background-color":"","background-image":"","background-repeat":"repeat","background-position":"center center","background-size":"auto","background-attachment":"scroll","background-type":"","background-media":"","overlay-type":"","overlay-color":"","overlay-opacity":"","overlay-gradient":""}},"ast-content-background-meta":{"desktop":{"background-color":"var(--ast-global-color-5)","background-image":"","background-repeat":"repeat","background-position":"center center","background-size":"auto","background-attachment":"scroll","background-type":"","background-media":"","overlay-type":"","overlay-color":"","overlay-opacity":"","overlay-gradient":""},"tablet":{"background-color":"var(--ast-global-color-5)","background-image":"","background-repeat":"repeat","background-position":"center center","background-size":"auto","background-attachment":"scroll","background-type":"","background-media":"","overlay-type":"","overlay-color":"","overlay-opacity":"","overlay-gradient":""},"mobile":{"background-color":"var(--ast-global-color-5)","background-image":"","background-repeat":"repeat","background-position":"center center","background-size":"auto","background-attachment":"scroll","background-type":"","background-media":"","overlay-type":"","overlay-color":"","overlay-opacity":"","overlay-gradient":""}},"footnotes":""},"categories":[517],"tags":[572,607,766,722,2229,22,199,66],"class_list":["post-15892","post","type-post","status-publish","format-standard","hentry","category-aconteceu","tag-banheiro","tag-homem","tag-menina","tag-mulher","tag-noticas-do-face","tag-noticias-no-face","tag-noticiasnoface","tag-trans"],"_links":{"self":[{"href":"https:\/\/noticiasnoface.com.br\/index.php\/wp-json\/wp\/v2\/posts\/15892","targetHints":{"allow":["GET"]}}],"collection":[{"href":"https:\/\/noticiasnoface.com.br\/index.php\/wp-json\/wp\/v2\/posts"}],"about":[{"href":"https:\/\/noticiasnoface.com.br\/index.php\/wp-json\/wp\/v2\/types\/post"}],"author":[{"embeddable":true,"href":"https:\/\/noticiasnoface.com.br\/index.php\/wp-json\/wp\/v2\/users\/1"}],"replies":[{"embeddable":true,"href":"https:\/\/noticiasnoface.com.br\/index.php\/wp-json\/wp\/v2\/comments?post=15892"}],"version-history":[{"count":1,"href":"https:\/\/noticiasnoface.com.br\/index.php\/wp-json\/wp\/v2\/posts\/15892\/revisions"}],"predecessor-version":[{"id":15893,"href":"https:\/\/noticiasnoface.com.br\/index.php\/wp-json\/wp\/v2\/posts\/15892\/revisions\/15893"}],"wp:attachment":[{"href":"https:\/\/noticiasnoface.com.br\/index.php\/wp-json\/wp\/v2\/media?parent=15892"}],"wp:term":[{"taxonomy":"category","embeddable":true,"href":"https:\/\/noticiasnoface.com.br\/index.php\/wp-json\/wp\/v2\/categories?post=15892"},{"taxonomy":"post_tag","embeddable":true,"href":"https:\/\/noticiasnoface.com.br\/index.php\/wp-json\/wp\/v2\/tags?post=15892"}],"curies":[{"name":"wp","href":"https:\/\/api.w.org\/{rel}","templated":true}]}}