{"id":15895,"date":"2023-04-22T16:10:41","date_gmt":"2023-04-22T19:10:41","guid":{"rendered":"https:\/\/noticiasnoface.com.br\/?p=15895"},"modified":"2023-04-22T16:12:15","modified_gmt":"2023-04-22T19:12:15","slug":"lula-se-faz-de-doido-para-nao-responder-jornalista-em-portugal","status":"publish","type":"post","link":"https:\/\/noticiasnoface.com.br\/index.php\/2023\/04\/22\/lula-se-faz-de-doido-para-nao-responder-jornalista-em-portugal\/","title":{"rendered":"(V\u00eddeo):Lula \u201cse faz de doido\u201d para n\u00e3o responder jornalista em Portugal"},"content":{"rendered":"\n<figure class=\"wp-block-image size-large\"><img data-opt-id=1768573784  fetchpriority=\"high\" decoding=\"async\" width=\"1024\" height=\"552\" src=\"https:\/\/mlbfrsat7ahr.i.optimole.com\/w:1024\/h:552\/q:mauto\/ig:avif\/https:\/\/noticiasnoface.com.br\/wp-content\/uploads\/2023\/04\/img_2722.jpg\" alt=\"\" class=\"wp-image-15894\" srcset=\"https:\/\/mlbfrsat7ahr.i.optimole.com\/w:1024\/h:552\/q:mauto\/ig:avif\/https:\/\/noticiasnoface.com.br\/wp-content\/uploads\/2023\/04\/img_2722.jpg 1024w, https:\/\/mlbfrsat7ahr.i.optimole.com\/w:300\/h:162\/q:mauto\/ig:avif\/https:\/\/noticiasnoface.com.br\/wp-content\/uploads\/2023\/04\/img_2722.jpg 300w, https:\/\/mlbfrsat7ahr.i.optimole.com\/w:768\/h:414\/q:mauto\/ig:avif\/https:\/\/noticiasnoface.com.br\/wp-content\/uploads\/2023\/04\/img_2722.jpg 768w, https:\/\/mlbfrsat7ahr.i.optimole.com\/w:1290\/h:695\/q:mauto\/ig:avif\/https:\/\/noticiasnoface.com.br\/wp-content\/uploads\/2023\/04\/img_2722.jpg 1290w\" sizes=\"(max-width: 1000px) 100vw, 1000px\" \/><figcaption class=\"wp-element-caption\">O presidente Luiz In\u00e1cio Lula da Silva ficou constrangido e se fez de Doido durante uma coletiva de imprensa ao lado do hom\u00f3logo portugu\u00eas, em Lisboa.<br \/>Uma jornalista questionou o brasileiro sobre uma afirma\u00e7\u00e3o feita por ele, h\u00e1 uma semana, onde dizia que os pa\u00edses da Uni\u00e3o Europeia, incluindo Portugal, contribuem para a continuidade da guerra entre R\u00fassia e Ucr\u00e2nia.<br \/>\u201cEu pergunto se mant\u00e9m essas palavras\u201d, indagou a jornalista. Desconcertado, Lula disse que n\u00e3o entendeu o questionamento. A rep\u00f3rter, ent\u00e3o, refez a pergunta. O presidente brasileiro rebateu: \u201cEu sinceramente n\u00e3o consegui entender\u201d.<br \/>Visivelmente constrangido com a situa\u00e7\u00e3o, o presidente portugu\u00eas interveio e comentou com Lula o teor da pergunta fora dos microfones. Lula virou uma Vergonha mundial <\/figcaption><\/figure>\n\n\n\n<figure class=\"wp-block-video\"><video height=\"640\" style=\"aspect-ratio: 360 \/ 640;\" width=\"360\" controls src=\"https:\/\/noticiasnoface.com.br\/wp-content\/uploads\/2023\/04\/2023-04-22_161113_video.mp4\"><\/video><figcaption class=\"wp-element-caption\">Lula vira piada mundial <\/figcaption><\/figure>\n","protected":false},"excerpt":{"rendered":"","protected":false},"author":1,"featured_media":0,"comment_status":"open","ping_status":"open","sticky":false,"template":"","format":"standard","meta":{"site-sidebar-layout":"default","site-content-layout":"","ast-site-content-layout":"default","site-content-style":"default","site-sidebar-style":"default","ast-global-header-display":"","ast-banner-title-visibility":"","ast-main-header-display":"","ast-hfb-above-header-display":"","ast-hfb-below-header-display":"","ast-hfb-mobile-header-display":"","site-post-title":"","ast-breadcrumbs-content":"","ast-featured-img":"","footer-sml-layout":"","ast-disable-related-posts":"","theme-transparent-header-meta":"","adv-header-id-meta":"","stick-header-meta":"","header-above-stick-meta":"","header-main-stick-meta":"","header-below-stick-meta":"","astra-migrate-meta-layouts":"default","ast-page-background-enabled":"default","ast-page-background-meta":{"desktop":{"background-color":"var(--ast-global-color-4)","background-image":"","background-repeat":"repeat","background-position":"center center","background-size":"auto","background-attachment":"scroll","background-type":"","background-media":"","overlay-type":"","overlay-color":"","overlay-opacity":"","overlay-gradient":""},"tablet":{"background-color":"","background-image":"","background-repeat":"repeat","background-position":"center center","background-size":"auto","background-attachment":"scroll","background-type":"","background-media":"","overlay-type":"","overlay-color":"","overlay-opacity":"","overlay-gradient":""},"mobile":{"background-color":"","background-image":"","background-repeat":"repeat","background-position":"center center","background-size":"auto","background-attachment":"scroll","background-type":"","background-media":"","overlay-type":"","overlay-color":"","overlay-opacity":"","overlay-gradient":""}},"ast-content-background-meta":{"desktop":{"background-color":"var(--ast-global-color-5)","background-image":"","background-repeat":"repeat","background-position":"center center","background-size":"auto","background-attachment":"scroll","background-type":"","background-media":"","overlay-type":"","overlay-color":"","overlay-opacity":"","overlay-gradient":""},"tablet":{"background-color":"var(--ast-global-color-5)","background-image":"","background-repeat":"repeat","background-position":"center center","background-size":"auto","background-attachment":"scroll","background-type":"","background-media":"","overlay-type":"","overlay-color":"","overlay-opacity":"","overlay-gradient":""},"mobile":{"background-color":"var(--ast-global-color-5)","background-image":"","background-repeat":"repeat","background-position":"center center","background-size":"auto","background-attachment":"scroll","background-type":"","background-media":"","overlay-type":"","overlay-color":"","overlay-opacity":"","overlay-gradient":""}},"footnotes":""},"categories":[517],"tags":[215,22,1544,2058,34],"class_list":["post-15895","post","type-post","status-publish","format-standard","hentry","category-aconteceu","tag-lula","tag-noticias-no-face","tag-portugal","tag-presidente-lula","tag-vergonha-alheia"],"_links":{"self":[{"href":"https:\/\/noticiasnoface.com.br\/index.php\/wp-json\/wp\/v2\/posts\/15895","targetHints":{"allow":["GET"]}}],"collection":[{"href":"https:\/\/noticiasnoface.com.br\/index.php\/wp-json\/wp\/v2\/posts"}],"about":[{"href":"https:\/\/noticiasnoface.com.br\/index.php\/wp-json\/wp\/v2\/types\/post"}],"author":[{"embeddable":true,"href":"https:\/\/noticiasnoface.com.br\/index.php\/wp-json\/wp\/v2\/users\/1"}],"replies":[{"embeddable":true,"href":"https:\/\/noticiasnoface.com.br\/index.php\/wp-json\/wp\/v2\/comments?post=15895"}],"version-history":[{"count":2,"href":"https:\/\/noticiasnoface.com.br\/index.php\/wp-json\/wp\/v2\/posts\/15895\/revisions"}],"predecessor-version":[{"id":15898,"href":"https:\/\/noticiasnoface.com.br\/index.php\/wp-json\/wp\/v2\/posts\/15895\/revisions\/15898"}],"wp:attachment":[{"href":"https:\/\/noticiasnoface.com.br\/index.php\/wp-json\/wp\/v2\/media?parent=15895"}],"wp:term":[{"taxonomy":"category","embeddable":true,"href":"https:\/\/noticiasnoface.com.br\/index.php\/wp-json\/wp\/v2\/categories?post=15895"},{"taxonomy":"post_tag","embeddable":true,"href":"https:\/\/noticiasnoface.com.br\/index.php\/wp-json\/wp\/v2\/tags?post=15895"}],"curies":[{"name":"wp","href":"https:\/\/api.w.org\/{rel}","templated":true}]}}