{"id":15901,"date":"2023-04-22T20:45:42","date_gmt":"2023-04-22T23:45:42","guid":{"rendered":"https:\/\/noticiasnoface.com.br\/?p=15901"},"modified":"2023-04-22T20:49:16","modified_gmt":"2023-04-22T23:49:16","slug":"videowindows-nocauteia-polones-que-lhe-chamou-de-corno","status":"publish","type":"post","link":"https:\/\/noticiasnoface.com.br\/index.php\/2023\/04\/22\/videowindows-nocauteia-polones-que-lhe-chamou-de-corno\/","title":{"rendered":"(V\u00eddeo):Windows nocauteia polon\u00eas que lhe chamou de \u201ccorno\u201d"},"content":{"rendered":"\n<figure class=\"wp-block-image size-large\"><img data-opt-id=466374966  fetchpriority=\"high\" decoding=\"async\" width=\"997\" height=\"1024\" src=\"https:\/\/mlbfrsat7ahr.i.optimole.com\/w:997\/h:1024\/q:mauto\/ig:avif\/https:\/\/noticiasnoface.com.br\/wp-content\/uploads\/2023\/04\/img_2733.jpg\" alt=\"\" class=\"wp-image-15903\" srcset=\"https:\/\/mlbfrsat7ahr.i.optimole.com\/w:997\/h:1024\/q:mauto\/ig:avif\/https:\/\/noticiasnoface.com.br\/wp-content\/uploads\/2023\/04\/img_2733.jpg 997w, https:\/\/mlbfrsat7ahr.i.optimole.com\/w:292\/h:300\/q:mauto\/ig:avif\/https:\/\/noticiasnoface.com.br\/wp-content\/uploads\/2023\/04\/img_2733.jpg 292w, https:\/\/mlbfrsat7ahr.i.optimole.com\/w:768\/h:789\/q:mauto\/ig:avif\/https:\/\/noticiasnoface.com.br\/wp-content\/uploads\/2023\/04\/img_2733.jpg 768w, https:\/\/mlbfrsat7ahr.i.optimole.com\/w:1051\/h:1080\/q:mauto\/ig:avif\/https:\/\/noticiasnoface.com.br\/wp-content\/uploads\/2023\/04\/img_2733.jpg 1290w\" sizes=\"(max-width: 997px) 100vw, 997px\" \/><figcaption class=\"wp-element-caption\">Whindersson Nunes vence Filipek por nocaute t\u00e9cnico em estreia no torneio internacional de boxe<br \/>Brasileiro entra no ringue contra rival polon\u00eas e garante vit\u00f3ria no segundo round. Whind tem exibi\u00e7\u00e3o pelo High Stakes, competi\u00e7\u00e3o que re\u00fane influenciadores e amantes da modalidade, no Reino Unido<br \/><strong>Whindersson Nunes foi o vencedor do confronto contra o Filipek, no High Stakes, torneio internacional de boxe que re\u00fane influenciadores e amantes da modalidade.<\/strong> A luta entre o brasileiro e o polon\u00eas foi realizada na Ovo Arena Wembley, em Londres, na Inglaterra. Essa foi a estreia de Whindersson Nunes em uma competi\u00e7\u00e3o na modalidade. <strong>O brasileiro conseguiu a vit\u00f3ria no segundo round ap\u00f3s tr\u00eas quedas do rival polon\u00eas.<\/strong><\/figcaption><\/figure>\n\n\n\n<figure class=\"wp-block-video\"><video height=\"1920\" style=\"aspect-ratio: 1080 \/ 1920;\" width=\"1080\" controls src=\"https:\/\/noticiasnoface.com.br\/wp-content\/uploads\/2023\/04\/video-output-2b072315-a695-4176-8659-f6c091881537.mp4\"><\/video><figcaption class=\"wp-element-caption\">Polon\u00eas que chamou whinderson Nunes de corno \u00e9 nocauteado no segundo round<\/figcaption><\/figure>\n\n\n\n<p><\/p>\n","protected":false},"excerpt":{"rendered":"","protected":false},"author":1,"featured_media":0,"comment_status":"open","ping_status":"open","sticky":false,"template":"","format":"standard","meta":{"site-sidebar-layout":"default","site-content-layout":"","ast-site-content-layout":"default","site-content-style":"default","site-sidebar-style":"default","ast-global-header-display":"","ast-banner-title-visibility":"","ast-main-header-display":"","ast-hfb-above-header-display":"","ast-hfb-below-header-display":"","ast-hfb-mobile-header-display":"","site-post-title":"","ast-breadcrumbs-content":"","ast-featured-img":"","footer-sml-layout":"","ast-disable-related-posts":"","theme-transparent-header-meta":"","adv-header-id-meta":"","stick-header-meta":"","header-above-stick-meta":"","header-main-stick-meta":"","header-below-stick-meta":"","astra-migrate-meta-layouts":"default","ast-page-background-enabled":"default","ast-page-background-meta":{"desktop":{"background-color":"var(--ast-global-color-4)","background-image":"","background-repeat":"repeat","background-position":"center center","background-size":"auto","background-attachment":"scroll","background-type":"","background-media":"","overlay-type":"","overlay-color":"","overlay-opacity":"","overlay-gradient":""},"tablet":{"background-color":"","background-image":"","background-repeat":"repeat","background-position":"center center","background-size":"auto","background-attachment":"scroll","background-type":"","background-media":"","overlay-type":"","overlay-color":"","overlay-opacity":"","overlay-gradient":""},"mobile":{"background-color":"","background-image":"","background-repeat":"repeat","background-position":"center center","background-size":"auto","background-attachment":"scroll","background-type":"","background-media":"","overlay-type":"","overlay-color":"","overlay-opacity":"","overlay-gradient":""}},"ast-content-background-meta":{"desktop":{"background-color":"var(--ast-global-color-5)","background-image":"","background-repeat":"repeat","background-position":"center center","background-size":"auto","background-attachment":"scroll","background-type":"","background-media":"","overlay-type":"","overlay-color":"","overlay-opacity":"","overlay-gradient":""},"tablet":{"background-color":"var(--ast-global-color-5)","background-image":"","background-repeat":"repeat","background-position":"center center","background-size":"auto","background-attachment":"scroll","background-type":"","background-media":"","overlay-type":"","overlay-color":"","overlay-opacity":"","overlay-gradient":""},"mobile":{"background-color":"var(--ast-global-color-5)","background-image":"","background-repeat":"repeat","background-position":"center center","background-size":"auto","background-attachment":"scroll","background-type":"","background-media":"","overlay-type":"","overlay-color":"","overlay-opacity":"","overlay-gradient":""}},"footnotes":""},"categories":[517],"tags":[1399,2682,50,22,54],"class_list":["post-15901","post","type-post","status-publish","format-standard","hentry","category-aconteceu","tag-corno","tag-nocaute","tag-noticias-do-face","tag-noticias-no-face","tag-whindersson-nunes"],"_links":{"self":[{"href":"https:\/\/noticiasnoface.com.br\/index.php\/wp-json\/wp\/v2\/posts\/15901","targetHints":{"allow":["GET"]}}],"collection":[{"href":"https:\/\/noticiasnoface.com.br\/index.php\/wp-json\/wp\/v2\/posts"}],"about":[{"href":"https:\/\/noticiasnoface.com.br\/index.php\/wp-json\/wp\/v2\/types\/post"}],"author":[{"embeddable":true,"href":"https:\/\/noticiasnoface.com.br\/index.php\/wp-json\/wp\/v2\/users\/1"}],"replies":[{"embeddable":true,"href":"https:\/\/noticiasnoface.com.br\/index.php\/wp-json\/wp\/v2\/comments?post=15901"}],"version-history":[{"count":3,"href":"https:\/\/noticiasnoface.com.br\/index.php\/wp-json\/wp\/v2\/posts\/15901\/revisions"}],"predecessor-version":[{"id":15905,"href":"https:\/\/noticiasnoface.com.br\/index.php\/wp-json\/wp\/v2\/posts\/15901\/revisions\/15905"}],"wp:attachment":[{"href":"https:\/\/noticiasnoface.com.br\/index.php\/wp-json\/wp\/v2\/media?parent=15901"}],"wp:term":[{"taxonomy":"category","embeddable":true,"href":"https:\/\/noticiasnoface.com.br\/index.php\/wp-json\/wp\/v2\/categories?post=15901"},{"taxonomy":"post_tag","embeddable":true,"href":"https:\/\/noticiasnoface.com.br\/index.php\/wp-json\/wp\/v2\/tags?post=15901"}],"curies":[{"name":"wp","href":"https:\/\/api.w.org\/{rel}","templated":true}]}}