{"id":15908,"date":"2023-04-23T08:43:35","date_gmt":"2023-04-23T11:43:35","guid":{"rendered":"https:\/\/noticiasnoface.com.br\/?p=15908"},"modified":"2023-04-23T08:43:35","modified_gmt":"2023-04-23T11:43:35","slug":"irmao-do-prefeito-de-mossoro-morre-em-acidente","status":"publish","type":"post","link":"https:\/\/noticiasnoface.com.br\/index.php\/2023\/04\/23\/irmao-do-prefeito-de-mossoro-morre-em-acidente\/","title":{"rendered":"Irm\u00e3o do prefeito de Mossor\u00f3 morre em acidente"},"content":{"rendered":"\n<figure class=\"wp-block-image size-large\"><img data-opt-id=88293180  fetchpriority=\"high\" decoding=\"async\" width=\"1024\" height=\"952\" src=\"https:\/\/mlbfrsat7ahr.i.optimole.com\/w:1024\/h:952\/q:mauto\/ig:avif\/https:\/\/noticiasnoface.com.br\/wp-content\/uploads\/2023\/04\/img_2743.jpg\" class=\"wp-image-15907\" srcset=\"https:\/\/mlbfrsat7ahr.i.optimole.com\/w:1024\/h:952\/q:mauto\/ig:avif\/https:\/\/noticiasnoface.com.br\/wp-content\/uploads\/2023\/04\/img_2743.jpg 1024w, https:\/\/mlbfrsat7ahr.i.optimole.com\/w:300\/h:279\/q:mauto\/ig:avif\/https:\/\/noticiasnoface.com.br\/wp-content\/uploads\/2023\/04\/img_2743.jpg 300w, https:\/\/mlbfrsat7ahr.i.optimole.com\/w:768\/h:714\/q:mauto\/ig:avif\/https:\/\/noticiasnoface.com.br\/wp-content\/uploads\/2023\/04\/img_2743.jpg 768w, https:\/\/mlbfrsat7ahr.i.optimole.com\/w:1161\/h:1080\/q:mauto\/ig:avif\/https:\/\/noticiasnoface.com.br\/wp-content\/uploads\/2023\/04\/img_2743.jpg 1290w\" sizes=\"(max-width: 1000px) 100vw, 1000px\" \/><figcaption class=\"wp-element-caption\">O acidente aconteceu por volta das 03h00min desta madrugada de domingo 23 de abril de 2023, na BR 110 na rotat\u00f3ria de acesso a Universidade Estadual (UERN) no Bairro Costa e Silva em Mossor\u00f3 no Rio Grande do Norte.<br>De acordo com a Pol\u00edcia Rodovi\u00e1ria Federal (PRF) a v\u00edtima identificada como Arlon Wellington Am\u00e9rico da Silva, 37 anos, irm\u00e3o do prefeito de Mossor\u00f3 Allysson Bezerra, trafegava de moto, pela Avenida Professor Ant\u00f4nio Campos, sentido Centro, quando perdeu o controle da motocicleta, bateu no canteiro central e caiu.<br>O corpo dele ficou na pista de rolamento na BR 110, na rotat\u00f3ria. O Servi\u00e7o de Atendimento M\u00f3vel de Urg\u00eancia (SAMU) foi ao local, mas nada pode fazer uma vez que a v\u00edtima estava em \u00f3bito. A equipe da medicina legal do Itep, realizou procedimentos de per\u00edcia no local e em seguida recolheu o corpo para exames necrosc\u00f3picos no IML.<br><br><br><\/figcaption><\/figure>\n","protected":false},"excerpt":{"rendered":"","protected":false},"author":1,"featured_media":0,"comment_status":"open","ping_status":"open","sticky":false,"template":"","format":"standard","meta":{"site-sidebar-layout":"default","site-content-layout":"","ast-site-content-layout":"default","site-content-style":"default","site-sidebar-style":"default","ast-global-header-display":"","ast-banner-title-visibility":"","ast-main-header-display":"","ast-hfb-above-header-display":"","ast-hfb-below-header-display":"","ast-hfb-mobile-header-display":"","site-post-title":"","ast-breadcrumbs-content":"","ast-featured-img":"","footer-sml-layout":"","ast-disable-related-posts":"","theme-transparent-header-meta":"","adv-header-id-meta":"","stick-header-meta":"","header-above-stick-meta":"","header-main-stick-meta":"","header-below-stick-meta":"","astra-migrate-meta-layouts":"default","ast-page-background-enabled":"default","ast-page-background-meta":{"desktop":{"background-color":"var(--ast-global-color-4)","background-image":"","background-repeat":"repeat","background-position":"center center","background-size":"auto","background-attachment":"scroll","background-type":"","background-media":"","overlay-type":"","overlay-color":"","overlay-opacity":"","overlay-gradient":""},"tablet":{"background-color":"","background-image":"","background-repeat":"repeat","background-position":"center center","background-size":"auto","background-attachment":"scroll","background-type":"","background-media":"","overlay-type":"","overlay-color":"","overlay-opacity":"","overlay-gradient":""},"mobile":{"background-color":"","background-image":"","background-repeat":"repeat","background-position":"center center","background-size":"auto","background-attachment":"scroll","background-type":"","background-media":"","overlay-type":"","overlay-color":"","overlay-opacity":"","overlay-gradient":""}},"ast-content-background-meta":{"desktop":{"background-color":"var(--ast-global-color-5)","background-image":"","background-repeat":"repeat","background-position":"center center","background-size":"auto","background-attachment":"scroll","background-type":"","background-media":"","overlay-type":"","overlay-color":"","overlay-opacity":"","overlay-gradient":""},"tablet":{"background-color":"var(--ast-global-color-5)","background-image":"","background-repeat":"repeat","background-position":"center center","background-size":"auto","background-attachment":"scroll","background-type":"","background-media":"","overlay-type":"","overlay-color":"","overlay-opacity":"","overlay-gradient":""},"mobile":{"background-color":"var(--ast-global-color-5)","background-image":"","background-repeat":"repeat","background-position":"center center","background-size":"auto","background-attachment":"scroll","background-type":"","background-media":"","overlay-type":"","overlay-color":"","overlay-opacity":"","overlay-gradient":""}},"footnotes":""},"categories":[517],"tags":[1629,460,50,22,2852],"class_list":["post-15908","post","type-post","status-publish","format-standard","hentry","category-aconteceu","tag-irmao","tag-moto","tag-noticias-do-face","tag-noticias-no-face","tag-prefeito-de-mossoro"],"_links":{"self":[{"href":"https:\/\/noticiasnoface.com.br\/index.php\/wp-json\/wp\/v2\/posts\/15908","targetHints":{"allow":["GET"]}}],"collection":[{"href":"https:\/\/noticiasnoface.com.br\/index.php\/wp-json\/wp\/v2\/posts"}],"about":[{"href":"https:\/\/noticiasnoface.com.br\/index.php\/wp-json\/wp\/v2\/types\/post"}],"author":[{"embeddable":true,"href":"https:\/\/noticiasnoface.com.br\/index.php\/wp-json\/wp\/v2\/users\/1"}],"replies":[{"embeddable":true,"href":"https:\/\/noticiasnoface.com.br\/index.php\/wp-json\/wp\/v2\/comments?post=15908"}],"version-history":[{"count":1,"href":"https:\/\/noticiasnoface.com.br\/index.php\/wp-json\/wp\/v2\/posts\/15908\/revisions"}],"predecessor-version":[{"id":15909,"href":"https:\/\/noticiasnoface.com.br\/index.php\/wp-json\/wp\/v2\/posts\/15908\/revisions\/15909"}],"wp:attachment":[{"href":"https:\/\/noticiasnoface.com.br\/index.php\/wp-json\/wp\/v2\/media?parent=15908"}],"wp:term":[{"taxonomy":"category","embeddable":true,"href":"https:\/\/noticiasnoface.com.br\/index.php\/wp-json\/wp\/v2\/categories?post=15908"},{"taxonomy":"post_tag","embeddable":true,"href":"https:\/\/noticiasnoface.com.br\/index.php\/wp-json\/wp\/v2\/tags?post=15908"}],"curies":[{"name":"wp","href":"https:\/\/api.w.org\/{rel}","templated":true}]}}