{"id":15912,"date":"2023-04-23T13:28:09","date_gmt":"2023-04-23T16:28:09","guid":{"rendered":"https:\/\/noticiasnoface.com.br\/?p=15912"},"modified":"2023-04-23T13:29:06","modified_gmt":"2023-04-23T16:29:06","slug":"turistas-romenos-sao-assaltados-e-agredidos-no-pelourinho","status":"publish","type":"post","link":"https:\/\/noticiasnoface.com.br\/index.php\/2023\/04\/23\/turistas-romenos-sao-assaltados-e-agredidos-no-pelourinho\/","title":{"rendered":"(V\u00eddeo):Turistas romenos s\u00e3o assaltados e agredidos no pelourinho"},"content":{"rendered":"\n<figure class=\"wp-block-image size-large\"><img data-opt-id=1102154867  fetchpriority=\"high\" decoding=\"async\" width=\"787\" height=\"1024\" src=\"https:\/\/mlbfrsat7ahr.i.optimole.com\/w:787\/h:1024\/q:mauto\/ig:avif\/https:\/\/noticiasnoface.com.br\/wp-content\/uploads\/2023\/04\/photo-output-13.jpg\" alt=\"\" class=\"wp-image-15911\" srcset=\"https:\/\/mlbfrsat7ahr.i.optimole.com\/w:787\/h:1024\/q:mauto\/ig:avif\/https:\/\/noticiasnoface.com.br\/wp-content\/uploads\/2023\/04\/photo-output-13.jpg 787w, https:\/\/mlbfrsat7ahr.i.optimole.com\/w:230\/h:300\/q:mauto\/ig:avif\/https:\/\/noticiasnoface.com.br\/wp-content\/uploads\/2023\/04\/photo-output-13.jpg 230w, https:\/\/mlbfrsat7ahr.i.optimole.com\/w:768\/h:1000\/q:mauto\/ig:avif\/https:\/\/noticiasnoface.com.br\/wp-content\/uploads\/2023\/04\/photo-output-13.jpg 768w, https:\/\/mlbfrsat7ahr.i.optimole.com\/w:829\/h:1080\/q:mauto\/ig:avif\/https:\/\/noticiasnoface.com.br\/wp-content\/uploads\/2023\/04\/photo-output-13.jpg 1180w, https:\/\/mlbfrsat7ahr.i.optimole.com\/w:829\/h:1080\/q:mauto\/ig:avif\/https:\/\/noticiasnoface.com.br\/wp-content\/uploads\/2023\/04\/photo-output-13.jpg 1573w\" sizes=\"(max-width: 787px) 100vw, 787px\" \/><figcaption class=\"wp-element-caption\">Turistas romenos s\u00e3o agredidos e assaltos no Pelourinho, cart\u00e3o postal de Salvador <br \/>Dois turistas romenos foram agredidos, neste s\u00e1bado (22), enquanto visitavam o Pelourinho, um dos pontos tur\u00edsticos mais conhecidos de <a href=\"https:\/\/g1.globo.com\/ba\/bahia\/cidade\/salvador\/\" target=\"_blank\" rel=\"noopener\">Salvador<\/a>. Segundo a Pol\u00edcia Civil, as agress\u00f5es aconteceram durante uma tentativa de assalto, em que os turistas teriam reagido. <br \/><img data-opt-id=1136016353  fetchpriority=\"high\" decoding=\"async\" src=\"https:\/\/s2.glbimg.com\/pXsFCBazFPkzhGOWf9yWjX6mahQ=\/0x0:1700x1065\/600x0\/smart\/filters:gifv():strip_icc()\/i.s3.glbimg.com\/v1\/AUTH_59edd422c0c84a879bd37670ae4f538a\/internal_photos\/bs\/2023\/c\/j\/7tw2urTpuFEsKiXIYoqg\/jandira-dantas-18-.png\" alt=\"Turistas foram atendidos pela Samu e levados para hospital \u2014 Foto: Redes sociais\" class=\"extendsBeyondTextColumn\" \/><br \/>Turistas foram atendidos pela Samu e levados para hospital \u2014 Foto: Redes sociais <br \/>Imagens gravadas logo depois do crime mostram os homens com sangue nas m\u00e3os e no rosto, na Rua In\u00e1cio Acciole. Eles foram atendidos pelo Servi\u00e7o de Atendimento M\u00f3vel de Urg\u00eancia (Samu) e levados para um hospital particular da capital baiana. <br \/>J\u00e1 os suspeitos fugiram e ainda n\u00e3o foram encontrados pela pol\u00edcia. A queixa foi registrada na Delegacia de Prote\u00e7\u00e3o ao Turista, que fica no Largo do Cruzeiro de S\u00e3o Francisco, a 140 metros da rua onde o crime aconteceu. <br \/><br \/>Viol\u00eancia no Pelourinho<br \/><br \/><img data-opt-id=248657234  decoding=\"async\" src=\"https:\/\/s2.glbimg.com\/A0NssRA2wSauRJe9vexUXxw7sUM=\/0x0:1024x768\/600x0\/smart\/filters:gifv():strip_icc()\/i.s3.glbimg.com\/v1\/AUTH_59edd422c0c84a879bd37670ae4f538a\/internal_photos\/bs\/2021\/8\/t\/7p1EwYRx2TSibFBNaXMw\/whatsapp-image-2021-02-16-at-09.21.16.jpeg\" alt=\"Pelourinho, em Salvador \u2014 Foto: Valma Silva \/ G1 BA\" class=\"extendsBeyondTextColumn\" \/><br \/>Pelourinho, em Salvador \u2014 Foto: Valma Silva \/ G1 BA <br \/>Moradores e comerciantes reclamam dos assaltos que acontecem na regi\u00e3o. Apenas neste s\u00e1bado, eles dizem que seis assaltos foram contabilizados, informa\u00e7\u00e3o que n\u00e3o foi confirmada pela Pol\u00edcia Civil.<br \/>Segundo o diretor geral do Bal\u00e9 Folcl\u00f3rico da Bahia, Vav\u00e1 Botelho, a viol\u00eancia na regi\u00e3o tem feito o grupo perder p\u00fablico nas apresenta\u00e7\u00f5es, pois as pessoas t\u00eam tido medo de ir at\u00e9 o Teatro Miguel Santana, onde as apresenta\u00e7\u00f5es acontecem. <br \/>&#8220;Oito turistas foram assaltados na semana passada, indo para nosso teatro, a dois metros de uma viatura da pol\u00edcia. Os policiais estavam sentados dentro do carro e n\u00e3o fizeram nada&#8221;, afirmou. <br \/>Em dezembro do ano passado, durante o ver\u00e3o, um <a href=\"https:\/\/g1.globo.com\/ba\/bahia\/noticia\/2022\/12\/13\/turista-alemao-e-agredido-e-roubado-no-pelourinho-em-salvador.ghtml\" target=\"_blank\" rel=\"noopener\">turista alem\u00e3o foi agredido e roubado<\/a>durante o dia. Ele tamb\u00e9m teria sofrido uma tentativa de assalto e reagido. <br \/>Diversos roubos tamb\u00e9m foram registrados na regi\u00e3o durante a exibi\u00e7\u00e3o dos jogos do Brasil pela Copa do Mundo do Catar. Na estreia da sele\u00e7\u00e3o na brasileira, <a href=\"https:\/\/g1.globo.com\/ba\/bahia\/noticia\/2022\/11\/25\/policia-civil-registra-24-furtos-e-roubos-no-pelourinho-na-estreia-da-selecao-brasileira-na-copa-do-catar.ghtml\" target=\"_blank\" rel=\"noopener\">24 furtos e roubos<\/a> foram registrados pela pol\u00edcia. <br \/>Devido a situa\u00e7\u00e3o de inseguran\u00e7a no bairro, o ator Erico Br\u00e1s, que \u00e9 dono de um restaurante no local, lan\u00e7ou uma campanha nas redes sociais para que a seguran\u00e7a seja refor\u00e7ada e assim os turistas e moradores possam circular sem medo pelo Pelourinho. <br \/>&#8220;O estado precisa tomar conta, e por isso estamos lan\u00e7ando essa campanha dizendo que o Pelourinho \u00e9 nosso&#8221;, afirmou.<\/figcaption><\/figure>\n\n\n\n<figure class=\"wp-block-video\"><video height=\"640\" style=\"aspect-ratio: 360 \/ 640;\" width=\"360\" controls src=\"https:\/\/noticiasnoface.com.br\/wp-content\/uploads\/2023\/04\/2023-04-23_132443_video.mp4\"><\/video><figcaption class=\"wp-element-caption\">Turistas s\u00e3o assaltados e agredidos no pelourinho <\/figcaption><\/figure>\n","protected":false},"excerpt":{"rendered":"","protected":false},"author":1,"featured_media":0,"comment_status":"open","ping_status":"open","sticky":false,"template":"","format":"standard","meta":{"site-sidebar-layout":"default","site-content-layout":"","ast-site-content-layout":"default","site-content-style":"default","site-sidebar-style":"default","ast-global-header-display":"","ast-banner-title-visibility":"","ast-main-header-display":"","ast-hfb-above-header-display":"","ast-hfb-below-header-display":"","ast-hfb-mobile-header-display":"","site-post-title":"","ast-breadcrumbs-content":"","ast-featured-img":"","footer-sml-layout":"","ast-disable-related-posts":"","theme-transparent-header-meta":"","adv-header-id-meta":"","stick-header-meta":"","header-above-stick-meta":"","header-main-stick-meta":"","header-below-stick-meta":"","astra-migrate-meta-layouts":"default","ast-page-background-enabled":"default","ast-page-background-meta":{"desktop":{"background-color":"var(--ast-global-color-4)","background-image":"","background-repeat":"repeat","background-position":"center center","background-size":"auto","background-attachment":"scroll","background-type":"","background-media":"","overlay-type":"","overlay-color":"","overlay-opacity":"","overlay-gradient":""},"tablet":{"background-color":"","background-image":"","background-repeat":"repeat","background-position":"center center","background-size":"auto","background-attachment":"scroll","background-type":"","background-media":"","overlay-type":"","overlay-color":"","overlay-opacity":"","overlay-gradient":""},"mobile":{"background-color":"","background-image":"","background-repeat":"repeat","background-position":"center center","background-size":"auto","background-attachment":"scroll","background-type":"","background-media":"","overlay-type":"","overlay-color":"","overlay-opacity":"","overlay-gradient":""}},"ast-content-background-meta":{"desktop":{"background-color":"var(--ast-global-color-5)","background-image":"","background-repeat":"repeat","background-position":"center center","background-size":"auto","background-attachment":"scroll","background-type":"","background-media":"","overlay-type":"","overlay-color":"","overlay-opacity":"","overlay-gradient":""},"tablet":{"background-color":"var(--ast-global-color-5)","background-image":"","background-repeat":"repeat","background-position":"center center","background-size":"auto","background-attachment":"scroll","background-type":"","background-media":"","overlay-type":"","overlay-color":"","overlay-opacity":"","overlay-gradient":""},"mobile":{"background-color":"var(--ast-global-color-5)","background-image":"","background-repeat":"repeat","background-position":"center center","background-size":"auto","background-attachment":"scroll","background-type":"","background-media":"","overlay-type":"","overlay-color":"","overlay-opacity":"","overlay-gradient":""}},"footnotes":""},"categories":[517],"tags":[730,2853,2229,22,199,2854,2323],"class_list":["post-15912","post","type-post","status-publish","format-standard","hentry","category-aconteceu","tag-agressao","tag-assaltados","tag-noticas-do-face","tag-noticias-no-face","tag-noticiasnoface","tag-pelourinho","tag-turistas"],"_links":{"self":[{"href":"https:\/\/noticiasnoface.com.br\/index.php\/wp-json\/wp\/v2\/posts\/15912","targetHints":{"allow":["GET"]}}],"collection":[{"href":"https:\/\/noticiasnoface.com.br\/index.php\/wp-json\/wp\/v2\/posts"}],"about":[{"href":"https:\/\/noticiasnoface.com.br\/index.php\/wp-json\/wp\/v2\/types\/post"}],"author":[{"embeddable":true,"href":"https:\/\/noticiasnoface.com.br\/index.php\/wp-json\/wp\/v2\/users\/1"}],"replies":[{"embeddable":true,"href":"https:\/\/noticiasnoface.com.br\/index.php\/wp-json\/wp\/v2\/comments?post=15912"}],"version-history":[{"count":2,"href":"https:\/\/noticiasnoface.com.br\/index.php\/wp-json\/wp\/v2\/posts\/15912\/revisions"}],"predecessor-version":[{"id":15915,"href":"https:\/\/noticiasnoface.com.br\/index.php\/wp-json\/wp\/v2\/posts\/15912\/revisions\/15915"}],"wp:attachment":[{"href":"https:\/\/noticiasnoface.com.br\/index.php\/wp-json\/wp\/v2\/media?parent=15912"}],"wp:term":[{"taxonomy":"category","embeddable":true,"href":"https:\/\/noticiasnoface.com.br\/index.php\/wp-json\/wp\/v2\/categories?post=15912"},{"taxonomy":"post_tag","embeddable":true,"href":"https:\/\/noticiasnoface.com.br\/index.php\/wp-json\/wp\/v2\/tags?post=15912"}],"curies":[{"name":"wp","href":"https:\/\/api.w.org\/{rel}","templated":true}]}}