{"id":15928,"date":"2023-04-23T22:09:37","date_gmt":"2023-04-24T01:09:37","guid":{"rendered":"https:\/\/noticiasnoface.com.br\/?p=15928"},"modified":"2023-04-23T22:09:37","modified_gmt":"2023-04-24T01:09:37","slug":"projetos-de-combate-a-violencia-nas-escolas-de-natal-sao-aprovados","status":"publish","type":"post","link":"https:\/\/noticiasnoface.com.br\/index.php\/2023\/04\/23\/projetos-de-combate-a-violencia-nas-escolas-de-natal-sao-aprovados\/","title":{"rendered":"Projetos de combate \u00e0 viol\u00eancia nas escolas de Natal s\u00e3o aprovados"},"content":{"rendered":"\n<figure class=\"wp-block-image size-large\"><img data-opt-id=1663260139  fetchpriority=\"high\" decoding=\"async\" width=\"1024\" height=\"682\" src=\"https:\/\/mlbfrsat7ahr.i.optimole.com\/w:1024\/h:682\/q:mauto\/ig:avif\/https:\/\/noticiasnoface.com.br\/wp-content\/uploads\/2023\/04\/img_2779.jpg\" class=\"wp-image-15927\" srcset=\"https:\/\/mlbfrsat7ahr.i.optimole.com\/w:1024\/h:682\/q:mauto\/ig:avif\/https:\/\/noticiasnoface.com.br\/wp-content\/uploads\/2023\/04\/img_2779.jpg 1024w, https:\/\/mlbfrsat7ahr.i.optimole.com\/w:300\/h:200\/q:mauto\/ig:avif\/https:\/\/noticiasnoface.com.br\/wp-content\/uploads\/2023\/04\/img_2779.jpg 300w, https:\/\/mlbfrsat7ahr.i.optimole.com\/w:768\/h:512\/q:mauto\/ig:avif\/https:\/\/noticiasnoface.com.br\/wp-content\/uploads\/2023\/04\/img_2779.jpg 768w, https:\/\/mlbfrsat7ahr.i.optimole.com\/w:1536\/h:1023\/q:mauto\/ig:avif\/https:\/\/noticiasnoface.com.br\/wp-content\/uploads\/2023\/04\/img_2779.jpg 1536w, https:\/\/mlbfrsat7ahr.i.optimole.com\/w:1600\/h:1066\/q:mauto\/ig:avif\/https:\/\/noticiasnoface.com.br\/wp-content\/uploads\/2023\/04\/img_2779.jpg 1600w\" sizes=\"(max-width: 1000px) 100vw, 1000px\" \/><figcaption class=\"wp-element-caption\">A fim de combater amea\u00e7as \u00e0 comunidade escolar e aperfei\u00e7oar medidas protetivas, a C\u00e2mara Municipal de Natal aprovou em regime de urg\u00eancia, na sess\u00e3o ordin\u00e1ria desta quinta-feira (20), os projetos de lei n\u00b0 242\/2023, do vereador Robson Carvalho (Uni\u00e3o Brasil), que institui o Programa Escola Segura no \u00e2mbito do Munic\u00edpio e o n\u00b0 260\/2023, da vereadora Camila Ara\u00fajo (Uni\u00e3o Brasil), que institui no Calend\u00e1rio Oficial de Eventos da capital potiguar o Dia de Incentivo \u00e0 Cultura da Paz nas Escolas. <br>O Programa Escola Segura tem como objetivo promover um local seguro para toda a comunidade escolar, contribuindo para um ambiente prop\u00edcio para o desenvolvimento das atividades educacionais e de conviv\u00eancia nas escolas da rede p\u00fablica da cidade. A proposta aponta que o Executivo dever\u00e1: prover as unidades de ensino com c\u00e2meras de monitoramento em locais estrat\u00e9gicos e detector de metais; realizar manuten\u00e7\u00e3o peri\u00f3dica da ilumina\u00e7\u00e3o interna e externa das unidades; promover capacita\u00e7\u00e3o dos porteiros; capacitar os agentes da Guarda Municipal de Natal para o atendimento a ocorr\u00eancias nas unidades escolares, entre outras a\u00e7\u00f5es.<br>&#8220;A iniciativa chega para contribuir com a seguran\u00e7a das escolas, sobretudo, neste momento em que o pa\u00eds, infelizmente, vivencia cenas de invas\u00f5es e agress\u00f5es \u00e0 vida de alunos e professores no ambiente escolar, o que n\u00e3o apenas destr\u00f3i fam\u00edlias com a perda de seus entes queridos, mas tamb\u00e9m macula esse ambiente \u00edmpar da sociedade, que tanto contribui para a forma\u00e7\u00e3o dos cidad\u00e3os&#8221;, defendeu o vereador Robson Carvalho.<br>J\u00e1 o Dia Municipal de Incentivo \u00e0 Cultura da Paz nas Escolas ser\u00e1 comemorado, anualmente, no dia 20 de abril. Ao fazer uso da palavra, a vereadora Camila Ara\u00fajo recordou que a data \u00e9 associada ao \u201cMassacre de Columbine\u201d, ataque a uma escola nos Estados Unidos, em 1999, onde dois alunos da escola mataram outros 12 alunos e uma professora. &#8220;No Brasil, tivemos recentes ataques \u00e0 escolas que vitimaram alunos e professores, tendo a mat\u00e9ria ocupado lugar de destaque. Neste sentido, a Lei visa que uma data que tem um aspecto macabro e de repulsa ao ocorrido, seja marcada em nosso munic\u00edpio de forma positiva, como a data em que se comemora o Dia Municipal de Incentivo \u00e0 Cultura da Paz&#8221;, pontuou. <br>Na sequ\u00eancia, duas mat\u00e9rias em segunda discuss\u00e3o receberam parecer favor\u00e1vel: PL 401\/2020, da vereadora Ana Paula (SD), que cria os componentes do munic\u00edpio de Natal do Sistema Nacional de Seguran\u00e7a Alimentar, define os par\u00e2metros para elabora\u00e7\u00e3o e implementa\u00e7\u00e3o do Plano Municipal de Seguran\u00e7a Alimentar e Nutricional, e o PL 169\/2022, do vereador Milklei Leite (PV), sobre a institui\u00e7\u00e3o da Pol\u00edtica P\u00fablica de Incentivo \u00e0 Coleta Seletiva com inclus\u00e3o social e econ\u00f4mica dos carroceiros e catadores de materiais recicl\u00e1veis. <br>O plen\u00e1rio ainda acatou, em regime de urg\u00eancia, dois projetos encaminhados pelo Executivo que garantem reajuste salarial aos auditores do Tesouro Municipal, carreira que exerce fun\u00e7\u00e3o fiscalizat\u00f3ria na concretiza\u00e7\u00e3o da expectativa da receita or\u00e7ada no Munic\u00edpio.<br><strong><em>Texto: Junior Martins<br>Fotos: Elp\u00eddio J\u00fanior<\/em><\/strong><\/figcaption><\/figure>\n","protected":false},"excerpt":{"rendered":"","protected":false},"author":1,"featured_media":0,"comment_status":"open","ping_status":"open","sticky":false,"template":"","format":"standard","meta":{"site-sidebar-layout":"default","site-content-layout":"","ast-site-content-layout":"default","site-content-style":"default","site-sidebar-style":"default","ast-global-header-display":"","ast-banner-title-visibility":"","ast-main-header-display":"","ast-hfb-above-header-display":"","ast-hfb-below-header-display":"","ast-hfb-mobile-header-display":"","site-post-title":"","ast-breadcrumbs-content":"","ast-featured-img":"","footer-sml-layout":"","ast-disable-related-posts":"","theme-transparent-header-meta":"","adv-header-id-meta":"","stick-header-meta":"","header-above-stick-meta":"","header-main-stick-meta":"","header-below-stick-meta":"","astra-migrate-meta-layouts":"default","ast-page-background-enabled":"default","ast-page-background-meta":{"desktop":{"background-color":"var(--ast-global-color-4)","background-image":"","background-repeat":"repeat","background-position":"center center","background-size":"auto","background-attachment":"scroll","background-type":"","background-media":"","overlay-type":"","overlay-color":"","overlay-opacity":"","overlay-gradient":""},"tablet":{"background-color":"","background-image":"","background-repeat":"repeat","background-position":"center center","background-size":"auto","background-attachment":"scroll","background-type":"","background-media":"","overlay-type":"","overlay-color":"","overlay-opacity":"","overlay-gradient":""},"mobile":{"background-color":"","background-image":"","background-repeat":"repeat","background-position":"center center","background-size":"auto","background-attachment":"scroll","background-type":"","background-media":"","overlay-type":"","overlay-color":"","overlay-opacity":"","overlay-gradient":""}},"ast-content-background-meta":{"desktop":{"background-color":"var(--ast-global-color-5)","background-image":"","background-repeat":"repeat","background-position":"center center","background-size":"auto","background-attachment":"scroll","background-type":"","background-media":"","overlay-type":"","overlay-color":"","overlay-opacity":"","overlay-gradient":""},"tablet":{"background-color":"var(--ast-global-color-5)","background-image":"","background-repeat":"repeat","background-position":"center center","background-size":"auto","background-attachment":"scroll","background-type":"","background-media":"","overlay-type":"","overlay-color":"","overlay-opacity":"","overlay-gradient":""},"mobile":{"background-color":"var(--ast-global-color-5)","background-image":"","background-repeat":"repeat","background-position":"center center","background-size":"auto","background-attachment":"scroll","background-type":"","background-media":"","overlay-type":"","overlay-color":"","overlay-opacity":"","overlay-gradient":""}},"footnotes":""},"categories":[517],"tags":[],"class_list":["post-15928","post","type-post","status-publish","format-standard","hentry","category-aconteceu"],"_links":{"self":[{"href":"https:\/\/noticiasnoface.com.br\/index.php\/wp-json\/wp\/v2\/posts\/15928","targetHints":{"allow":["GET"]}}],"collection":[{"href":"https:\/\/noticiasnoface.com.br\/index.php\/wp-json\/wp\/v2\/posts"}],"about":[{"href":"https:\/\/noticiasnoface.com.br\/index.php\/wp-json\/wp\/v2\/types\/post"}],"author":[{"embeddable":true,"href":"https:\/\/noticiasnoface.com.br\/index.php\/wp-json\/wp\/v2\/users\/1"}],"replies":[{"embeddable":true,"href":"https:\/\/noticiasnoface.com.br\/index.php\/wp-json\/wp\/v2\/comments?post=15928"}],"version-history":[{"count":1,"href":"https:\/\/noticiasnoface.com.br\/index.php\/wp-json\/wp\/v2\/posts\/15928\/revisions"}],"predecessor-version":[{"id":15929,"href":"https:\/\/noticiasnoface.com.br\/index.php\/wp-json\/wp\/v2\/posts\/15928\/revisions\/15929"}],"wp:attachment":[{"href":"https:\/\/noticiasnoface.com.br\/index.php\/wp-json\/wp\/v2\/media?parent=15928"}],"wp:term":[{"taxonomy":"category","embeddable":true,"href":"https:\/\/noticiasnoface.com.br\/index.php\/wp-json\/wp\/v2\/categories?post=15928"},{"taxonomy":"post_tag","embeddable":true,"href":"https:\/\/noticiasnoface.com.br\/index.php\/wp-json\/wp\/v2\/tags?post=15928"}],"curies":[{"name":"wp","href":"https:\/\/api.w.org\/{rel}","templated":true}]}}