{"id":15942,"date":"2023-04-24T11:00:25","date_gmt":"2023-04-24T14:00:25","guid":{"rendered":"https:\/\/noticiasnoface.com.br\/?p=15942"},"modified":"2023-04-24T11:00:26","modified_gmt":"2023-04-24T14:00:26","slug":"bomba-marquise-e-braseco-negociam-venda-de-aterro-de-natal-um-ano-antes-de-fim-da-concessao","status":"publish","type":"post","link":"https:\/\/noticiasnoface.com.br\/index.php\/2023\/04\/24\/bomba-marquise-e-braseco-negociam-venda-de-aterro-de-natal-um-ano-antes-de-fim-da-concessao\/","title":{"rendered":"BOMBA- Marquise e Braseco negociam venda de aterro de Natal um ano antes de fim da concess\u00e3o"},"content":{"rendered":"\n<figure class=\"wp-block-image size-large\"><img data-opt-id=2082976846  fetchpriority=\"high\" decoding=\"async\" width=\"1024\" height=\"765\" src=\"https:\/\/mlbfrsat7ahr.i.optimole.com\/w:1024\/h:765\/q:mauto\/ig:avif\/https:\/\/noticiasnoface.com.br\/wp-content\/uploads\/2023\/04\/img_2795.jpg\" class=\"wp-image-15941\" srcset=\"https:\/\/mlbfrsat7ahr.i.optimole.com\/w:1024\/h:765\/q:mauto\/ig:avif\/https:\/\/noticiasnoface.com.br\/wp-content\/uploads\/2023\/04\/img_2795.jpg 1024w, https:\/\/mlbfrsat7ahr.i.optimole.com\/w:300\/h:224\/q:mauto\/ig:avif\/https:\/\/noticiasnoface.com.br\/wp-content\/uploads\/2023\/04\/img_2795.jpg 300w, https:\/\/mlbfrsat7ahr.i.optimole.com\/w:768\/h:574\/q:mauto\/ig:avif\/https:\/\/noticiasnoface.com.br\/wp-content\/uploads\/2023\/04\/img_2795.jpg 768w, https:\/\/mlbfrsat7ahr.i.optimole.com\/w:1290\/h:964\/q:mauto\/ig:avif\/https:\/\/noticiasnoface.com.br\/wp-content\/uploads\/2023\/04\/img_2795.jpg 1290w\" sizes=\"(max-width: 1000px) 100vw, 1000px\" \/><figcaption class=\"wp-element-caption\">A opera\u00e7\u00e3o de compra que a Marquise Ambiental pretende fazer sobre a Braseco, o que inclui a aquisi\u00e7\u00e3o do aterro sanit\u00e1rio de Natal, situado em Cear\u00e1-Mirim, \u00e9 um neg\u00f3cio cuja rentabilidade pode ser influenciada se a Prefeitura do Natal renovar a concess\u00e3o p\u00fablica prevista para terminar no pr\u00f3ximo ano. <br>A compra <strong><a href=\"https:\/\/blogdodina.com\/2023\/04\/17\/valores-em-sigilo:-marquise-quer-comprar-braseco-e-seu-aterro-sanitario-e-tera-a-quase-totalidade-da-operacao-do-lixo-de-natal\" target=\"_blank\" rel=\"noopener\">foi revelada em primeira m\u00e3o pelo Blog do Dina na semana passada<\/a><\/strong>. O valor da transa\u00e7\u00e3o e quanto vale o aterro \u00e9 desconhecido. A Marquise j\u00e1 cuida da coleta de lixo de Natal. Se o neg\u00f3cio for realizado, ela ficaria com a quase totalidade da opera\u00e7\u00e3o de res\u00edduos da capital.<br>Atualmente, com a tarifa de lixo fixada em R$ 93,23, e com Natal destinando entre 20 e 24 mil toneladas de lixo por m\u00eas para o aterro, o munic\u00edpio precisa pagar \u00e0 Braseco entre R$ 22 e R$ 27 milh\u00f5es por ano.<br>O munic\u00edpio concedeu \u00e0 Braseco a fun\u00e7\u00e3o de destina\u00e7\u00e3o e tratamento dos res\u00edduos da capital. O contrato, de 2004, previa que, ao fim da concess\u00e3o, de 10 anos, todos os bens adquiridos pela concession\u00e1ria fossem revertidos para Natal.<br>Mas, em 2014, o munic\u00edpio renovou a concess\u00e3o por mais 10 anos, sem descontar os valores que j\u00e1 haviam sido destinados \u00e0 Braseco atrav\u00e9s da tarifa de lixo pela qual foram pagos os investimentos feitos, incluindo a remunera\u00e7\u00e3o da empresa.<br>Em 2024, portanto, mais 10 anos se completam e a Braseco deve entregar o aterro sanit\u00e1rio a Natal como forma, mais uma vez, de restituir o investimento feito pelo munic\u00edpio. <br>\u00c9 nesse contexto que se d\u00e1 a compra da Braseco pela Marquise. Isto \u00e9, a aquisi\u00e7\u00e3o de um bem prestes a ser devolvido a Natal, a menos que a gest\u00e3o municipal decida, mais uma vez, renovar a concess\u00e3o. Se assim n\u00e3o o for, a Marquise estar\u00e1 comprando ativos para, na sequ\u00eancia, entreg\u00e1-los \u00e0 Prefeitura do Natal.<br><strong>Vida \u00fatil do aterro tamb\u00e9m termina em 2024<\/strong><br>A compra ainda levanta a discuss\u00e3o sobre a vida \u00fatil do aterro, de 20 anos, prazo que tamb\u00e9m se encerra em 2024.<br>Esgotado o prazo de vida \u00fatil ou o aterro \u00e9 encerrado com atividade de monitoramento, geralmente por 10 anos, ou se estende a atividade do equipamento explorando o que ainda pode ser executado da \u00e1rea.<br>A atual licen\u00e7a que permite o funcionamento do aterro, concedida pelo Idema, vai at\u00e9 2027.<br>Mesmo depois do encerramento de um aterro \u00e9 poss\u00edvel explor\u00e1-lo economicamente, atrav\u00e9s, por exemplo, de energia solar ou com biog\u00e1s, ja que o local continua gerando o combust\u00edvel em raz\u00e3o dos res\u00edduos depositados nos \u00faltimos 20 anos.<\/figcaption><\/figure>\n","protected":false},"excerpt":{"rendered":"","protected":false},"author":1,"featured_media":0,"comment_status":"open","ping_status":"open","sticky":false,"template":"","format":"standard","meta":{"site-sidebar-layout":"default","site-content-layout":"","ast-site-content-layout":"default","site-content-style":"default","site-sidebar-style":"default","ast-global-header-display":"","ast-banner-title-visibility":"","ast-main-header-display":"","ast-hfb-above-header-display":"","ast-hfb-below-header-display":"","ast-hfb-mobile-header-display":"","site-post-title":"","ast-breadcrumbs-content":"","ast-featured-img":"","footer-sml-layout":"","ast-disable-related-posts":"","theme-transparent-header-meta":"","adv-header-id-meta":"","stick-header-meta":"","header-above-stick-meta":"","header-main-stick-meta":"","header-below-stick-meta":"","astra-migrate-meta-layouts":"default","ast-page-background-enabled":"default","ast-page-background-meta":{"desktop":{"background-color":"var(--ast-global-color-4)","background-image":"","background-repeat":"repeat","background-position":"center center","background-size":"auto","background-attachment":"scroll","background-type":"","background-media":"","overlay-type":"","overlay-color":"","overlay-opacity":"","overlay-gradient":""},"tablet":{"background-color":"","background-image":"","background-repeat":"repeat","background-position":"center center","background-size":"auto","background-attachment":"scroll","background-type":"","background-media":"","overlay-type":"","overlay-color":"","overlay-opacity":"","overlay-gradient":""},"mobile":{"background-color":"","background-image":"","background-repeat":"repeat","background-position":"center center","background-size":"auto","background-attachment":"scroll","background-type":"","background-media":"","overlay-type":"","overlay-color":"","overlay-opacity":"","overlay-gradient":""}},"ast-content-background-meta":{"desktop":{"background-color":"var(--ast-global-color-5)","background-image":"","background-repeat":"repeat","background-position":"center center","background-size":"auto","background-attachment":"scroll","background-type":"","background-media":"","overlay-type":"","overlay-color":"","overlay-opacity":"","overlay-gradient":""},"tablet":{"background-color":"var(--ast-global-color-5)","background-image":"","background-repeat":"repeat","background-position":"center center","background-size":"auto","background-attachment":"scroll","background-type":"","background-media":"","overlay-type":"","overlay-color":"","overlay-opacity":"","overlay-gradient":""},"mobile":{"background-color":"var(--ast-global-color-5)","background-image":"","background-repeat":"repeat","background-position":"center center","background-size":"auto","background-attachment":"scroll","background-type":"","background-media":"","overlay-type":"","overlay-color":"","overlay-opacity":"","overlay-gradient":""}},"footnotes":""},"categories":[170],"tags":[2857,2229,22,566],"class_list":["post-15942","post","type-post","status-publish","format-standard","hentry","category-denuncia","tag-marquise","tag-noticas-do-face","tag-noticias-no-face","tag-prefeitura-de-natal"],"_links":{"self":[{"href":"https:\/\/noticiasnoface.com.br\/index.php\/wp-json\/wp\/v2\/posts\/15942","targetHints":{"allow":["GET"]}}],"collection":[{"href":"https:\/\/noticiasnoface.com.br\/index.php\/wp-json\/wp\/v2\/posts"}],"about":[{"href":"https:\/\/noticiasnoface.com.br\/index.php\/wp-json\/wp\/v2\/types\/post"}],"author":[{"embeddable":true,"href":"https:\/\/noticiasnoface.com.br\/index.php\/wp-json\/wp\/v2\/users\/1"}],"replies":[{"embeddable":true,"href":"https:\/\/noticiasnoface.com.br\/index.php\/wp-json\/wp\/v2\/comments?post=15942"}],"version-history":[{"count":1,"href":"https:\/\/noticiasnoface.com.br\/index.php\/wp-json\/wp\/v2\/posts\/15942\/revisions"}],"predecessor-version":[{"id":15943,"href":"https:\/\/noticiasnoface.com.br\/index.php\/wp-json\/wp\/v2\/posts\/15942\/revisions\/15943"}],"wp:attachment":[{"href":"https:\/\/noticiasnoface.com.br\/index.php\/wp-json\/wp\/v2\/media?parent=15942"}],"wp:term":[{"taxonomy":"category","embeddable":true,"href":"https:\/\/noticiasnoface.com.br\/index.php\/wp-json\/wp\/v2\/categories?post=15942"},{"taxonomy":"post_tag","embeddable":true,"href":"https:\/\/noticiasnoface.com.br\/index.php\/wp-json\/wp\/v2\/tags?post=15942"}],"curies":[{"name":"wp","href":"https:\/\/api.w.org\/{rel}","templated":true}]}}