{"id":15947,"date":"2023-04-24T17:17:53","date_gmt":"2023-04-24T20:17:53","guid":{"rendered":"https:\/\/noticiasnoface.com.br\/?p=15947"},"modified":"2023-04-24T17:17:54","modified_gmt":"2023-04-24T20:17:54","slug":"urbana-diz-que-soube-da-venda-do-aterro-de-natal-pelo-blog","status":"publish","type":"post","link":"https:\/\/noticiasnoface.com.br\/index.php\/2023\/04\/24\/urbana-diz-que-soube-da-venda-do-aterro-de-natal-pelo-blog\/","title":{"rendered":"Urbana diz que soube da venda do aterro de Natal pelo blog"},"content":{"rendered":"\n<figure class=\"wp-block-image size-large\"><img data-opt-id=1178839634  fetchpriority=\"high\" decoding=\"async\" width=\"300\" height=\"193\" src=\"https:\/\/mlbfrsat7ahr.i.optimole.com\/w:300\/h:193\/q:mauto\/ig:avif\/https:\/\/noticiasnoface.com.br\/wp-content\/uploads\/2023\/04\/img_2816.jpg\" class=\"wp-image-15946\" srcset=\"https:\/\/mlbfrsat7ahr.i.optimole.com\/w:300\/h:193\/q:mauto\/ig:avif\/https:\/\/noticiasnoface.com.br\/wp-content\/uploads\/2023\/04\/img_2816.jpg 300w, https:\/\/mlbfrsat7ahr.i.optimole.com\/w:768\/h:495\/q:mauto\/ig:avif\/https:\/\/noticiasnoface.com.br\/wp-content\/uploads\/2023\/04\/img_2816.jpg 768w, https:\/\/mlbfrsat7ahr.i.optimole.com\/w:946\/h:610\/q:mauto\/ig:avif\/https:\/\/noticiasnoface.com.br\/wp-content\/uploads\/2023\/04\/img_2816.jpg 946w\" sizes=\"(max-width: 300px) 100vw, 300px\" \/><figcaption class=\"wp-element-caption\">A empresa p\u00fablica de Natal constitu\u00edda para cuidar da opera\u00e7\u00e3o de limpeza da cidade e com quem diretamente a Marquise Ambiental e a Braseco lidam, a Urbana, informou em nota que n\u00e3o sabia da negocia\u00e7\u00e3o de venda do aterro sanit\u00e1rio de Natal.<br>O equipamento hoje est\u00e1 concedido pelo munic\u00edpio \u00e0 Braseco, que pode vend\u00ea-lo \u00e0 Marquise. Em todo caso, encerrada a concess\u00e3o, o que est\u00e1 previsto para acontecer em 2024, o aterro, com todos os investimentos a ele associados, voltam para Natal.<br>&#8220;A Companhia de Servi\u00e7os Urbanos de Natal &#8211; Urbana, n\u00e3o foi comunicada a respeito da consulta ao CADE feita pela Marquise Ambiental. A diretoria soube atrav\u00e9s do Blog do Dina. J\u00e1 sobre o impacto desta transa\u00e7\u00e3o ainda n\u00e3o pode ser analisado, tendo em vista que n\u00e3o h\u00e1 discuss\u00e3o t\u00e9cnica ou jur\u00eddica sobre o assunto&#8221;, disse a Urbana em nota.<\/figcaption><\/figure>\n","protected":false},"excerpt":{"rendered":"","protected":false},"author":1,"featured_media":0,"comment_status":"open","ping_status":"open","sticky":false,"template":"","format":"standard","meta":{"site-sidebar-layout":"default","site-content-layout":"","ast-site-content-layout":"default","site-content-style":"default","site-sidebar-style":"default","ast-global-header-display":"","ast-banner-title-visibility":"","ast-main-header-display":"","ast-hfb-above-header-display":"","ast-hfb-below-header-display":"","ast-hfb-mobile-header-display":"","site-post-title":"","ast-breadcrumbs-content":"","ast-featured-img":"","footer-sml-layout":"","ast-disable-related-posts":"","theme-transparent-header-meta":"","adv-header-id-meta":"","stick-header-meta":"","header-above-stick-meta":"","header-main-stick-meta":"","header-below-stick-meta":"","astra-migrate-meta-layouts":"default","ast-page-background-enabled":"default","ast-page-background-meta":{"desktop":{"background-color":"var(--ast-global-color-4)","background-image":"","background-repeat":"repeat","background-position":"center center","background-size":"auto","background-attachment":"scroll","background-type":"","background-media":"","overlay-type":"","overlay-color":"","overlay-opacity":"","overlay-gradient":""},"tablet":{"background-color":"","background-image":"","background-repeat":"repeat","background-position":"center center","background-size":"auto","background-attachment":"scroll","background-type":"","background-media":"","overlay-type":"","overlay-color":"","overlay-opacity":"","overlay-gradient":""},"mobile":{"background-color":"","background-image":"","background-repeat":"repeat","background-position":"center center","background-size":"auto","background-attachment":"scroll","background-type":"","background-media":"","overlay-type":"","overlay-color":"","overlay-opacity":"","overlay-gradient":""}},"ast-content-background-meta":{"desktop":{"background-color":"var(--ast-global-color-5)","background-image":"","background-repeat":"repeat","background-position":"center center","background-size":"auto","background-attachment":"scroll","background-type":"","background-media":"","overlay-type":"","overlay-color":"","overlay-opacity":"","overlay-gradient":""},"tablet":{"background-color":"var(--ast-global-color-5)","background-image":"","background-repeat":"repeat","background-position":"center center","background-size":"auto","background-attachment":"scroll","background-type":"","background-media":"","overlay-type":"","overlay-color":"","overlay-opacity":"","overlay-gradient":""},"mobile":{"background-color":"var(--ast-global-color-5)","background-image":"","background-repeat":"repeat","background-position":"center center","background-size":"auto","background-attachment":"scroll","background-type":"","background-media":"","overlay-type":"","overlay-color":"","overlay-opacity":"","overlay-gradient":""}},"footnotes":""},"categories":[517],"tags":[2229,22,199,566,1250],"class_list":["post-15947","post","type-post","status-publish","format-standard","hentry","category-aconteceu","tag-noticas-do-face","tag-noticias-no-face","tag-noticiasnoface","tag-prefeitura-de-natal","tag-urbana"],"_links":{"self":[{"href":"https:\/\/noticiasnoface.com.br\/index.php\/wp-json\/wp\/v2\/posts\/15947","targetHints":{"allow":["GET"]}}],"collection":[{"href":"https:\/\/noticiasnoface.com.br\/index.php\/wp-json\/wp\/v2\/posts"}],"about":[{"href":"https:\/\/noticiasnoface.com.br\/index.php\/wp-json\/wp\/v2\/types\/post"}],"author":[{"embeddable":true,"href":"https:\/\/noticiasnoface.com.br\/index.php\/wp-json\/wp\/v2\/users\/1"}],"replies":[{"embeddable":true,"href":"https:\/\/noticiasnoface.com.br\/index.php\/wp-json\/wp\/v2\/comments?post=15947"}],"version-history":[{"count":1,"href":"https:\/\/noticiasnoface.com.br\/index.php\/wp-json\/wp\/v2\/posts\/15947\/revisions"}],"predecessor-version":[{"id":15948,"href":"https:\/\/noticiasnoface.com.br\/index.php\/wp-json\/wp\/v2\/posts\/15947\/revisions\/15948"}],"wp:attachment":[{"href":"https:\/\/noticiasnoface.com.br\/index.php\/wp-json\/wp\/v2\/media?parent=15947"}],"wp:term":[{"taxonomy":"category","embeddable":true,"href":"https:\/\/noticiasnoface.com.br\/index.php\/wp-json\/wp\/v2\/categories?post=15947"},{"taxonomy":"post_tag","embeddable":true,"href":"https:\/\/noticiasnoface.com.br\/index.php\/wp-json\/wp\/v2\/tags?post=15947"}],"curies":[{"name":"wp","href":"https:\/\/api.w.org\/{rel}","templated":true}]}}