{"id":15950,"date":"2023-04-24T21:47:01","date_gmt":"2023-04-25T00:47:01","guid":{"rendered":"https:\/\/noticiasnoface.com.br\/?p=15950"},"modified":"2023-04-24T21:47:01","modified_gmt":"2023-04-25T00:47:01","slug":"vazou-documentos-secretos-da-uniao-europeia-revelam-que-eles-nao-confiam-em-lula","status":"publish","type":"post","link":"https:\/\/noticiasnoface.com.br\/index.php\/2023\/04\/24\/vazou-documentos-secretos-da-uniao-europeia-revelam-que-eles-nao-confiam-em-lula\/","title":{"rendered":"VAZOU- Documentos secretos da Uni\u00e3o Europeia revelam que eles n\u00e3o confiam em LULA"},"content":{"rendered":"\n<figure class=\"wp-block-image size-large\"><img data-opt-id=323964454  fetchpriority=\"high\" decoding=\"async\" width=\"1024\" height=\"641\" src=\"https:\/\/mlbfrsat7ahr.i.optimole.com\/w:1024\/h:641\/q:mauto\/ig:avif\/https:\/\/noticiasnoface.com.br\/wp-content\/uploads\/2023\/04\/img_2849.jpg\" class=\"wp-image-15949\" srcset=\"https:\/\/mlbfrsat7ahr.i.optimole.com\/w:1024\/h:641\/q:mauto\/ig:avif\/https:\/\/noticiasnoface.com.br\/wp-content\/uploads\/2023\/04\/img_2849.jpg 1024w, https:\/\/mlbfrsat7ahr.i.optimole.com\/w:300\/h:188\/q:mauto\/ig:avif\/https:\/\/noticiasnoface.com.br\/wp-content\/uploads\/2023\/04\/img_2849.jpg 300w, https:\/\/mlbfrsat7ahr.i.optimole.com\/w:768\/h:481\/q:mauto\/ig:avif\/https:\/\/noticiasnoface.com.br\/wp-content\/uploads\/2023\/04\/img_2849.jpg 768w, https:\/\/mlbfrsat7ahr.i.optimole.com\/w:1290\/h:808\/q:mauto\/ig:avif\/https:\/\/noticiasnoface.com.br\/wp-content\/uploads\/2023\/04\/img_2849.jpg 1290w\" sizes=\"(max-width: 1000px) 100vw, 1000px\" \/><figcaption class=\"wp-element-caption\">Arquivo vazado do bloco europeu expressa reservas em rela\u00e7\u00e3o a postura do presidente sobre Guerra da Ucr\u00e2nia e meio ambiente<br>A <a href=\"https:\/\/www1.folha.uol.com.br\/folha-topicos\/uniao-europeia\/\" target=\"_blank\" rel=\"noopener\">Uni\u00e3o Europeia<\/a> est\u00e1 preocupada com a posi\u00e7\u00e3o do Brasil em rela\u00e7\u00e3o \u00e0 <a href=\"https:\/\/www1.folha.uol.com.br\/mundo\/guerra-da-ucrania\/\" target=\"_blank\" rel=\"noopener\">Guerra da Ucr\u00e2nia <\/a>e com a<a href=\"https:\/\/www1.folha.uol.com.br\/ambiente\/2023\/04\/desmatamento-no-primeiro-trimestre-bate-recorde-no-cerrado-e-tem-segundo-pior-indice-na-amazonia.shtml\" target=\"_blank\" rel=\"noopener\"> falta de cumprimento de obriga\u00e7\u00f5es na \u00e1rea ambiental<\/a>, indica um documento oficial e confidencial que trata das rela\u00e7\u00f5es do bloco europeu com quatro pa\u00edses emergentes: Brasil, Chile, Nig\u00e9ria e Cazaquist\u00e3o.<br>Se as &#8220;informa\u00e7\u00f5es n\u00e3o p\u00fablicas&#8221;, conforme \u00e9 dito no texto, n\u00e3o trazem informa\u00e7\u00f5es bomb\u00e1sticas, s\u00e3o um vislumbre do trabalho de bastidores da diplomacia atual e tra\u00e7am um instant\u00e2neo de como o Brasil \u00e9 visto neste momento pela <a href=\"https:\/\/www1.folha.uol.com.br\/folha-topicos\/europa\/\" target=\"_blank\" rel=\"noopener\">Europa<\/a>. O documento, obtido nesta segunda-feira (24) pela <strong>Folha<\/strong>, teve seu teor inicialmente divulgado pelo <a rel=\"noreferrer noopener\" href=\"https:\/\/www.politico.com\/\" target=\"_blank\">site de not\u00edcias americano Politico<\/a>.<br>Apesar de os l\u00edderes europeus se mostrarem aliviados com a <a href=\"https:\/\/www1.folha.uol.com.br\/poder\/2022\/10\/lula-e-eleito-presidente-pela-3a-vez-projeta-datafolha.shtml\" target=\"_blank\" rel=\"noopener\">elei\u00e7\u00e3o de Luiz In\u00e1cio Lula da Silva (PT)<\/a> e com a volta do Brasil ao cen\u00e1rio internacional \u2014ap\u00f3s quatro anos de apag\u00e3o sob o <a href=\"https:\/\/www1.folha.uol.com.br\/folha-topicos\/jair-bolsonaro\/\" target=\"_blank\" rel=\"noopener\">ex-presidente Jair Bolsonaro<\/a>\u2014, o texto mostra preocupa\u00e7\u00e3o com as <a href=\"https:\/\/www1.folha.uol.com.br\/mundo\/2023\/04\/falas-de-lula-sobre-ucrania-e-visita-de-lavrov-encerram-lua-de-mel-com-ocidente.shtml\" target=\"_blank\" rel=\"noopener\">recentes declara\u00e7\u00f5es do petista<\/a>.<br>&#8220;Relan\u00e7ar a parceria estrat\u00e9gica com o Brasil&#8221; \u00e9 um dos pontos do documento descritos como de interesse da comunidade europeia. &#8220;UE preocupada que o foco de Lula na reindustrializa\u00e7\u00e3o possa se tornar protecionista&#8221; \u00e9 outro t\u00f3pico citado.<br>Entre os interesses do Brasil, diz a UE, est\u00e1 &#8220;ser reconhecido e tratado como ator global&#8221; e a &#8220;diversifica\u00e7\u00e3o do fornecimento de fertilizantes (depend\u00eancia excessiva da R\u00fassia e da Belarus)&#8221;, entre outros.<br>L\u00e1 fora<br>Receba no seu email uma sele\u00e7\u00e3o semanal com o que de mais importante aconteceu no mundo; aberta para n\u00e3o assinantes.<br>Preparado por diplomatas do bloco, o &#8220;Plano de A\u00e7\u00e3o da UE sobre as Consequ\u00eancias Geopol\u00edticas da Invas\u00e3o Russa da Ucr\u00e2nia em Pa\u00edses Terceiros&#8221; detalha estrat\u00e9gias para reaproximar ou manter a proximidade dos quatro pa\u00edses.<br>O arquivo de sete p\u00e1ginas reserva, ap\u00f3s a introdu\u00e7\u00e3o, uma p\u00e1gina para cada na\u00e7\u00e3o, exibindo pontos divididos em quatro partes: &#8220;interesses da UE&#8221;, &#8220;interesses do pa\u00eds terceiro&#8221;, &#8220;desafios&#8221; e &#8220;oportunidades&#8221;.<br>Na introdu\u00e7\u00e3o, h\u00e1 um breve resumo da situa\u00e7\u00e3o de cada pa\u00eds e a do Brasil diz o seguinte: &#8220;O atual governo mostra sinais de disposi\u00e7\u00e3o para intensificar a coopera\u00e7\u00e3o. Uma estrutura para fortalecer o engajamento j\u00e1 existe, uma vez que a UE j\u00e1 tem uma parceria estrat\u00e9gica que pode ser reativada. O avan\u00e7o do <a href=\"https:\/\/www1.folha.uol.com.br\/ambiente\/2023\/02\/acordo-uniao-europeia-mercosul-depende-de-compromissos-ambientais-e-texto-mais-rigido-diz-eurodeputada.shtml\" target=\"_blank\" rel=\"noopener\">acordo UE-Mercosul <\/a>ser\u00e1 de fundamental import\u00e2ncia. Mas a UE tamb\u00e9m precisar\u00e1 aumentar os investimentos em energia e nas \u00e1reas digital e de sustentabilidade&#8221;.<br>A introdu\u00e7\u00e3o revela a raz\u00e3o do relat\u00f3rio: &#8220;Tornou-se claro logo ap\u00f3s o in\u00edcio da<a href=\"https:\/\/www1.folha.uol.com.br\/mundo\/2022\/02\/putin-autoriza-operacao-militar-na-ucrania.shtml\" target=\"_blank\" rel=\"noopener\"> invas\u00e3o russa da Ucr\u00e2nia<\/a> que suas consequ\u00eancias eram globais. A resposta da UE baseou-se, portanto, no apoio \u00e0 Ucr\u00e2nia, no combate \u00e0 R\u00fassia e no apoio aos parceiros em todo o mundo para lidar com consequ\u00eancias globais&#8221;.<br>O texto dos diplomatas europeus cita ainda um &#8220;um ambiente geopol\u00edtico competitivo&#8221; em que h\u00e1 &#8220;n\u00e3o apenas uma batalha de narrativas, mas tamb\u00e9m uma batalha de ofertas&#8221; como justificativa para a renova\u00e7\u00e3o de estrat\u00e9gias nas parcerias internacionais. Em especial, infere-se, com os quatro pa\u00edses citados. &#8220;O \u2018Plano de A\u00e7\u00e3o\u2019 faz exatamente isso: com base na geografia, na influ\u00eancia regional e na abrang\u00eancia pol\u00edtica da UE, selecionamos pa\u00edses priorit\u00e1rios para negociar uma oferta com cada um deles, adaptada aos interesses deles e aos nossos&#8221;, diz o documento.<br>A seguir, o texto apresenta resumos dos pa\u00edses emergentes priorizados no documento. No caso da <a href=\"https:\/\/www1.folha.uol.com.br\/folha-topicos\/nigeria\/\" target=\"_blank\" rel=\"noopener\">Nig\u00e9ria<\/a>, lembra que &#8220;haver\u00e1 um novo presidente e um novo governo ap\u00f3s a posse em maio. Um di\u00e1logo ministerial est\u00e1 planejado.&#8221; Em seguida, o relat\u00f3rio sugere que a UE deve facilitar o fornecimento de vistos aos cidad\u00e3os do <a href=\"https:\/\/www1.folha.uol.com.br\/folha-topicos\/cazaquistao\/\" target=\"_blank\" rel=\"noopener\">Cazaquist\u00e3o<\/a> &#8220;em vista de um relacionamento aprimorado&#8221;.<br>China, terra do meio<br>Receba no seu email os grandes temas da China explicados e contextualizados; exclusiva para assinantes.<br>Quanto ao<a href=\"https:\/\/www1.folha.uol.com.br\/folha-topicos\/chile\/\" target=\"_blank\" rel=\"noopener\"> Chile<\/a>, &#8220;quase n\u00e3o h\u00e1 atritos bilaterais no relacionamento com a UE, e h\u00e1 um engajamento de alto n\u00edvel em todas as pol\u00edticas com esse parceiro de mentalidade semelhante. (&#8230;) Mas a UE deve estabelecer uma boa sequ\u00eancia de visitas e di\u00e1logos como parte de um pacote geral&#8221;.<br>Ao fim, o relat\u00f3rio ainda apresenta o que chama de &#8220;narrativas para o p\u00fablico externo&#8221;, sugerindo forma de abordar os temas com os outros pa\u00edses. Entre essas narrativas est\u00e3o frases mais gen\u00e9ricas como &#8220;o Plano de A\u00e7\u00e3o tem como objetivo unir for\u00e7as com os parceiros, para o benef\u00edcio de nossos povos e com o objetivo final de contribuir para a estabilidade e o crescimento globais&#8221; e &#8220;a\u00e7\u00f5es necess\u00e1rias para enfrentar os desafios comuns e aproveitar as oportunidades, para as quais mobilizaremos todos os instrumentos \u00e0 nossa disposi\u00e7\u00e3o&#8221;.<br>Confira a seguir a \u00edntegra dos pontos confidenciais listados pelo &#8220;Plano de A\u00e7\u00e3o da UE&#8221; em rela\u00e7\u00e3o ao Brasil, divididos em quatro blocos.<br><strong>Interesses da Uni\u00e3o Europeia<\/strong><br>Relan\u00e7ar a parceria estrat\u00e9gica com o Brasil<br>Concluir o acordo de Associa\u00e7\u00e3o UE-Mercosul<br>Obter maior apoio pol\u00edtico do Brasil na ONU, globalmente e regionalmente<br>Acesso ao mercado e aumento de oportunidades no Brasil para neg\u00f3cios e investimentos da UE<br>Obter o reconhecimento brasileiro para as garantias de <a href=\"https:\/\/www1.folha.uol.com.br\/opiniao\/2022\/10\/um-desafio-crescente-para-a-seguranca-alimentar.shtml\" target=\"_blank\" rel=\"noopener\">seguran\u00e7a alimentar<\/a> da UE<br>Impulsionar a coopera\u00e7\u00e3o em transforma\u00e7\u00f5es verdes e digitais, a\u00e7\u00e3o clim\u00e1tica e ambiente<br>Garantir mat\u00e9rias-primas essenciais para o Acordo Verde da UE<br>Abordar a atua\u00e7\u00e3o da <a href=\"https:\/\/www1.folha.uol.com.br\/folha-topicos\/china\/\" target=\"_blank\" rel=\"noopener\">China<\/a> na ades\u00e3o do Brasil ao Acordo de Compras Governamentais da Organiza\u00e7\u00e3o Mundial do Com\u00e9rcio<br>Fortalecer a coopera\u00e7\u00e3o em defesa e seguran\u00e7a<br><strong>Interesses do Brasil <\/strong><br>Ser reconhecido e tratado como um ator global (inclusive em rela\u00e7\u00e3o \u00e0 reforma da ONU)<br>Concluir o Acordo de Associa\u00e7\u00e3o UE-Mercosul (ao mesmo tempo em que enfatiza a necessidade de resolver desequil\u00edbrios nas rela\u00e7\u00f5es UE-Mercosul)<br>Atrair mais com\u00e9rcio, investimento e tecnologia da UE e aproveitar as oportunidades em clima, energia e minera\u00e7\u00e3o<br>Melhorar o acesso ao mercado da UE para produtos agr\u00edcolas<br>Diversifica\u00e7\u00e3o do fornecimento de fertilizantes (depend\u00eancia excessiva da R\u00fassia e da Belarus)<br>Agregar valor \u00e0 mat\u00e9ria-prima exportada<br>Apoio ao desenvolvimento de institui\u00e7\u00f5es democr\u00e1ticas, direitos ind\u00edgenas e meios de subsist\u00eancia, redu\u00e7\u00e3o da pobreza, desenvolvimento sustent\u00e1vel e pol\u00edticas sociais, educa\u00e7\u00e3o<br>Fortalecer a coopera\u00e7\u00e3o em defesa, seguran\u00e7a e espa\u00e7o (Centro de Alc\u00e2ntara)<br><strong>Desafios <\/strong><br>O Brasil v\u00ea as propostas legislativas aut\u00f4nomas da UE (legisla\u00e7\u00e3o do Acordo Verde) como medidas unilaterais protecionistas, em especial a legisla\u00e7\u00e3o sobre desmatamento e a CBAM (Mecanismo de Ajuste de Limites de Carbono). Essa preocupa\u00e7\u00e3o tamb\u00e9m foi levantada pelo BR nas discuss\u00f5es em andamento sobre a finaliza\u00e7\u00e3o do Acordo UE-Mercosul<br>O Brasil sente falta de uma agenda positiva para o engajamento m\u00fatuo: nenhuma c\u00fapula desde 2014<br>UE preocupada que o foco de Lula na reindustrializa\u00e7\u00e3o possa se tornar protecionista<br>UE preocupada com a possibilidade de o Brasil querer reabrir o Acordo do Mercosul<br>UE preocupada com a posi\u00e7\u00e3o do Brasil sobre a <a href=\"https:\/\/www1.folha.uol.com.br\/mundo\/guerra-da-ucrania\/\" target=\"_blank\" rel=\"noopener\">guerra da R\u00fassia contra a Ucr\u00e2nia<\/a> e com a falta de cumprimento de obriga\u00e7\u00f5es em rela\u00e7\u00e3o a clima, ambiente e aprova\u00e7\u00e3o sanit\u00e1ria dos produtos da UE<br><strong>Oportunidades <\/strong><br>A pol\u00edtica externa est\u00e1 de volta ao topo da agenda do Brasil, com o presidente Lula ansioso para obter \u00eaxitos (o Acordo de Associa\u00e7\u00e3o UE-Mercosul poderia ser um deles)<br>Forte alinhamento de pol\u00edticas com o governo Lula, por exemplo, nas transi\u00e7\u00f5es verde e digital, direitos humanos, direitos ind\u00edgenas, combate ao garimpo ilegal de ouro, defesa e seguran\u00e7a<br>Poss\u00edvel avan\u00e7o no combate ao desmatamento e biodiversidade se a UE conseguir apoiar o Brasil na cria\u00e7\u00e3o de empregos e na adapta\u00e7\u00e3o \u00e0s novas regulamenta\u00e7\u00f5es da UE<br>Alavancar o papel do Brasil como um ator construtivo na regi\u00e3o, inclusive na Celac (Comunidade de Estados Latino-Americanos e Caribenhos)<br>Ajudar no processo de ades\u00e3o do Brasil \u00e0 OCDE (Organiza\u00e7\u00e3o para a Coopera\u00e7\u00e3o e Desenvolvimento Econ\u00f4mico) e \u00e0 presid\u00eancia do G20 (2024)<\/figcaption><\/figure>\n","protected":false},"excerpt":{"rendered":"","protected":false},"author":1,"featured_media":0,"comment_status":"open","ping_status":"open","sticky":false,"template":"","format":"standard","meta":{"site-sidebar-layout":"default","site-content-layout":"","ast-site-content-layout":"default","site-content-style":"default","site-sidebar-style":"default","ast-global-header-display":"","ast-banner-title-visibility":"","ast-main-header-display":"","ast-hfb-above-header-display":"","ast-hfb-below-header-display":"","ast-hfb-mobile-header-display":"","site-post-title":"","ast-breadcrumbs-content":"","ast-featured-img":"","footer-sml-layout":"","ast-disable-related-posts":"","theme-transparent-header-meta":"","adv-header-id-meta":"","stick-header-meta":"","header-above-stick-meta":"","header-main-stick-meta":"","header-below-stick-meta":"","astra-migrate-meta-layouts":"default","ast-page-background-enabled":"default","ast-page-background-meta":{"desktop":{"background-color":"var(--ast-global-color-4)","background-image":"","background-repeat":"repeat","background-position":"center center","background-size":"auto","background-attachment":"scroll","background-type":"","background-media":"","overlay-type":"","overlay-color":"","overlay-opacity":"","overlay-gradient":""},"tablet":{"background-color":"","background-image":"","background-repeat":"repeat","background-position":"center center","background-size":"auto","background-attachment":"scroll","background-type":"","background-media":"","overlay-type":"","overlay-color":"","overlay-opacity":"","overlay-gradient":""},"mobile":{"background-color":"","background-image":"","background-repeat":"repeat","background-position":"center center","background-size":"auto","background-attachment":"scroll","background-type":"","background-media":"","overlay-type":"","overlay-color":"","overlay-opacity":"","overlay-gradient":""}},"ast-content-background-meta":{"desktop":{"background-color":"var(--ast-global-color-5)","background-image":"","background-repeat":"repeat","background-position":"center center","background-size":"auto","background-attachment":"scroll","background-type":"","background-media":"","overlay-type":"","overlay-color":"","overlay-opacity":"","overlay-gradient":""},"tablet":{"background-color":"var(--ast-global-color-5)","background-image":"","background-repeat":"repeat","background-position":"center center","background-size":"auto","background-attachment":"scroll","background-type":"","background-media":"","overlay-type":"","overlay-color":"","overlay-opacity":"","overlay-gradient":""},"mobile":{"background-color":"var(--ast-global-color-5)","background-image":"","background-repeat":"repeat","background-position":"center center","background-size":"auto","background-attachment":"scroll","background-type":"","background-media":"","overlay-type":"","overlay-color":"","overlay-opacity":"","overlay-gradient":""}},"footnotes":""},"categories":[517],"tags":[2858,215,2229,22,199,2058,2859,2860],"class_list":["post-15950","post","type-post","status-publish","format-standard","hentry","category-aconteceu","tag-documentos","tag-lula","tag-noticas-do-face","tag-noticias-no-face","tag-noticiasnoface","tag-presidente-lula","tag-uniao-europeia","tag-vazou"],"_links":{"self":[{"href":"https:\/\/noticiasnoface.com.br\/index.php\/wp-json\/wp\/v2\/posts\/15950","targetHints":{"allow":["GET"]}}],"collection":[{"href":"https:\/\/noticiasnoface.com.br\/index.php\/wp-json\/wp\/v2\/posts"}],"about":[{"href":"https:\/\/noticiasnoface.com.br\/index.php\/wp-json\/wp\/v2\/types\/post"}],"author":[{"embeddable":true,"href":"https:\/\/noticiasnoface.com.br\/index.php\/wp-json\/wp\/v2\/users\/1"}],"replies":[{"embeddable":true,"href":"https:\/\/noticiasnoface.com.br\/index.php\/wp-json\/wp\/v2\/comments?post=15950"}],"version-history":[{"count":1,"href":"https:\/\/noticiasnoface.com.br\/index.php\/wp-json\/wp\/v2\/posts\/15950\/revisions"}],"predecessor-version":[{"id":15951,"href":"https:\/\/noticiasnoface.com.br\/index.php\/wp-json\/wp\/v2\/posts\/15950\/revisions\/15951"}],"wp:attachment":[{"href":"https:\/\/noticiasnoface.com.br\/index.php\/wp-json\/wp\/v2\/media?parent=15950"}],"wp:term":[{"taxonomy":"category","embeddable":true,"href":"https:\/\/noticiasnoface.com.br\/index.php\/wp-json\/wp\/v2\/categories?post=15950"},{"taxonomy":"post_tag","embeddable":true,"href":"https:\/\/noticiasnoface.com.br\/index.php\/wp-json\/wp\/v2\/tags?post=15950"}],"curies":[{"name":"wp","href":"https:\/\/api.w.org\/{rel}","templated":true}]}}