{"id":15958,"date":"2023-04-24T23:00:00","date_gmt":"2023-04-25T02:00:00","guid":{"rendered":"https:\/\/noticiasnoface.com.br\/?p=15958"},"modified":"2023-04-24T23:00:01","modified_gmt":"2023-04-25T02:00:01","slug":"dia-nacional-de-libras-e-celebrado-na-camara-de-parnamirim","status":"publish","type":"post","link":"https:\/\/noticiasnoface.com.br\/index.php\/2023\/04\/24\/dia-nacional-de-libras-e-celebrado-na-camara-de-parnamirim\/","title":{"rendered":"Dia Nacional de Libras \u00e9 celebrado na C\u00e2mara de Parnamirim"},"content":{"rendered":"\n<figure class=\"wp-block-image size-large\"><img data-opt-id=731637235  fetchpriority=\"high\" decoding=\"async\" width=\"1024\" height=\"544\" src=\"https:\/\/mlbfrsat7ahr.i.optimole.com\/w:1024\/h:544\/q:mauto\/ig:avif\/https:\/\/noticiasnoface.com.br\/wp-content\/uploads\/2023\/04\/img_2856.jpg\" class=\"wp-image-15957\" srcset=\"https:\/\/mlbfrsat7ahr.i.optimole.com\/w:1024\/h:544\/q:mauto\/ig:avif\/https:\/\/noticiasnoface.com.br\/wp-content\/uploads\/2023\/04\/img_2856.jpg 1024w, https:\/\/mlbfrsat7ahr.i.optimole.com\/w:300\/h:159\/q:mauto\/ig:avif\/https:\/\/noticiasnoface.com.br\/wp-content\/uploads\/2023\/04\/img_2856.jpg 300w, https:\/\/mlbfrsat7ahr.i.optimole.com\/w:768\/h:408\/q:mauto\/ig:avif\/https:\/\/noticiasnoface.com.br\/wp-content\/uploads\/2023\/04\/img_2856.jpg 768w, https:\/\/mlbfrsat7ahr.i.optimole.com\/w:1080\/h:574\/q:mauto\/ig:avif\/https:\/\/noticiasnoface.com.br\/wp-content\/uploads\/2023\/04\/img_2856.jpg 1080w\" sizes=\"(max-width: 1000px) 100vw, 1000px\" \/><figcaption class=\"wp-element-caption\">Casa Legislativa preparou v\u00eddeo sobre a L\u00edngua Brasileira de Sinais <br>A turma do Curso de L\u00edngua Brasileira de Sinais (Libras), promovido pela Escola do Legislativo Professora Eva L\u00facia, participou de v\u00eddeo em alus\u00e3o ao Dia Nacional da Libras, celebrado em 24 de abril. A Casa Legislativa produziu o conte\u00fado, que est\u00e1 dispon\u00edvel em seu <em>Instagram<\/em>, visando conscientizar as pessoas sobre a import\u00e2ncia da inclus\u00e3o e da acessibilidade.<br><strong><em><a href=\"https:\/\/www.instagram.com\/reel\/CrbTwxANWpT\/?utm_source=ig_web_copy_link\" target=\"_blank\" rel=\"noopener\">Assista ao v\u00eddeo clicando aqui.<\/a><\/em><\/strong><br>O servidor Felipe Am\u00e9rico, diretor do v\u00eddeo, afirma que foi muito gratificante trabalhar no material. \u201cPercebi a relev\u00e2ncia de proporcionar acessibilidade \u00e0 comunidade surda e tamb\u00e9m acho importante reconhecer a Libras como nossa segunda l\u00edngua\u201d, declarou. Felipe, que tamb\u00e9m \u00e9 aluno do curso, diz que a capacita\u00e7\u00e3o \u201cest\u00e1 sendo muito rica, muito divertida tamb\u00e9m, porque Libras \u00e9 uma linguagem visual. A gente tem que trabalhar coisas que a gente n\u00e3o aprende quando vai aprender uma l\u00edngua nova, tipo gesticular\u201d.<br>Para a professora do curso, Walk\u00edria Vidal, celebrar o Dia Nacional da Libras \u00e9 muito importante, pois a data celebra a san\u00e7\u00e3o da Lei n\u00ba 10.436\/2002, que reconhece a Libras como meio legal de comunica\u00e7\u00e3o e express\u00e3o. Ainda, ela diz que \u00e9 um importante meio de inser\u00e7\u00e3o social da pessoa surda.<br>\u201cA Libras \u00e9 o \u00fanico e exclusivo meio de comunica\u00e7\u00e3o utilizado pelos surdos. A import\u00e2ncia da Libras \u00e9 extrema, tendo em vista que ela \u00e9 uma l\u00edngua oficial. Ela \u00e9 um instrumento tamb\u00e9m para implementar a alfabetiza\u00e7\u00e3o dos surdos\u201d, explica a professora. \u201cEsta data \u00e9 um marco na hist\u00f3ria educacional do surdo. A partir dessa lei, diversos segmentos da comunidade surda tiveram seus direitos chancelados\u201d, complementa. <br><strong>Mensagem<\/strong><br>No material audiovisual, a turma deixa a seguinte mensagem, traduzida para Libras e com legenda:<br><em>\u201c24 de abril \u00e9 o Dia Nacional da L\u00edngua Brasileira de Sinais. A data marca o dia em que a libras foi reconhecida e regulamentada em lei. A comunica\u00e7\u00e3o s\u00f3 ser\u00e1 efetiva quando qualquer cidad\u00e3o for capaz de se comunicar com as pessoas surdas por meio da Libras! Isso \u00e9 inclus\u00e3o de verdade.\u201d<\/em><\/figcaption><\/figure>\n","protected":false},"excerpt":{"rendered":"","protected":false},"author":1,"featured_media":0,"comment_status":"open","ping_status":"open","sticky":false,"template":"","format":"standard","meta":{"site-sidebar-layout":"default","site-content-layout":"","ast-site-content-layout":"default","site-content-style":"default","site-sidebar-style":"default","ast-global-header-display":"","ast-banner-title-visibility":"","ast-main-header-display":"","ast-hfb-above-header-display":"","ast-hfb-below-header-display":"","ast-hfb-mobile-header-display":"","site-post-title":"","ast-breadcrumbs-content":"","ast-featured-img":"","footer-sml-layout":"","ast-disable-related-posts":"","theme-transparent-header-meta":"","adv-header-id-meta":"","stick-header-meta":"","header-above-stick-meta":"","header-main-stick-meta":"","header-below-stick-meta":"","astra-migrate-meta-layouts":"default","ast-page-background-enabled":"default","ast-page-background-meta":{"desktop":{"background-color":"var(--ast-global-color-4)","background-image":"","background-repeat":"repeat","background-position":"center center","background-size":"auto","background-attachment":"scroll","background-type":"","background-media":"","overlay-type":"","overlay-color":"","overlay-opacity":"","overlay-gradient":""},"tablet":{"background-color":"","background-image":"","background-repeat":"repeat","background-position":"center center","background-size":"auto","background-attachment":"scroll","background-type":"","background-media":"","overlay-type":"","overlay-color":"","overlay-opacity":"","overlay-gradient":""},"mobile":{"background-color":"","background-image":"","background-repeat":"repeat","background-position":"center center","background-size":"auto","background-attachment":"scroll","background-type":"","background-media":"","overlay-type":"","overlay-color":"","overlay-opacity":"","overlay-gradient":""}},"ast-content-background-meta":{"desktop":{"background-color":"var(--ast-global-color-5)","background-image":"","background-repeat":"repeat","background-position":"center center","background-size":"auto","background-attachment":"scroll","background-type":"","background-media":"","overlay-type":"","overlay-color":"","overlay-opacity":"","overlay-gradient":""},"tablet":{"background-color":"var(--ast-global-color-5)","background-image":"","background-repeat":"repeat","background-position":"center center","background-size":"auto","background-attachment":"scroll","background-type":"","background-media":"","overlay-type":"","overlay-color":"","overlay-opacity":"","overlay-gradient":""},"mobile":{"background-color":"var(--ast-global-color-5)","background-image":"","background-repeat":"repeat","background-position":"center center","background-size":"auto","background-attachment":"scroll","background-type":"","background-media":"","overlay-type":"","overlay-color":"","overlay-opacity":"","overlay-gradient":""}},"footnotes":""},"categories":[517],"tags":[],"class_list":["post-15958","post","type-post","status-publish","format-standard","hentry","category-aconteceu"],"_links":{"self":[{"href":"https:\/\/noticiasnoface.com.br\/index.php\/wp-json\/wp\/v2\/posts\/15958","targetHints":{"allow":["GET"]}}],"collection":[{"href":"https:\/\/noticiasnoface.com.br\/index.php\/wp-json\/wp\/v2\/posts"}],"about":[{"href":"https:\/\/noticiasnoface.com.br\/index.php\/wp-json\/wp\/v2\/types\/post"}],"author":[{"embeddable":true,"href":"https:\/\/noticiasnoface.com.br\/index.php\/wp-json\/wp\/v2\/users\/1"}],"replies":[{"embeddable":true,"href":"https:\/\/noticiasnoface.com.br\/index.php\/wp-json\/wp\/v2\/comments?post=15958"}],"version-history":[{"count":1,"href":"https:\/\/noticiasnoface.com.br\/index.php\/wp-json\/wp\/v2\/posts\/15958\/revisions"}],"predecessor-version":[{"id":15959,"href":"https:\/\/noticiasnoface.com.br\/index.php\/wp-json\/wp\/v2\/posts\/15958\/revisions\/15959"}],"wp:attachment":[{"href":"https:\/\/noticiasnoface.com.br\/index.php\/wp-json\/wp\/v2\/media?parent=15958"}],"wp:term":[{"taxonomy":"category","embeddable":true,"href":"https:\/\/noticiasnoface.com.br\/index.php\/wp-json\/wp\/v2\/categories?post=15958"},{"taxonomy":"post_tag","embeddable":true,"href":"https:\/\/noticiasnoface.com.br\/index.php\/wp-json\/wp\/v2\/tags?post=15958"}],"curies":[{"name":"wp","href":"https:\/\/api.w.org\/{rel}","templated":true}]}}