{"id":15961,"date":"2023-04-25T05:29:54","date_gmt":"2023-04-25T08:29:54","guid":{"rendered":"https:\/\/noticiasnoface.com.br\/?p=15961"},"modified":"2023-04-25T05:30:57","modified_gmt":"2023-04-25T08:30:57","slug":"presidente-da-fecam-wolney-franca-leva-400-vereadores-para-brasilia","status":"publish","type":"post","link":"https:\/\/noticiasnoface.com.br\/index.php\/2023\/04\/25\/presidente-da-fecam-wolney-franca-leva-400-vereadores-para-brasilia\/","title":{"rendered":"Presidente da FECAM\/RN Wolney Fran\u00e7a leva 400 vereadores para Bras\u00edlia"},"content":{"rendered":"\n<figure class=\"wp-block-image size-large\"><img data-opt-id=1934565344  fetchpriority=\"high\" decoding=\"async\" width=\"933\" height=\"1024\" src=\"https:\/\/mlbfrsat7ahr.i.optimole.com\/w:933\/h:1024\/q:mauto\/ig:avif\/https:\/\/noticiasnoface.com.br\/wp-content\/uploads\/2023\/04\/img_2861.jpg\" alt=\"\" class=\"wp-image-15960\" srcset=\"https:\/\/mlbfrsat7ahr.i.optimole.com\/w:933\/h:1024\/q:mauto\/ig:avif\/https:\/\/noticiasnoface.com.br\/wp-content\/uploads\/2023\/04\/img_2861.jpg 933w, https:\/\/mlbfrsat7ahr.i.optimole.com\/w:273\/h:300\/q:mauto\/ig:avif\/https:\/\/noticiasnoface.com.br\/wp-content\/uploads\/2023\/04\/img_2861.jpg 273w, https:\/\/mlbfrsat7ahr.i.optimole.com\/w:768\/h:843\/q:mauto\/ig:avif\/https:\/\/noticiasnoface.com.br\/wp-content\/uploads\/2023\/04\/img_2861.jpg 768w, https:\/\/mlbfrsat7ahr.i.optimole.com\/w:983\/h:1080\/q:mauto\/ig:avif\/https:\/\/noticiasnoface.com.br\/wp-content\/uploads\/2023\/04\/img_2861.jpg 1290w\" sizes=\"(max-width: 933px) 100vw, 933px\" \/><figcaption class=\"wp-element-caption\">A Federa\u00e7\u00e3o das C\u00e2maras do Rio Grande do Norte (FECAM\/RN), representada pelo presidente eleito vereador de Parnamirim Wolney Fran\u00e7a, est\u00e1 levando para a Marcha dos Vereadores em Bras\u00edlia, uma comitiva com mais de 400 Vereadores do Rio Grande do Norte.<br \/>Cerca de 82 munic\u00edpios formam essa comitiva, que ir\u00e1 a Bras\u00edlia em busca de projetos e emendas para suas cidades.<br \/>Momento tamb\u00e9m de adquirir mais conhecimento e parcerias com os parlamentares de todo Brasil. Wolney tem se destacado pela sua atua\u00e7\u00e3o como presidente da  c\u00e2mara municipal de Parnamirim, se tornando uma das maiores lideran\u00e7as pol\u00edtica n\u00e3o s\u00f3 de Parnamirim mas como do estado!<\/figcaption><\/figure>\n","protected":false},"excerpt":{"rendered":"","protected":false},"author":1,"featured_media":0,"comment_status":"open","ping_status":"open","sticky":false,"template":"","format":"standard","meta":{"site-sidebar-layout":"default","site-content-layout":"","ast-site-content-layout":"default","site-content-style":"default","site-sidebar-style":"default","ast-global-header-display":"","ast-banner-title-visibility":"","ast-main-header-display":"","ast-hfb-above-header-display":"","ast-hfb-below-header-display":"","ast-hfb-mobile-header-display":"","site-post-title":"","ast-breadcrumbs-content":"","ast-featured-img":"","footer-sml-layout":"","ast-disable-related-posts":"","theme-transparent-header-meta":"","adv-header-id-meta":"","stick-header-meta":"","header-above-stick-meta":"","header-main-stick-meta":"","header-below-stick-meta":"","astra-migrate-meta-layouts":"default","ast-page-background-enabled":"default","ast-page-background-meta":{"desktop":{"background-color":"var(--ast-global-color-4)","background-image":"","background-repeat":"repeat","background-position":"center center","background-size":"auto","background-attachment":"scroll","background-type":"","background-media":"","overlay-type":"","overlay-color":"","overlay-opacity":"","overlay-gradient":""},"tablet":{"background-color":"","background-image":"","background-repeat":"repeat","background-position":"center center","background-size":"auto","background-attachment":"scroll","background-type":"","background-media":"","overlay-type":"","overlay-color":"","overlay-opacity":"","overlay-gradient":""},"mobile":{"background-color":"","background-image":"","background-repeat":"repeat","background-position":"center center","background-size":"auto","background-attachment":"scroll","background-type":"","background-media":"","overlay-type":"","overlay-color":"","overlay-opacity":"","overlay-gradient":""}},"ast-content-background-meta":{"desktop":{"background-color":"var(--ast-global-color-5)","background-image":"","background-repeat":"repeat","background-position":"center center","background-size":"auto","background-attachment":"scroll","background-type":"","background-media":"","overlay-type":"","overlay-color":"","overlay-opacity":"","overlay-gradient":""},"tablet":{"background-color":"var(--ast-global-color-5)","background-image":"","background-repeat":"repeat","background-position":"center center","background-size":"auto","background-attachment":"scroll","background-type":"","background-media":"","overlay-type":"","overlay-color":"","overlay-opacity":"","overlay-gradient":""},"mobile":{"background-color":"var(--ast-global-color-5)","background-image":"","background-repeat":"repeat","background-position":"center center","background-size":"auto","background-attachment":"scroll","background-type":"","background-media":"","overlay-type":"","overlay-color":"","overlay-opacity":"","overlay-gradient":""}},"footnotes":""},"categories":[153],"tags":[519,2861,2236,50,199,2810],"class_list":["post-15961","post","type-post","status-publish","format-standard","hentry","category-politica","tag-brasilia","tag-marcha-dos-vereadores","tag-noticas-no-face","tag-noticias-do-face","tag-noticiasnoface","tag-wolney-franca"],"_links":{"self":[{"href":"https:\/\/noticiasnoface.com.br\/index.php\/wp-json\/wp\/v2\/posts\/15961","targetHints":{"allow":["GET"]}}],"collection":[{"href":"https:\/\/noticiasnoface.com.br\/index.php\/wp-json\/wp\/v2\/posts"}],"about":[{"href":"https:\/\/noticiasnoface.com.br\/index.php\/wp-json\/wp\/v2\/types\/post"}],"author":[{"embeddable":true,"href":"https:\/\/noticiasnoface.com.br\/index.php\/wp-json\/wp\/v2\/users\/1"}],"replies":[{"embeddable":true,"href":"https:\/\/noticiasnoface.com.br\/index.php\/wp-json\/wp\/v2\/comments?post=15961"}],"version-history":[{"count":2,"href":"https:\/\/noticiasnoface.com.br\/index.php\/wp-json\/wp\/v2\/posts\/15961\/revisions"}],"predecessor-version":[{"id":15963,"href":"https:\/\/noticiasnoface.com.br\/index.php\/wp-json\/wp\/v2\/posts\/15961\/revisions\/15963"}],"wp:attachment":[{"href":"https:\/\/noticiasnoface.com.br\/index.php\/wp-json\/wp\/v2\/media?parent=15961"}],"wp:term":[{"taxonomy":"category","embeddable":true,"href":"https:\/\/noticiasnoface.com.br\/index.php\/wp-json\/wp\/v2\/categories?post=15961"},{"taxonomy":"post_tag","embeddable":true,"href":"https:\/\/noticiasnoface.com.br\/index.php\/wp-json\/wp\/v2\/tags?post=15961"}],"curies":[{"name":"wp","href":"https:\/\/api.w.org\/{rel}","templated":true}]}}