{"id":15975,"date":"2023-04-25T20:50:48","date_gmt":"2023-04-25T23:50:48","guid":{"rendered":"https:\/\/noticiasnoface.com.br\/?p=15975"},"modified":"2023-04-25T20:50:48","modified_gmt":"2023-04-25T23:50:48","slug":"styvenson-propoe-fim-da-contribuicao-sindical-obrigatoria","status":"publish","type":"post","link":"https:\/\/noticiasnoface.com.br\/index.php\/2023\/04\/25\/styvenson-propoe-fim-da-contribuicao-sindical-obrigatoria\/","title":{"rendered":"Styvenson prop\u00f5e fim da contribui\u00e7\u00e3o sindical obrigat\u00f3ria"},"content":{"rendered":"\n<figure class=\"wp-block-image size-large\"><img data-opt-id=1134015900  fetchpriority=\"high\" decoding=\"async\" width=\"225\" height=\"300\" src=\"https:\/\/mlbfrsat7ahr.i.optimole.com\/w:225\/h:300\/q:mauto\/ig:avif\/https:\/\/noticiasnoface.com.br\/wp-content\/uploads\/2023\/04\/img_2902.jpg\" class=\"wp-image-15974\" srcset=\"https:\/\/mlbfrsat7ahr.i.optimole.com\/w:225\/h:300\/q:mauto\/ig:avif\/https:\/\/noticiasnoface.com.br\/wp-content\/uploads\/2023\/04\/img_2902.jpg 225w, https:\/\/mlbfrsat7ahr.i.optimole.com\/w:480\/h:640\/q:mauto\/ig:avif\/https:\/\/noticiasnoface.com.br\/wp-content\/uploads\/2023\/04\/img_2902.jpg 480w\" sizes=\"(max-width: 225px) 100vw, 225px\" \/><figcaption class=\"wp-element-caption\"><em>Senador Styvenson prop\u00f5e o fim da contribui\u00e7\u00e3o sindical obrigat\u00f3ria<\/em><br>Nesta semana, o STF ir\u00e1 decidir sobre a volta da cobran\u00e7a da contribui\u00e7\u00e3o sindical. Pensando em coibir esse retrocesso, o senador Styvenson Valentim, apresentou o PL 2099\/2023 para que n\u00e3o volte a cobran\u00e7a da contribui\u00e7\u00e3o de profissionais n\u00e3o sindicalizados.<br>O senador Styvenson ressaltou que a Constitui\u00e7\u00e3o Federal, em seu art. 8\u00ba, assegura que \u201cningu\u00e9m ser\u00e1 obrigado a filiar-se ou manter-se filiado a sindicato\u201d. Altera\u00e7\u00e3o na CLT, proposta pelo senador, veda a exig\u00eancia de contribui\u00e7\u00e3o sindical. \u201cCaso tenham interesse, cada trabalhador pode se filiar e pagar a contribui\u00e7\u00e3o\u201d, explicou o senador.<br>Conforme o parlamentar, com a aprova\u00e7\u00e3o dessa lei, ser\u00e1 garantido o respeito \u00e0 vontade dos indiv\u00edduos que optam por n\u00e3o se filiar a sindicatos. \u201cA aus\u00eancia de filia\u00e7\u00e3o n\u00e3o poder\u00e1 mais ser utilizada como justificativa para a cobran\u00e7a de contribui\u00e7\u00f5es. Essa iniciativa ir\u00e1 fortalecer a democracia e a liberdade individual no Brasil\u201d, finalizou Styvenson.<\/figcaption><\/figure>\n","protected":false},"excerpt":{"rendered":"","protected":false},"author":1,"featured_media":0,"comment_status":"open","ping_status":"open","sticky":false,"template":"","format":"standard","meta":{"site-sidebar-layout":"default","site-content-layout":"","ast-site-content-layout":"default","site-content-style":"default","site-sidebar-style":"default","ast-global-header-display":"","ast-banner-title-visibility":"","ast-main-header-display":"","ast-hfb-above-header-display":"","ast-hfb-below-header-display":"","ast-hfb-mobile-header-display":"","site-post-title":"","ast-breadcrumbs-content":"","ast-featured-img":"","footer-sml-layout":"","ast-disable-related-posts":"","theme-transparent-header-meta":"","adv-header-id-meta":"","stick-header-meta":"","header-above-stick-meta":"","header-main-stick-meta":"","header-below-stick-meta":"","astra-migrate-meta-layouts":"default","ast-page-background-enabled":"default","ast-page-background-meta":{"desktop":{"background-color":"var(--ast-global-color-4)","background-image":"","background-repeat":"repeat","background-position":"center center","background-size":"auto","background-attachment":"scroll","background-type":"","background-media":"","overlay-type":"","overlay-color":"","overlay-opacity":"","overlay-gradient":""},"tablet":{"background-color":"","background-image":"","background-repeat":"repeat","background-position":"center center","background-size":"auto","background-attachment":"scroll","background-type":"","background-media":"","overlay-type":"","overlay-color":"","overlay-opacity":"","overlay-gradient":""},"mobile":{"background-color":"","background-image":"","background-repeat":"repeat","background-position":"center center","background-size":"auto","background-attachment":"scroll","background-type":"","background-media":"","overlay-type":"","overlay-color":"","overlay-opacity":"","overlay-gradient":""}},"ast-content-background-meta":{"desktop":{"background-color":"var(--ast-global-color-5)","background-image":"","background-repeat":"repeat","background-position":"center center","background-size":"auto","background-attachment":"scroll","background-type":"","background-media":"","overlay-type":"","overlay-color":"","overlay-opacity":"","overlay-gradient":""},"tablet":{"background-color":"var(--ast-global-color-5)","background-image":"","background-repeat":"repeat","background-position":"center center","background-size":"auto","background-attachment":"scroll","background-type":"","background-media":"","overlay-type":"","overlay-color":"","overlay-opacity":"","overlay-gradient":""},"mobile":{"background-color":"var(--ast-global-color-5)","background-image":"","background-repeat":"repeat","background-position":"center center","background-size":"auto","background-attachment":"scroll","background-type":"","background-media":"","overlay-type":"","overlay-color":"","overlay-opacity":"","overlay-gradient":""}},"footnotes":""},"categories":[186],"tags":[2863,2229,22,653,507],"class_list":["post-15975","post","type-post","status-publish","format-standard","hentry","category-senado-federal","tag-contribuicao-sindical","tag-noticas-do-face","tag-noticias-no-face","tag-senador-styvenson","tag-styvenson"],"_links":{"self":[{"href":"https:\/\/noticiasnoface.com.br\/index.php\/wp-json\/wp\/v2\/posts\/15975","targetHints":{"allow":["GET"]}}],"collection":[{"href":"https:\/\/noticiasnoface.com.br\/index.php\/wp-json\/wp\/v2\/posts"}],"about":[{"href":"https:\/\/noticiasnoface.com.br\/index.php\/wp-json\/wp\/v2\/types\/post"}],"author":[{"embeddable":true,"href":"https:\/\/noticiasnoface.com.br\/index.php\/wp-json\/wp\/v2\/users\/1"}],"replies":[{"embeddable":true,"href":"https:\/\/noticiasnoface.com.br\/index.php\/wp-json\/wp\/v2\/comments?post=15975"}],"version-history":[{"count":1,"href":"https:\/\/noticiasnoface.com.br\/index.php\/wp-json\/wp\/v2\/posts\/15975\/revisions"}],"predecessor-version":[{"id":15976,"href":"https:\/\/noticiasnoface.com.br\/index.php\/wp-json\/wp\/v2\/posts\/15975\/revisions\/15976"}],"wp:attachment":[{"href":"https:\/\/noticiasnoface.com.br\/index.php\/wp-json\/wp\/v2\/media?parent=15975"}],"wp:term":[{"taxonomy":"category","embeddable":true,"href":"https:\/\/noticiasnoface.com.br\/index.php\/wp-json\/wp\/v2\/categories?post=15975"},{"taxonomy":"post_tag","embeddable":true,"href":"https:\/\/noticiasnoface.com.br\/index.php\/wp-json\/wp\/v2\/tags?post=15975"}],"curies":[{"name":"wp","href":"https:\/\/api.w.org\/{rel}","templated":true}]}}