{"id":15978,"date":"2023-04-26T07:54:19","date_gmt":"2023-04-26T10:54:19","guid":{"rendered":"https:\/\/noticiasnoface.com.br\/?p=15978"},"modified":"2023-04-26T07:54:19","modified_gmt":"2023-04-26T10:54:19","slug":"cantora-e-encontrada-morta-em-casa","status":"publish","type":"post","link":"https:\/\/noticiasnoface.com.br\/index.php\/2023\/04\/26\/cantora-e-encontrada-morta-em-casa\/","title":{"rendered":"Cantora \u00e9 encontrada morta em casa"},"content":{"rendered":"\n<figure class=\"wp-block-image size-large\"><img data-opt-id=538220933  fetchpriority=\"high\" decoding=\"async\" width=\"1024\" height=\"577\" src=\"https:\/\/mlbfrsat7ahr.i.optimole.com\/w:1024\/h:577\/q:mauto\/ig:avif\/https:\/\/noticiasnoface.com.br\/wp-content\/uploads\/2023\/04\/photo-output-15.jpg\" class=\"wp-image-15977\" srcset=\"https:\/\/mlbfrsat7ahr.i.optimole.com\/w:1024\/h:577\/q:mauto\/ig:avif\/https:\/\/noticiasnoface.com.br\/wp-content\/uploads\/2023\/04\/photo-output-15.jpg 1024w, https:\/\/mlbfrsat7ahr.i.optimole.com\/w:300\/h:169\/q:mauto\/ig:avif\/https:\/\/noticiasnoface.com.br\/wp-content\/uploads\/2023\/04\/photo-output-15.jpg 300w, https:\/\/mlbfrsat7ahr.i.optimole.com\/w:768\/h:432\/q:mauto\/ig:avif\/https:\/\/noticiasnoface.com.br\/wp-content\/uploads\/2023\/04\/photo-output-15.jpg 768w, https:\/\/mlbfrsat7ahr.i.optimole.com\/w:1536\/h:865\/q:mauto\/ig:avif\/https:\/\/noticiasnoface.com.br\/wp-content\/uploads\/2023\/04\/photo-output-15.jpg 1536w, https:\/\/mlbfrsat7ahr.i.optimole.com\/w:800\/h:450\/q:mauto\/ig:avif\/https:\/\/noticiasnoface.com.br\/wp-content\/uploads\/2023\/04\/photo-output-15.jpg 800w, https:\/\/mlbfrsat7ahr.i.optimole.com\/w:1918\/h:1080\/q:mauto\/ig:avif\/https:\/\/noticiasnoface.com.br\/wp-content\/uploads\/2023\/04\/photo-output-15.jpg 2048w\" sizes=\"(max-width: 1000px) 100vw, 1000px\" \/><figcaption class=\"wp-element-caption\">Nayara Vilela foi achada morta na noite dessa segunda-feira (24). Pol\u00edcia Civil apura se cantora foi induzida \u00e0 morte por parte do marido ou um poss\u00edvel feminic\u00eddio.<br>A cantora Nayara Vilela, de 32 anos, foi encontrada morta em casa na noite dessa segunda-feira (24), na Estrada das Placas, em Rio Branco. A Pol\u00edcia Civil investiga se a cantora foi instigada ao suic\u00eddio pelo marido ou se o crime se trata de um feminic\u00eddio.<br>Imagens que circularam nas redes sociais mostram uma discuss\u00e3o entre a cantora e o marido momentos antes e foram esses v\u00eddeos que levaram a Pol\u00edcia Civil a levantar a suspeita do crime de induzimento ou instiga\u00e7\u00e3o ao suic\u00eddio.<br>A delegada titular da Delegacia da Mulher de Rio Branco (Deam), Elenice Frez, informou que o marido de Nayara, Tarc\u00edsio Ara\u00fajo foi ouvido, inicialmente, como testemunha e que o caso foi encaminhado \u00e0 delegacia da 3\u00aa Regional.<br><br><br>No entanto, o delegado Karlesso Nespoli, da 3\u00aa Regional, afirmou que, ao analisar preliminarmente as imagens, surgiu a d\u00favida sobre o poss\u00edvel induzimento ao suic\u00eddio e, portanto, o caso vai voltar para a Deam. Isso porque, caso seja confirmado o crime, se trata de viol\u00eancia dom\u00e9stica.<br><br><br>\u201cN\u00f3s j\u00e1 fizemos todas as dilig\u00eancias preliminares e urgentes, como per\u00edcia, coleta de imagens, v\u00eddeos que circularam, aparelho de celular e arma de fogo. Inicialmente, a DHPP e Deam descartaram o homic\u00eddio\/feminic\u00eddio, mas pairou uma d\u00favida se esse suic\u00eddio, que possivelmente vai se confirmar, teve instiga\u00e7\u00e3o ou induzimento por parte do marido dela. <br><br><br>Ent\u00e3o vai precisar ser feita uma an\u00e1lise no celular dela, analisar imagens de dentro da resid\u00eancia que n\u00f3s coletamos. Estou devolvendo para a Deam, tendo em vista que, se caracterizar isso, \u00e9 uma viol\u00eancia dom\u00e9stica. O feminic\u00eddio est\u00e1 praticamente descartado, mas vamos aguardar o laudo conclusivo\u201d, disse o delegado.<br><br><br>Ainda segundo o delegado, o marido da cantora \u00e9 atirador esportivo e a arma estava registrada e legalizada.<\/figcaption><\/figure>\n","protected":false},"excerpt":{"rendered":"","protected":false},"author":1,"featured_media":0,"comment_status":"open","ping_status":"open","sticky":false,"template":"","format":"standard","meta":{"site-sidebar-layout":"default","site-content-layout":"","ast-site-content-layout":"default","site-content-style":"default","site-sidebar-style":"default","ast-global-header-display":"","ast-banner-title-visibility":"","ast-main-header-display":"","ast-hfb-above-header-display":"","ast-hfb-below-header-display":"","ast-hfb-mobile-header-display":"","site-post-title":"","ast-breadcrumbs-content":"","ast-featured-img":"","footer-sml-layout":"","ast-disable-related-posts":"","theme-transparent-header-meta":"","adv-header-id-meta":"","stick-header-meta":"","header-above-stick-meta":"","header-main-stick-meta":"","header-below-stick-meta":"","astra-migrate-meta-layouts":"default","ast-page-background-enabled":"default","ast-page-background-meta":{"desktop":{"background-color":"var(--ast-global-color-4)","background-image":"","background-repeat":"repeat","background-position":"center center","background-size":"auto","background-attachment":"scroll","background-type":"","background-media":"","overlay-type":"","overlay-color":"","overlay-opacity":"","overlay-gradient":""},"tablet":{"background-color":"","background-image":"","background-repeat":"repeat","background-position":"center center","background-size":"auto","background-attachment":"scroll","background-type":"","background-media":"","overlay-type":"","overlay-color":"","overlay-opacity":"","overlay-gradient":""},"mobile":{"background-color":"","background-image":"","background-repeat":"repeat","background-position":"center center","background-size":"auto","background-attachment":"scroll","background-type":"","background-media":"","overlay-type":"","overlay-color":"","overlay-opacity":"","overlay-gradient":""}},"ast-content-background-meta":{"desktop":{"background-color":"var(--ast-global-color-5)","background-image":"","background-repeat":"repeat","background-position":"center center","background-size":"auto","background-attachment":"scroll","background-type":"","background-media":"","overlay-type":"","overlay-color":"","overlay-opacity":"","overlay-gradient":""},"tablet":{"background-color":"var(--ast-global-color-5)","background-image":"","background-repeat":"repeat","background-position":"center center","background-size":"auto","background-attachment":"scroll","background-type":"","background-media":"","overlay-type":"","overlay-color":"","overlay-opacity":"","overlay-gradient":""},"mobile":{"background-color":"var(--ast-global-color-5)","background-image":"","background-repeat":"repeat","background-position":"center center","background-size":"auto","background-attachment":"scroll","background-type":"","background-media":"","overlay-type":"","overlay-color":"","overlay-opacity":"","overlay-gradient":""}},"footnotes":""},"categories":[517],"tags":[483,2864,1187,964,2229,22,199],"class_list":["post-15978","post","type-post","status-publish","format-standard","hentry","category-aconteceu","tag-cantora","tag-em-casa","tag-feminicidio","tag-morta","tag-noticas-do-face","tag-noticias-no-face","tag-noticiasnoface"],"_links":{"self":[{"href":"https:\/\/noticiasnoface.com.br\/index.php\/wp-json\/wp\/v2\/posts\/15978","targetHints":{"allow":["GET"]}}],"collection":[{"href":"https:\/\/noticiasnoface.com.br\/index.php\/wp-json\/wp\/v2\/posts"}],"about":[{"href":"https:\/\/noticiasnoface.com.br\/index.php\/wp-json\/wp\/v2\/types\/post"}],"author":[{"embeddable":true,"href":"https:\/\/noticiasnoface.com.br\/index.php\/wp-json\/wp\/v2\/users\/1"}],"replies":[{"embeddable":true,"href":"https:\/\/noticiasnoface.com.br\/index.php\/wp-json\/wp\/v2\/comments?post=15978"}],"version-history":[{"count":1,"href":"https:\/\/noticiasnoface.com.br\/index.php\/wp-json\/wp\/v2\/posts\/15978\/revisions"}],"predecessor-version":[{"id":15979,"href":"https:\/\/noticiasnoface.com.br\/index.php\/wp-json\/wp\/v2\/posts\/15978\/revisions\/15979"}],"wp:attachment":[{"href":"https:\/\/noticiasnoface.com.br\/index.php\/wp-json\/wp\/v2\/media?parent=15978"}],"wp:term":[{"taxonomy":"category","embeddable":true,"href":"https:\/\/noticiasnoface.com.br\/index.php\/wp-json\/wp\/v2\/categories?post=15978"},{"taxonomy":"post_tag","embeddable":true,"href":"https:\/\/noticiasnoface.com.br\/index.php\/wp-json\/wp\/v2\/tags?post=15978"}],"curies":[{"name":"wp","href":"https:\/\/api.w.org\/{rel}","templated":true}]}}