{"id":15983,"date":"2023-04-26T10:18:23","date_gmt":"2023-04-26T13:18:23","guid":{"rendered":"https:\/\/noticiasnoface.com.br\/?p=15983"},"modified":"2023-04-26T10:18:24","modified_gmt":"2023-04-26T13:18:24","slug":"video-padre-e-afastado-apos-vazar-video-fazendo-glub-glub","status":"publish","type":"post","link":"https:\/\/noticiasnoface.com.br\/index.php\/2023\/04\/26\/video-padre-e-afastado-apos-vazar-video-fazendo-glub-glub\/","title":{"rendered":"(V\u00eddeo): Padre \u00e9 afastado ap\u00f3s vazar v\u00eddeo fazendo GLUB GLUB"},"content":{"rendered":"\n<figure class=\"wp-block-image size-large\"><img data-opt-id=750040605  fetchpriority=\"high\" decoding=\"async\" width=\"1024\" height=\"719\" src=\"https:\/\/mlbfrsat7ahr.i.optimole.com\/w:1024\/h:719\/q:mauto\/ig:avif\/https:\/\/noticiasnoface.com.br\/wp-content\/uploads\/2023\/04\/photo-output-2-1.jpg\" class=\"wp-image-15981\" srcset=\"https:\/\/mlbfrsat7ahr.i.optimole.com\/w:1024\/h:719\/q:mauto\/ig:avif\/https:\/\/noticiasnoface.com.br\/wp-content\/uploads\/2023\/04\/photo-output-2-1.jpg 1024w, https:\/\/mlbfrsat7ahr.i.optimole.com\/w:300\/h:211\/q:mauto\/ig:avif\/https:\/\/noticiasnoface.com.br\/wp-content\/uploads\/2023\/04\/photo-output-2-1.jpg 300w, https:\/\/mlbfrsat7ahr.i.optimole.com\/w:768\/h:539\/q:mauto\/ig:avif\/https:\/\/noticiasnoface.com.br\/wp-content\/uploads\/2023\/04\/photo-output-2-1.jpg 768w, https:\/\/mlbfrsat7ahr.i.optimole.com\/w:1536\/h:1079\/q:mauto\/ig:avif\/https:\/\/noticiasnoface.com.br\/wp-content\/uploads\/2023\/04\/photo-output-2-1.jpg 1536w, https:\/\/mlbfrsat7ahr.i.optimole.com\/w:1538\/h:1080\/q:mauto\/ig:avif\/https:\/\/noticiasnoface.com.br\/wp-content\/uploads\/2023\/04\/photo-output-2-1.jpg 2048w\" sizes=\"(max-width: 1000px) 100vw, 1000px\" \/><figcaption class=\"wp-element-caption\">V\u00eddeo de padre fazendo GLUB GLUB vaza e \u00e9 afastado pela arquidiocese de Bras\u00edlia <\/figcaption><\/figure>\n\n\n\n<figure class=\"wp-block-image size-large\"><img data-opt-id=952769438  fetchpriority=\"high\" decoding=\"async\" width=\"1024\" height=\"684\" src=\"https:\/\/mlbfrsat7ahr.i.optimole.com\/w:1024\/h:684\/q:mauto\/ig:avif\/https:\/\/noticiasnoface.com.br\/wp-content\/uploads\/2023\/04\/photo-output-1-7.jpg\" class=\"wp-image-15980\" srcset=\"https:\/\/mlbfrsat7ahr.i.optimole.com\/w:1024\/h:684\/q:mauto\/ig:avif\/https:\/\/noticiasnoface.com.br\/wp-content\/uploads\/2023\/04\/photo-output-1-7.jpg 1024w, https:\/\/mlbfrsat7ahr.i.optimole.com\/w:300\/h:200\/q:mauto\/ig:avif\/https:\/\/noticiasnoface.com.br\/wp-content\/uploads\/2023\/04\/photo-output-1-7.jpg 300w, https:\/\/mlbfrsat7ahr.i.optimole.com\/w:768\/h:513\/q:mauto\/ig:avif\/https:\/\/noticiasnoface.com.br\/wp-content\/uploads\/2023\/04\/photo-output-1-7.jpg 768w, https:\/\/mlbfrsat7ahr.i.optimole.com\/w:1536\/h:1025\/q:mauto\/ig:avif\/https:\/\/noticiasnoface.com.br\/wp-content\/uploads\/2023\/04\/photo-output-1-7.jpg 1536w, https:\/\/mlbfrsat7ahr.i.optimole.com\/w:1618\/h:1080\/q:mauto\/ig:avif\/https:\/\/noticiasnoface.com.br\/wp-content\/uploads\/2023\/04\/photo-output-1-7.jpg 2048w\" sizes=\"(max-width: 1000px) 100vw, 1000px\" \/><figcaption class=\"wp-element-caption\">Afastado ap\u00f3s se ver no epicentro de um <a rel=\"noreferrer noopener\" href=\"https:\/\/www.metropoles.com\/distrito-federal\/na-mira\/padre-e-enfermeiro-transavam-dentro-de-quartos-do-instituto-biblico\" target=\"_blank\">esc\u00e2ndalo sexual, o padre Jos\u00e9 Maria dos Santos, 65 anos<\/a>, registrou um boletim de ocorr\u00eancia na 1\u00aa Delegacia de Pol\u00edcia (Asa Sul) sobre o furto de seu aparelho celular. O crime teria ocorrido no \u00faltimo s\u00e1bado (22\/4), data em que o v\u00eddeo, que revela cenas de sexo entre o p\u00e1roco e outro homem, viralizou. As imagens teriam sido gravadas em dezembro do ano passado.<br>O sacerdote procurou a PCDF, que anotou a ocorr\u00eancia como difama\u00e7\u00e3o, furto de celular e registro n\u00e3o autorizado de intimidade sexual. Na ocasi\u00e3o, o religioso relatou que havia deixado o smartphone no sof\u00e1 da casa paroquial. Ao retornar, n\u00e3o encontrou mais o celular, que, segundo o p\u00e1roco, n\u00e3o tinha senha de bloqueio.<br>Jos\u00e9 Maria contou aos policiais que, ap\u00f3s o furto, o suposto ladr\u00e3o come\u00e7ou a postar uma s\u00e9rie de v\u00eddeos er\u00f3ticos, que tinham o padre como protagonista, no WhatsApp, Facebook e Instagram. Segundo o depoimento do religioso, uma testemunha teria visto um homem entrar na resid\u00eancia do p\u00e1roco.<br>Ap\u00f3s o v\u00eddeo viralizar, o l\u00edder religioso foi afastado das fun\u00e7\u00f5es que ocupava na Par\u00f3quia S\u00e3o Camilo de Lellis, na Asa Sul.<br><strong>O caso <\/strong><br>Dois v\u00eddeos obtidos pelo <strong>Metr\u00f3poles<\/strong> mostram o religioso em momentos \u00edntimos que n\u00e3o configuram crime, mas que v\u00e3o contra os preceitos da <a rel=\"noreferrer noopener\" href=\"https:\/\/www.metropoles.com\/tag\/igreja-catolica\" target=\"_blank\">Igreja Cat\u00f3lica Apost\u00f3lica Romana<\/a>. A regra da entidade religiosa prev\u00ea que um sacerdote, no ato de seu ordenamento, fa\u00e7a voto de castidade e, a partir daquele momento, deixe de se relacionar sexualmente, seja com homens ou mulheres.<br>As imagens mostram o padre Jos\u00e9 Maria sentado em um sof\u00e1 com outro homem. Em um dos v\u00eddeos, o sacerdote recebe sexo oral do rapaz e chega a segurar a cabe\u00e7a dele, em outro momento ele que faz o sexo oral. Em outro, o homem est\u00e1 sem cal\u00e7as e senta no colo do padre, que segura na cintura dele e faz movimentos com o quadril.<br>O padre alterna entre gemidos, sorrisos e express\u00f5es de prazer. As imagens foram registradas em dezembro de 2022, como \u00e9 poss\u00edvel inferir pela reportagem que se ouve ao fundo, sobre a <a rel=\"noreferrer noopener\" href=\"https:\/\/www.metropoles.com\/esportes\/futebol\/fora-da-copa-do-mundo-gabriel-jesus-passa-por-cirurgia-no-joelho\" target=\"_blank\">les\u00e3o de Gabriel Jesus<\/a> na Copa do Mundo.<br>A parede da sala onde o v\u00eddeo foi gravado \u00e9 de tijolos, assim como a da Par\u00f3quia S\u00e3o Camilo. Apesar disso, n\u00e3o \u00e9 poss\u00edvel afirmar que o ato foi cometido nas depend\u00eancias da igreja.<br>Castidade<br>Procurada, a Arquidiocese de Bras\u00edlia disse lamentar a situa\u00e7\u00e3o e informou que \u201cafastou o padre das atividades paroquiais e de outros encargos pastorais\u201d (<em>leia a \u00edntegra da nota no fim desta reportagem<\/em>).<br>O padre Jos\u00e9 Maria faz parte da Ordem dos Ministros dos Enfermos, tamb\u00e9m conhecidos como Camilianos ou Padres Camilos, por ser um grupo religioso fundado por S\u00e3o Camilo de Lellis. O grupo \u00e9 voltado para a assist\u00eancia espiritual e corporal dos doentes.<br>Ele ingressou na ordem em 1981, ap\u00f3s trabalhar como auxiliar de enfermagem no Cear\u00e1, na d\u00e9cada de 1970.<br>Outro lado<br>O <strong>Metr\u00f3poles<\/strong> foi \u00e0 par\u00f3quia em duas ocasi\u00f5es e tentou, seguidas vezes, contato com o padre antes de publicar esta reportagem. Na primeira ida, na noite de segunda-feira (24\/4), os respons\u00e1veis pela igreja que celebravam a missa disseram que Jos\u00e9 Maria estava em confiss\u00e3o, e que o chamariam para falar com a equipe. Minutos depois, informaram que o sacerdote precisou sair, porque estava \u201catrasado para celebrar uma missa de s\u00e9timo dia\u201d.<br>Na manh\u00e3 dessa ter\u00e7a-feira (25\/4), as secret\u00e1rias da par\u00f3quia informaram que Jos\u00e9 Maria estava em atendimento e pediram para a reportagem aguardar. Depois de 20 minutos, elas disseram que o padre tinha um compromisso e n\u00e3o poderia atender. Ap\u00f3s insist\u00eancia, comunicaram que ele iria entrar em contato com a equipe. O espa\u00e7o segue aberto.<br><strong>Confira a \u00edntegra da nota da Arquidiocese de Bras\u00edlia:<\/strong><br>\u201c<em>A Arquidiocese de Bras\u00edlia, na pessoa do cardeal arcebispo Dom Paulo Cezar Costa e dos seus bispos auxiliares, ao tomar conhecimento dos fatos ocorridos na Par\u00f3quia S\u00e3o Camilo de Lellis, da Asa Sul, em Bras\u00edlia-DF, no \u00faltimo dia 22 de abril de 2023, lamenta a situa\u00e7\u00e3o e disp\u00f5e que o padre Jos\u00e9 Maria dos Santos fique afastado das atividades paroquiais e de outros encargos pastorais da Arquidiocese at\u00e9 que os superiores da Prov\u00edncia Camiliana tomem as provid\u00eancias para o devido esclarecimento dos fatos.<\/em><br><em>Por fim, a Arquidiocese de Bras\u00edlia reafirma o seu compromisso e zelo para com o Povo de Deus e, neste momento delicado, convida a comunidade paroquial de S\u00e3o Camilo de Lellis a se unir em ora\u00e7\u00e3o.<\/em><\/figcaption><\/figure>\n\n\n\n<figure class=\"wp-block-video\"><video height=\"480\" style=\"aspect-ratio: 1058 \/ 480;\" width=\"1058\" controls src=\"https:\/\/noticiasnoface.com.br\/wp-content\/uploads\/2023\/04\/video-output-1856fd42-1cee-493b-930f-8cff3e20d613.mp4\"><\/video><figcaption class=\"wp-element-caption\">Mais um padre envolvido em pr\u00e1ticas sexuais <\/figcaption><\/figure>\n","protected":false},"excerpt":{"rendered":"","protected":false},"author":1,"featured_media":0,"comment_status":"open","ping_status":"open","sticky":false,"template":"","format":"standard","meta":{"site-sidebar-layout":"default","site-content-layout":"","ast-site-content-layout":"default","site-content-style":"default","site-sidebar-style":"default","ast-global-header-display":"","ast-banner-title-visibility":"","ast-main-header-display":"","ast-hfb-above-header-display":"","ast-hfb-below-header-display":"","ast-hfb-mobile-header-display":"","site-post-title":"","ast-breadcrumbs-content":"","ast-featured-img":"","footer-sml-layout":"","ast-disable-related-posts":"","theme-transparent-header-meta":"","adv-header-id-meta":"","stick-header-meta":"","header-above-stick-meta":"","header-main-stick-meta":"","header-below-stick-meta":"","astra-migrate-meta-layouts":"default","ast-page-background-enabled":"default","ast-page-background-meta":{"desktop":{"background-color":"var(--ast-global-color-4)","background-image":"","background-repeat":"repeat","background-position":"center center","background-size":"auto","background-attachment":"scroll","background-type":"","background-media":"","overlay-type":"","overlay-color":"","overlay-opacity":"","overlay-gradient":""},"tablet":{"background-color":"","background-image":"","background-repeat":"repeat","background-position":"center center","background-size":"auto","background-attachment":"scroll","background-type":"","background-media":"","overlay-type":"","overlay-color":"","overlay-opacity":"","overlay-gradient":""},"mobile":{"background-color":"","background-image":"","background-repeat":"repeat","background-position":"center center","background-size":"auto","background-attachment":"scroll","background-type":"","background-media":"","overlay-type":"","overlay-color":"","overlay-opacity":"","overlay-gradient":""}},"ast-content-background-meta":{"desktop":{"background-color":"var(--ast-global-color-5)","background-image":"","background-repeat":"repeat","background-position":"center center","background-size":"auto","background-attachment":"scroll","background-type":"","background-media":"","overlay-type":"","overlay-color":"","overlay-opacity":"","overlay-gradient":""},"tablet":{"background-color":"var(--ast-global-color-5)","background-image":"","background-repeat":"repeat","background-position":"center center","background-size":"auto","background-attachment":"scroll","background-type":"","background-media":"","overlay-type":"","overlay-color":"","overlay-opacity":"","overlay-gradient":""},"mobile":{"background-color":"var(--ast-global-color-5)","background-image":"","background-repeat":"repeat","background-position":"center center","background-size":"auto","background-attachment":"scroll","background-type":"","background-media":"","overlay-type":"","overlay-color":"","overlay-opacity":"","overlay-gradient":""}},"footnotes":""},"categories":[517],"tags":[1233,2229,22,199,1229,1319,112,2860],"class_list":["post-15983","post","type-post","status-publish","format-standard","hentry","category-aconteceu","tag-glub-glub","tag-noticas-do-face","tag-noticias-no-face","tag-noticiasnoface","tag-padre","tag-padre-glub-glub","tag-sexo","tag-vazou"],"_links":{"self":[{"href":"https:\/\/noticiasnoface.com.br\/index.php\/wp-json\/wp\/v2\/posts\/15983","targetHints":{"allow":["GET"]}}],"collection":[{"href":"https:\/\/noticiasnoface.com.br\/index.php\/wp-json\/wp\/v2\/posts"}],"about":[{"href":"https:\/\/noticiasnoface.com.br\/index.php\/wp-json\/wp\/v2\/types\/post"}],"author":[{"embeddable":true,"href":"https:\/\/noticiasnoface.com.br\/index.php\/wp-json\/wp\/v2\/users\/1"}],"replies":[{"embeddable":true,"href":"https:\/\/noticiasnoface.com.br\/index.php\/wp-json\/wp\/v2\/comments?post=15983"}],"version-history":[{"count":1,"href":"https:\/\/noticiasnoface.com.br\/index.php\/wp-json\/wp\/v2\/posts\/15983\/revisions"}],"predecessor-version":[{"id":15984,"href":"https:\/\/noticiasnoface.com.br\/index.php\/wp-json\/wp\/v2\/posts\/15983\/revisions\/15984"}],"wp:attachment":[{"href":"https:\/\/noticiasnoface.com.br\/index.php\/wp-json\/wp\/v2\/media?parent=15983"}],"wp:term":[{"taxonomy":"category","embeddable":true,"href":"https:\/\/noticiasnoface.com.br\/index.php\/wp-json\/wp\/v2\/categories?post=15983"},{"taxonomy":"post_tag","embeddable":true,"href":"https:\/\/noticiasnoface.com.br\/index.php\/wp-json\/wp\/v2\/tags?post=15983"}],"curies":[{"name":"wp","href":"https:\/\/api.w.org\/{rel}","templated":true}]}}