{"id":15986,"date":"2023-04-26T10:27:22","date_gmt":"2023-04-26T13:27:22","guid":{"rendered":"https:\/\/noticiasnoface.com.br\/?p=15986"},"modified":"2023-04-29T11:08:51","modified_gmt":"2023-04-29T14:08:51","slug":"cantora-deixa-video-pedindo-perdao-antes-de-tirar-a-propria-vida","status":"publish","type":"post","link":"https:\/\/noticiasnoface.com.br\/index.php\/2023\/04\/26\/cantora-deixa-video-pedindo-perdao-antes-de-tirar-a-propria-vida\/","title":{"rendered":"Cantora deixa v\u00eddeo pedindo perd\u00e3o antes de tirar a pr\u00f3pria vida"},"content":{"rendered":"\n<figure class=\"wp-block-image size-large\"><img data-opt-id=1101251055  fetchpriority=\"high\" decoding=\"async\" width=\"943\" height=\"1024\" src=\"https:\/\/mlbfrsat7ahr.i.optimole.com\/w:943\/h:1024\/q:mauto\/ig:avif\/https:\/\/noticiasnoface.com.br\/wp-content\/uploads\/2023\/04\/img_3117.jpg\" alt=\"\" class=\"wp-image-16053\" srcset=\"https:\/\/mlbfrsat7ahr.i.optimole.com\/w:943\/h:1024\/q:mauto\/ig:avif\/https:\/\/noticiasnoface.com.br\/wp-content\/uploads\/2023\/04\/img_3117.jpg 943w, https:\/\/mlbfrsat7ahr.i.optimole.com\/w:276\/h:300\/q:mauto\/ig:avif\/https:\/\/noticiasnoface.com.br\/wp-content\/uploads\/2023\/04\/img_3117.jpg 276w, https:\/\/mlbfrsat7ahr.i.optimole.com\/w:768\/h:834\/q:mauto\/ig:avif\/https:\/\/noticiasnoface.com.br\/wp-content\/uploads\/2023\/04\/img_3117.jpg 768w, https:\/\/mlbfrsat7ahr.i.optimole.com\/w:994\/h:1080\/q:mauto\/ig:avif\/https:\/\/noticiasnoface.com.br\/wp-content\/uploads\/2023\/04\/img_3117.jpg 1290w\" sizes=\"(max-width: 943px) 100vw, 943px\" \/><figcaption class=\"wp-element-caption\">Cantora tira a pr\u00f3pria vida <\/figcaption><\/figure>\n\n\n\n<figure class=\"wp-block-video\"><video height=\"848\" style=\"aspect-ratio: 480 \/ 848;\" width=\"480\" controls src=\"https:\/\/noticiasnoface.com.br\/wp-content\/uploads\/2023\/04\/9eb34b32-4487-4937-a143-1f91f4ff274d.mp4\"><\/video><figcaption class=\"wp-element-caption\">Cantora Nayara Vilela, de 32 anos, foi encontrada morta no Acre<br \/>Pol\u00edcia Civil investiga se a artista foi incentivada pelo marido a cometer suic\u00eddio ou se o caso envolve feminic\u00eddio<br \/><img data-opt-id=1966406735  fetchpriority=\"high\" decoding=\"async\" src=\"https:\/\/uploads.metropoles.com\/wp-content\/uploads\/2023\/04\/26091147\/Nayara-Vilela-abre-450x300.jpg\" alt=\"\" class=\"extendsBeyondTextColumn\" \/><br \/>A cantora <a rel=\"noreferrer noopener\" href=\"https:\/\/www.instagram.com\/cantora_nayaravilela\/\" target=\"_blank\">Nayara Vilela<\/a>, 32 anos, foi encontrada morta nessa segunda-feira (24\/4), em <a rel=\"noreferrer noopener\" href=\"https:\/\/www.metropoles.com\/tag\/rio-branco\" target=\"_blank\">Rio Branco<\/a>. A Pol\u00edcia Civil investiga se a artista foi incentivada pelo marido a cometer suic\u00eddio ou se o caso envolve um feminic\u00eddio. A sogra dela e um dos bailarinos que a acompanham nos shows confirmaram o \u00f3bito pelo Instagram.<br \/>Natural de Mato Grosso, Nayara ficou conhecida por cantar m\u00fasicas de estilo piseiro em eventos e bares da noite da capital acreana e cidades do interior do estado. Ela deixa um filho: Emanuel, 8.<br \/>Tarc\u00edsio Ara\u00fajo, com quem a cantora se casou h\u00e1 cerca de um m\u00eas, \u00e9 considerado suspeito pela morte da cantora e prestou depoimento \u00e0 pol\u00edcia, pois imagens que circulam na internet mostram uma poss\u00edvel discuss\u00e3o entre o casal, momentos antes da morte de Nayara.<br \/>Publicidade do parceiro Metr\u00f3poles 1<br \/>1<br \/>Conhecido como Tarc\u00edsio Som, o empres\u00e1rio gerenciava a carreira da esposa. Atirador esportivo, ele tem uma arma em casa, com legalizada e com situa\u00e7\u00e3o de registro adequada.<br \/>Nas redes sociais de Nayara, f\u00e3s e amigos lamentaram a partida da cantora. \u201cEstou triste pelo acontecimento. Ela tinha um grande talento\u201d, comentou um internauta. \u201cEst\u00e1 tudo muito estranho. Ela n\u00e3o faria isso. Luto\u201d, escreveu outro. \u201cVai em paz, Nay. For\u00e7a para a fam\u00edlia e o filho\u201d, disse uma terceira pessoa.<\/figcaption><\/figure>\n","protected":false},"excerpt":{"rendered":"","protected":false},"author":1,"featured_media":0,"comment_status":"open","ping_status":"open","sticky":false,"template":"","format":"standard","meta":{"site-sidebar-layout":"default","site-content-layout":"","ast-site-content-layout":"default","site-content-style":"default","site-sidebar-style":"default","ast-global-header-display":"","ast-banner-title-visibility":"","ast-main-header-display":"","ast-hfb-above-header-display":"","ast-hfb-below-header-display":"","ast-hfb-mobile-header-display":"","site-post-title":"","ast-breadcrumbs-content":"","ast-featured-img":"","footer-sml-layout":"","ast-disable-related-posts":"","theme-transparent-header-meta":"","adv-header-id-meta":"","stick-header-meta":"","header-above-stick-meta":"","header-main-stick-meta":"","header-below-stick-meta":"","astra-migrate-meta-layouts":"default","ast-page-background-enabled":"default","ast-page-background-meta":{"desktop":{"background-color":"var(--ast-global-color-4)","background-image":"","background-repeat":"repeat","background-position":"center center","background-size":"auto","background-attachment":"scroll","background-type":"","background-media":"","overlay-type":"","overlay-color":"","overlay-opacity":"","overlay-gradient":""},"tablet":{"background-color":"","background-image":"","background-repeat":"repeat","background-position":"center center","background-size":"auto","background-attachment":"scroll","background-type":"","background-media":"","overlay-type":"","overlay-color":"","overlay-opacity":"","overlay-gradient":""},"mobile":{"background-color":"","background-image":"","background-repeat":"repeat","background-position":"center center","background-size":"auto","background-attachment":"scroll","background-type":"","background-media":"","overlay-type":"","overlay-color":"","overlay-opacity":"","overlay-gradient":""}},"ast-content-background-meta":{"desktop":{"background-color":"var(--ast-global-color-5)","background-image":"","background-repeat":"repeat","background-position":"center center","background-size":"auto","background-attachment":"scroll","background-type":"","background-media":"","overlay-type":"","overlay-color":"","overlay-opacity":"","overlay-gradient":""},"tablet":{"background-color":"var(--ast-global-color-5)","background-image":"","background-repeat":"repeat","background-position":"center center","background-size":"auto","background-attachment":"scroll","background-type":"","background-media":"","overlay-type":"","overlay-color":"","overlay-opacity":"","overlay-gradient":""},"mobile":{"background-color":"var(--ast-global-color-5)","background-image":"","background-repeat":"repeat","background-position":"center center","background-size":"auto","background-attachment":"scroll","background-type":"","background-media":"","overlay-type":"","overlay-color":"","overlay-opacity":"","overlay-gradient":""}},"footnotes":""},"categories":[517],"tags":[483,50,22,2523,1005],"class_list":["post-15986","post","type-post","status-publish","format-standard","hentry","category-aconteceu","tag-cantora","tag-noticias-do-face","tag-noticias-no-face","tag-suicidou","tag-video"],"_links":{"self":[{"href":"https:\/\/noticiasnoface.com.br\/index.php\/wp-json\/wp\/v2\/posts\/15986","targetHints":{"allow":["GET"]}}],"collection":[{"href":"https:\/\/noticiasnoface.com.br\/index.php\/wp-json\/wp\/v2\/posts"}],"about":[{"href":"https:\/\/noticiasnoface.com.br\/index.php\/wp-json\/wp\/v2\/types\/post"}],"author":[{"embeddable":true,"href":"https:\/\/noticiasnoface.com.br\/index.php\/wp-json\/wp\/v2\/users\/1"}],"replies":[{"embeddable":true,"href":"https:\/\/noticiasnoface.com.br\/index.php\/wp-json\/wp\/v2\/comments?post=15986"}],"version-history":[{"count":4,"href":"https:\/\/noticiasnoface.com.br\/index.php\/wp-json\/wp\/v2\/posts\/15986\/revisions"}],"predecessor-version":[{"id":16056,"href":"https:\/\/noticiasnoface.com.br\/index.php\/wp-json\/wp\/v2\/posts\/15986\/revisions\/16056"}],"wp:attachment":[{"href":"https:\/\/noticiasnoface.com.br\/index.php\/wp-json\/wp\/v2\/media?parent=15986"}],"wp:term":[{"taxonomy":"category","embeddable":true,"href":"https:\/\/noticiasnoface.com.br\/index.php\/wp-json\/wp\/v2\/categories?post=15986"},{"taxonomy":"post_tag","embeddable":true,"href":"https:\/\/noticiasnoface.com.br\/index.php\/wp-json\/wp\/v2\/tags?post=15986"}],"curies":[{"name":"wp","href":"https:\/\/api.w.org\/{rel}","templated":true}]}}