{"id":15989,"date":"2023-04-26T11:29:05","date_gmt":"2023-04-26T14:29:05","guid":{"rendered":"https:\/\/noticiasnoface.com.br\/?p=15989"},"modified":"2023-04-26T11:29:06","modified_gmt":"2023-04-26T14:29:06","slug":"wolney-franca-se-reune-com-bancada-federal-em-brasilia","status":"publish","type":"post","link":"https:\/\/noticiasnoface.com.br\/index.php\/2023\/04\/26\/wolney-franca-se-reune-com-bancada-federal-em-brasilia\/","title":{"rendered":"Wolney Fran\u00e7a se re\u00fane com bancada federal em Bras\u00edlia"},"content":{"rendered":"\n<figure class=\"wp-block-image size-large\"><img data-opt-id=28689028  fetchpriority=\"high\" decoding=\"async\" width=\"300\" height=\"232\" src=\"https:\/\/mlbfrsat7ahr.i.optimole.com\/w:300\/h:232\/q:mauto\/ig:avif\/https:\/\/noticiasnoface.com.br\/wp-content\/uploads\/2023\/04\/img_2905.jpg\" class=\"wp-image-15988\" srcset=\"https:\/\/mlbfrsat7ahr.i.optimole.com\/w:300\/h:232\/q:mauto\/ig:avif\/https:\/\/noticiasnoface.com.br\/wp-content\/uploads\/2023\/04\/img_2905.jpg 300w, https:\/\/mlbfrsat7ahr.i.optimole.com\/w:768\/h:594\/q:mauto\/ig:avif\/https:\/\/noticiasnoface.com.br\/wp-content\/uploads\/2023\/04\/img_2905.jpg 768w, https:\/\/mlbfrsat7ahr.i.optimole.com\/w:1005\/h:777\/q:mauto\/ig:avif\/https:\/\/noticiasnoface.com.br\/wp-content\/uploads\/2023\/04\/img_2905.jpg 1005w\" sizes=\"(max-width: 300px) 100vw, 300px\" \/><figcaption class=\"wp-element-caption\"><em>Wolney Fran\u00e7a se re\u00fane com vereadores do RN e Bancada Federal em Bras\u00edlia<\/em><br>O Presidente Eleito da FECAM\/RN, vereador Wolney Fran\u00e7a, se reuniu com vereadores do Rio Grande do Norte durante a tarde desta ter\u00e7a-feira (25) na C\u00e2mara dos Deputados, em Bras\u00edlia. O encontro contou com a presen\u00e7a de seis Deputados Federais do RN.<br>Representando a FECAM\/RN na mesa de condu\u00e7\u00e3o, Wolney enfatizou a import\u00e2ncia do momento para o desenvolvimento dos munic\u00edpios. \u201cEste \u00e9 mais um momento de fazer esse alinhamento entre a verean\u00e7a e os parlamentares da Bancada Federal. Isso j\u00e1 acontece no Rio Grande do Norte, mas \u00e9 importante de ser feito aqui em Bras\u00edlia tamb\u00e9m\u201d, afirmou Wolney, que tamb\u00e9m \u00e9 presidente da C\u00e2mara Municipal de Parnamirim.<br>Estiveram presentes na reuni\u00e3o os Deputados Federais Benes Leoc\u00e1dio, Paulinho Freire, Sargento Gon\u00e7alves, Gir\u00e3o, Mineiro e Robinson Faria. Mais de 400 vereadores potiguares s\u00e3o esperados em Bras\u00edlia nesta semana para participarem da Marcha dos Vereadores.<\/figcaption><\/figure>\n","protected":false},"excerpt":{"rendered":"","protected":false},"author":1,"featured_media":0,"comment_status":"open","ping_status":"open","sticky":false,"template":"","format":"standard","meta":{"site-sidebar-layout":"default","site-content-layout":"","ast-site-content-layout":"default","site-content-style":"default","site-sidebar-style":"default","ast-global-header-display":"","ast-banner-title-visibility":"","ast-main-header-display":"","ast-hfb-above-header-display":"","ast-hfb-below-header-display":"","ast-hfb-mobile-header-display":"","site-post-title":"","ast-breadcrumbs-content":"","ast-featured-img":"","footer-sml-layout":"","ast-disable-related-posts":"","theme-transparent-header-meta":"","adv-header-id-meta":"","stick-header-meta":"","header-above-stick-meta":"","header-main-stick-meta":"","header-below-stick-meta":"","astra-migrate-meta-layouts":"default","ast-page-background-enabled":"default","ast-page-background-meta":{"desktop":{"background-color":"var(--ast-global-color-4)","background-image":"","background-repeat":"repeat","background-position":"center center","background-size":"auto","background-attachment":"scroll","background-type":"","background-media":"","overlay-type":"","overlay-color":"","overlay-opacity":"","overlay-gradient":""},"tablet":{"background-color":"","background-image":"","background-repeat":"repeat","background-position":"center center","background-size":"auto","background-attachment":"scroll","background-type":"","background-media":"","overlay-type":"","overlay-color":"","overlay-opacity":"","overlay-gradient":""},"mobile":{"background-color":"","background-image":"","background-repeat":"repeat","background-position":"center center","background-size":"auto","background-attachment":"scroll","background-type":"","background-media":"","overlay-type":"","overlay-color":"","overlay-opacity":"","overlay-gradient":""}},"ast-content-background-meta":{"desktop":{"background-color":"var(--ast-global-color-5)","background-image":"","background-repeat":"repeat","background-position":"center center","background-size":"auto","background-attachment":"scroll","background-type":"","background-media":"","overlay-type":"","overlay-color":"","overlay-opacity":"","overlay-gradient":""},"tablet":{"background-color":"var(--ast-global-color-5)","background-image":"","background-repeat":"repeat","background-position":"center center","background-size":"auto","background-attachment":"scroll","background-type":"","background-media":"","overlay-type":"","overlay-color":"","overlay-opacity":"","overlay-gradient":""},"mobile":{"background-color":"var(--ast-global-color-5)","background-image":"","background-repeat":"repeat","background-position":"center center","background-size":"auto","background-attachment":"scroll","background-type":"","background-media":"","overlay-type":"","overlay-color":"","overlay-opacity":"","overlay-gradient":""}},"footnotes":""},"categories":[153],"tags":[2811,2865,2229,2236,1287,2810],"class_list":["post-15989","post","type-post","status-publish","format-standard","hentry","category-politica","tag-camara-municipal-de-parnamirim","tag-fecam-rn","tag-noticas-do-face","tag-noticas-no-face","tag-paulinho-freire","tag-wolney-franca"],"_links":{"self":[{"href":"https:\/\/noticiasnoface.com.br\/index.php\/wp-json\/wp\/v2\/posts\/15989","targetHints":{"allow":["GET"]}}],"collection":[{"href":"https:\/\/noticiasnoface.com.br\/index.php\/wp-json\/wp\/v2\/posts"}],"about":[{"href":"https:\/\/noticiasnoface.com.br\/index.php\/wp-json\/wp\/v2\/types\/post"}],"author":[{"embeddable":true,"href":"https:\/\/noticiasnoface.com.br\/index.php\/wp-json\/wp\/v2\/users\/1"}],"replies":[{"embeddable":true,"href":"https:\/\/noticiasnoface.com.br\/index.php\/wp-json\/wp\/v2\/comments?post=15989"}],"version-history":[{"count":1,"href":"https:\/\/noticiasnoface.com.br\/index.php\/wp-json\/wp\/v2\/posts\/15989\/revisions"}],"predecessor-version":[{"id":15990,"href":"https:\/\/noticiasnoface.com.br\/index.php\/wp-json\/wp\/v2\/posts\/15989\/revisions\/15990"}],"wp:attachment":[{"href":"https:\/\/noticiasnoface.com.br\/index.php\/wp-json\/wp\/v2\/media?parent=15989"}],"wp:term":[{"taxonomy":"category","embeddable":true,"href":"https:\/\/noticiasnoface.com.br\/index.php\/wp-json\/wp\/v2\/categories?post=15989"},{"taxonomy":"post_tag","embeddable":true,"href":"https:\/\/noticiasnoface.com.br\/index.php\/wp-json\/wp\/v2\/tags?post=15989"}],"curies":[{"name":"wp","href":"https:\/\/api.w.org\/{rel}","templated":true}]}}