{"id":15991,"date":"2023-04-26T14:49:19","date_gmt":"2023-04-26T17:49:19","guid":{"rendered":"https:\/\/noticiasnoface.com.br\/?p=15991"},"modified":"2023-04-26T14:49:20","modified_gmt":"2023-04-26T17:49:20","slug":"justica-manda-tirar-o-telegram-do-ar-no-brasil","status":"publish","type":"post","link":"https:\/\/noticiasnoface.com.br\/index.php\/2023\/04\/26\/justica-manda-tirar-o-telegram-do-ar-no-brasil\/","title":{"rendered":"JUSTI\u00c7A manda tirar o telegram do ar no BRASIL"},"content":{"rendered":"\n<figure class=\"wp-block-image size-large\"><img data-opt-id=1407467859  fetchpriority=\"high\" decoding=\"async\" width=\"1638\" height=\"2050\" src=\"https:\/\/mlbfrsat7ahr.i.optimole.com\/w:auto\/h:auto\/q:mauto\/ig:avif\/https:\/\/noticiasnoface.com.br\/wp-content\/uploads\/2023\/02\/photo-output-3.jpg\" alt=\"\" class=\"wp-image-14668\" srcset=\"https:\/\/mlbfrsat7ahr.i.optimole.com\/w:862\/h:1080\/q:mauto\/ig:avif\/https:\/\/noticiasnoface.com.br\/wp-content\/uploads\/2023\/02\/photo-output-3.jpg 1638w, https:\/\/mlbfrsat7ahr.i.optimole.com\/w:240\/h:300\/q:mauto\/ig:avif\/https:\/\/noticiasnoface.com.br\/wp-content\/uploads\/2023\/02\/photo-output-3.jpg 240w, https:\/\/mlbfrsat7ahr.i.optimole.com\/w:818\/h:1024\/q:mauto\/ig:avif\/https:\/\/noticiasnoface.com.br\/wp-content\/uploads\/2023\/02\/photo-output-3.jpg 818w, https:\/\/mlbfrsat7ahr.i.optimole.com\/w:768\/h:961\/q:mauto\/ig:avif\/https:\/\/noticiasnoface.com.br\/wp-content\/uploads\/2023\/02\/photo-output-3.jpg 768w, https:\/\/mlbfrsat7ahr.i.optimole.com\/w:862\/h:1080\/q:mauto\/ig:avif\/https:\/\/noticiasnoface.com.br\/wp-content\/uploads\/2023\/02\/photo-output-3.jpg 1227w, https:\/\/mlbfrsat7ahr.i.optimole.com\/w:862\/h:1080\/q:mauto\/ig:avif\/https:\/\/noticiasnoface.com.br\/wp-content\/uploads\/2023\/02\/photo-output-3.jpg 1636w\" sizes=\"(max-width: 1000px) 100vw, 1000px\" \/><figcaption class=\"wp-element-caption\">A Justi\u00e7a determinou que operadoras de telefonia e lojas de aplicativos retirem o Telegram do ar imediatamente. A decis\u00e3o acontece ap\u00f3s o aplicativo de mensagens n\u00e3o entregar \u00e0 PF todos os dados sobre grupos neonazistas da plataforma solicitados pela corpora\u00e7\u00e3o.<br>De acordo com a PF, as empresas de telefonia Vivo, Claro, Tim e Oi e o Google a Apple, respons\u00e1vel pelas lojas de aplicativos Playstore e App Store v\u00e3o receber o of\u00edcio sobre a suspens\u00e3o do Telegram ainda nesta tarde (26).<br>O Telegram chegou a entregar parte dos dados pedidos pela PF na sexta-feira (21), ap\u00f3s a pedir uma interven\u00e7\u00e3o do Judici\u00e1rio brasileiro.<br>Por\u00e9m, a PF quer contatos e dados dos integrantes e administradores de um grupo com conte\u00fado neonazista. E, segundo a corpora\u00e7\u00e3o, o Telegram n\u00e3o forneceu os n\u00fameros de telefone.<br>A Justi\u00e7a tamb\u00e9m ampliou a multa aplicada ao Telegram por n\u00e3o entregar os dados de R$ 100 mil para R$ 1 milh\u00e3o por dia de recusa em fornecer os dados.<br><\/figcaption><\/figure>\n","protected":false},"excerpt":{"rendered":"","protected":false},"author":1,"featured_media":0,"comment_status":"open","ping_status":"open","sticky":false,"template":"","format":"standard","meta":{"site-sidebar-layout":"default","site-content-layout":"","ast-site-content-layout":"default","site-content-style":"default","site-sidebar-style":"default","ast-global-header-display":"","ast-banner-title-visibility":"","ast-main-header-display":"","ast-hfb-above-header-display":"","ast-hfb-below-header-display":"","ast-hfb-mobile-header-display":"","site-post-title":"","ast-breadcrumbs-content":"","ast-featured-img":"","footer-sml-layout":"","ast-disable-related-posts":"","theme-transparent-header-meta":"","adv-header-id-meta":"","stick-header-meta":"","header-above-stick-meta":"","header-main-stick-meta":"","header-below-stick-meta":"","astra-migrate-meta-layouts":"default","ast-page-background-enabled":"default","ast-page-background-meta":{"desktop":{"background-color":"var(--ast-global-color-4)","background-image":"","background-repeat":"repeat","background-position":"center center","background-size":"auto","background-attachment":"scroll","background-type":"","background-media":"","overlay-type":"","overlay-color":"","overlay-opacity":"","overlay-gradient":""},"tablet":{"background-color":"","background-image":"","background-repeat":"repeat","background-position":"center center","background-size":"auto","background-attachment":"scroll","background-type":"","background-media":"","overlay-type":"","overlay-color":"","overlay-opacity":"","overlay-gradient":""},"mobile":{"background-color":"","background-image":"","background-repeat":"repeat","background-position":"center center","background-size":"auto","background-attachment":"scroll","background-type":"","background-media":"","overlay-type":"","overlay-color":"","overlay-opacity":"","overlay-gradient":""}},"ast-content-background-meta":{"desktop":{"background-color":"var(--ast-global-color-5)","background-image":"","background-repeat":"repeat","background-position":"center center","background-size":"auto","background-attachment":"scroll","background-type":"","background-media":"","overlay-type":"","overlay-color":"","overlay-opacity":"","overlay-gradient":""},"tablet":{"background-color":"var(--ast-global-color-5)","background-image":"","background-repeat":"repeat","background-position":"center center","background-size":"auto","background-attachment":"scroll","background-type":"","background-media":"","overlay-type":"","overlay-color":"","overlay-opacity":"","overlay-gradient":""},"mobile":{"background-color":"var(--ast-global-color-5)","background-image":"","background-repeat":"repeat","background-position":"center center","background-size":"auto","background-attachment":"scroll","background-type":"","background-media":"","overlay-type":"","overlay-color":"","overlay-opacity":"","overlay-gradient":""}},"footnotes":""},"categories":[517],"tags":[205,50,22,199,190,1656],"class_list":["post-15991","post","type-post","status-publish","format-standard","hentry","category-aconteceu","tag-justica","tag-noticias-do-face","tag-noticias-no-face","tag-noticiasnoface","tag-telegram","tag-urgente"],"_links":{"self":[{"href":"https:\/\/noticiasnoface.com.br\/index.php\/wp-json\/wp\/v2\/posts\/15991","targetHints":{"allow":["GET"]}}],"collection":[{"href":"https:\/\/noticiasnoface.com.br\/index.php\/wp-json\/wp\/v2\/posts"}],"about":[{"href":"https:\/\/noticiasnoface.com.br\/index.php\/wp-json\/wp\/v2\/types\/post"}],"author":[{"embeddable":true,"href":"https:\/\/noticiasnoface.com.br\/index.php\/wp-json\/wp\/v2\/users\/1"}],"replies":[{"embeddable":true,"href":"https:\/\/noticiasnoface.com.br\/index.php\/wp-json\/wp\/v2\/comments?post=15991"}],"version-history":[{"count":1,"href":"https:\/\/noticiasnoface.com.br\/index.php\/wp-json\/wp\/v2\/posts\/15991\/revisions"}],"predecessor-version":[{"id":15992,"href":"https:\/\/noticiasnoface.com.br\/index.php\/wp-json\/wp\/v2\/posts\/15991\/revisions\/15992"}],"wp:attachment":[{"href":"https:\/\/noticiasnoface.com.br\/index.php\/wp-json\/wp\/v2\/media?parent=15991"}],"wp:term":[{"taxonomy":"category","embeddable":true,"href":"https:\/\/noticiasnoface.com.br\/index.php\/wp-json\/wp\/v2\/categories?post=15991"},{"taxonomy":"post_tag","embeddable":true,"href":"https:\/\/noticiasnoface.com.br\/index.php\/wp-json\/wp\/v2\/tags?post=15991"}],"curies":[{"name":"wp","href":"https:\/\/api.w.org\/{rel}","templated":true}]}}