{"id":15994,"date":"2023-04-26T17:17:01","date_gmt":"2023-04-26T20:17:01","guid":{"rendered":"https:\/\/noticiasnoface.com.br\/?p=15994"},"modified":"2023-04-26T17:17:02","modified_gmt":"2023-04-26T20:17:02","slug":"esquerda-adia-projeto-de-styvenson-que-combate-o-crime-organizado","status":"publish","type":"post","link":"https:\/\/noticiasnoface.com.br\/index.php\/2023\/04\/26\/esquerda-adia-projeto-de-styvenson-que-combate-o-crime-organizado\/","title":{"rendered":"Esquerda adia projeto de Styvenson que combate o crime organizado"},"content":{"rendered":"\n<figure class=\"wp-block-image size-large\"><img data-opt-id=1009836556  fetchpriority=\"high\" decoding=\"async\" width=\"1024\" height=\"831\" src=\"https:\/\/mlbfrsat7ahr.i.optimole.com\/w:1024\/h:831\/q:mauto\/ig:avif\/https:\/\/noticiasnoface.com.br\/wp-content\/uploads\/2023\/04\/photo-output-16.jpg\" class=\"wp-image-15993\" srcset=\"https:\/\/mlbfrsat7ahr.i.optimole.com\/w:1024\/h:831\/q:mauto\/ig:avif\/https:\/\/noticiasnoface.com.br\/wp-content\/uploads\/2023\/04\/photo-output-16.jpg 1024w, https:\/\/mlbfrsat7ahr.i.optimole.com\/w:300\/h:243\/q:mauto\/ig:avif\/https:\/\/noticiasnoface.com.br\/wp-content\/uploads\/2023\/04\/photo-output-16.jpg 300w, https:\/\/mlbfrsat7ahr.i.optimole.com\/w:768\/h:623\/q:mauto\/ig:avif\/https:\/\/noticiasnoface.com.br\/wp-content\/uploads\/2023\/04\/photo-output-16.jpg 768w, https:\/\/mlbfrsat7ahr.i.optimole.com\/w:1330\/h:1080\/q:mauto\/ig:avif\/https:\/\/noticiasnoface.com.br\/wp-content\/uploads\/2023\/04\/photo-output-16.jpg 1536w, https:\/\/mlbfrsat7ahr.i.optimole.com\/w:1330\/h:1080\/q:mauto\/ig:avif\/https:\/\/noticiasnoface.com.br\/wp-content\/uploads\/2023\/04\/photo-output-16.jpg 2048w\" sizes=\"(max-width: 1000px) 100vw, 1000px\" \/><figcaption class=\"wp-element-caption\"><em>Pedido de vista adia a vota\u00e7\u00e3o de projeto que tipifica ato terrorista<\/em><br><em>Senadores fazem pedido de vista e adiam a vota\u00e7\u00e3o de projeto que tipifica como ato terrorista a\u00e7\u00f5es de organiza\u00e7\u00f5es criminosas<\/em><br>A Comiss\u00e3o de Constitui\u00e7\u00e3o, Justi\u00e7a e Cidadania (CCJ) adiou nesta quarta-feira (26) a vota\u00e7\u00e3o do projeto de lei (PL) 3283\/2021, de iniciativa do senador Styvenson Valentim (PODEMOS-RN), que altera as penas e tipifica como atos terroristas as condutas praticadas em nome ou em favor de grupos criminosos organizados, ap\u00f3s pedido de vista pelo senador Eduardo Braga (MDB-AM), Humberto Costa (PT-PE) e Omar Aziz (PSD-AM).<br>O projeto ainda n\u00e3o tem data prevista para a vota\u00e7\u00e3o. Styvenson destacou que n\u00e3o vai desistir de adequar a realidade e as necessidades brasileiras para proteger a popula\u00e7\u00e3o. \u201cEste \u00e9 um projeto bom para o Brasil, e p\u00e9ssimo para os criminosos\u201d, conclui o senador.<\/figcaption><\/figure>\n","protected":false},"excerpt":{"rendered":"","protected":false},"author":1,"featured_media":0,"comment_status":"open","ping_status":"open","sticky":false,"template":"","format":"standard","meta":{"site-sidebar-layout":"default","site-content-layout":"","ast-site-content-layout":"default","site-content-style":"default","site-sidebar-style":"default","ast-global-header-display":"","ast-banner-title-visibility":"","ast-main-header-display":"","ast-hfb-above-header-display":"","ast-hfb-below-header-display":"","ast-hfb-mobile-header-display":"","site-post-title":"","ast-breadcrumbs-content":"","ast-featured-img":"","footer-sml-layout":"","ast-disable-related-posts":"","theme-transparent-header-meta":"","adv-header-id-meta":"","stick-header-meta":"","header-above-stick-meta":"","header-main-stick-meta":"","header-below-stick-meta":"","astra-migrate-meta-layouts":"default","ast-page-background-enabled":"default","ast-page-background-meta":{"desktop":{"background-color":"var(--ast-global-color-4)","background-image":"","background-repeat":"repeat","background-position":"center center","background-size":"auto","background-attachment":"scroll","background-type":"","background-media":"","overlay-type":"","overlay-color":"","overlay-opacity":"","overlay-gradient":""},"tablet":{"background-color":"","background-image":"","background-repeat":"repeat","background-position":"center center","background-size":"auto","background-attachment":"scroll","background-type":"","background-media":"","overlay-type":"","overlay-color":"","overlay-opacity":"","overlay-gradient":""},"mobile":{"background-color":"","background-image":"","background-repeat":"repeat","background-position":"center center","background-size":"auto","background-attachment":"scroll","background-type":"","background-media":"","overlay-type":"","overlay-color":"","overlay-opacity":"","overlay-gradient":""}},"ast-content-background-meta":{"desktop":{"background-color":"var(--ast-global-color-5)","background-image":"","background-repeat":"repeat","background-position":"center center","background-size":"auto","background-attachment":"scroll","background-type":"","background-media":"","overlay-type":"","overlay-color":"","overlay-opacity":"","overlay-gradient":""},"tablet":{"background-color":"var(--ast-global-color-5)","background-image":"","background-repeat":"repeat","background-position":"center center","background-size":"auto","background-attachment":"scroll","background-type":"","background-media":"","overlay-type":"","overlay-color":"","overlay-opacity":"","overlay-gradient":""},"mobile":{"background-color":"var(--ast-global-color-5)","background-image":"","background-repeat":"repeat","background-position":"center center","background-size":"auto","background-attachment":"scroll","background-type":"","background-media":"","overlay-type":"","overlay-color":"","overlay-opacity":"","overlay-gradient":""}},"footnotes":""},"categories":[153],"tags":[2866,124,2229,22,199,653,507],"class_list":["post-15994","post","type-post","status-publish","format-standard","hentry","category-politica","tag-crime-organizado","tag-faccao","tag-noticas-do-face","tag-noticias-no-face","tag-noticiasnoface","tag-senador-styvenson","tag-styvenson"],"_links":{"self":[{"href":"https:\/\/noticiasnoface.com.br\/index.php\/wp-json\/wp\/v2\/posts\/15994","targetHints":{"allow":["GET"]}}],"collection":[{"href":"https:\/\/noticiasnoface.com.br\/index.php\/wp-json\/wp\/v2\/posts"}],"about":[{"href":"https:\/\/noticiasnoface.com.br\/index.php\/wp-json\/wp\/v2\/types\/post"}],"author":[{"embeddable":true,"href":"https:\/\/noticiasnoface.com.br\/index.php\/wp-json\/wp\/v2\/users\/1"}],"replies":[{"embeddable":true,"href":"https:\/\/noticiasnoface.com.br\/index.php\/wp-json\/wp\/v2\/comments?post=15994"}],"version-history":[{"count":1,"href":"https:\/\/noticiasnoface.com.br\/index.php\/wp-json\/wp\/v2\/posts\/15994\/revisions"}],"predecessor-version":[{"id":15995,"href":"https:\/\/noticiasnoface.com.br\/index.php\/wp-json\/wp\/v2\/posts\/15994\/revisions\/15995"}],"wp:attachment":[{"href":"https:\/\/noticiasnoface.com.br\/index.php\/wp-json\/wp\/v2\/media?parent=15994"}],"wp:term":[{"taxonomy":"category","embeddable":true,"href":"https:\/\/noticiasnoface.com.br\/index.php\/wp-json\/wp\/v2\/categories?post=15994"},{"taxonomy":"post_tag","embeddable":true,"href":"https:\/\/noticiasnoface.com.br\/index.php\/wp-json\/wp\/v2\/tags?post=15994"}],"curies":[{"name":"wp","href":"https:\/\/api.w.org\/{rel}","templated":true}]}}