{"id":16002,"date":"2023-04-26T22:06:13","date_gmt":"2023-04-27T01:06:13","guid":{"rendered":"https:\/\/noticiasnoface.com.br\/?p=16002"},"modified":"2023-04-26T22:06:15","modified_gmt":"2023-04-27T01:06:15","slug":"vereadores-vao-a-brasilia-para-a-marcha-dos-legislativos-municipais","status":"publish","type":"post","link":"https:\/\/noticiasnoface.com.br\/index.php\/2023\/04\/26\/vereadores-vao-a-brasilia-para-a-marcha-dos-legislativos-municipais\/","title":{"rendered":"Vereadores v\u00e3o \u00e0 Bras\u00edlia para a Marcha dos Legislativos Municipais"},"content":{"rendered":"\n<figure class=\"wp-block-image size-large\"><img data-opt-id=1199232716  fetchpriority=\"high\" decoding=\"async\" width=\"1024\" height=\"561\" src=\"https:\/\/mlbfrsat7ahr.i.optimole.com\/w:1024\/h:561\/q:mauto\/ig:avif\/https:\/\/noticiasnoface.com.br\/wp-content\/uploads\/2023\/04\/img_2963.jpg\" class=\"wp-image-16001\" srcset=\"https:\/\/mlbfrsat7ahr.i.optimole.com\/w:1024\/h:561\/q:mauto\/ig:avif\/https:\/\/noticiasnoface.com.br\/wp-content\/uploads\/2023\/04\/img_2963.jpg 1024w, https:\/\/mlbfrsat7ahr.i.optimole.com\/w:300\/h:164\/q:mauto\/ig:avif\/https:\/\/noticiasnoface.com.br\/wp-content\/uploads\/2023\/04\/img_2963.jpg 300w, https:\/\/mlbfrsat7ahr.i.optimole.com\/w:768\/h:421\/q:mauto\/ig:avif\/https:\/\/noticiasnoface.com.br\/wp-content\/uploads\/2023\/04\/img_2963.jpg 768w, https:\/\/mlbfrsat7ahr.i.optimole.com\/w:1076\/h:590\/q:mauto\/ig:avif\/https:\/\/noticiasnoface.com.br\/wp-content\/uploads\/2023\/04\/img_2963.jpg 1076w\" sizes=\"(max-width: 1000px) 100vw, 1000px\" \/><figcaption class=\"wp-element-caption\">O presidente da Casa, vereador Wolney Fran\u00e7a, junto aos parlamentares Prof. Italo, Marquinhos da Climep e C\u00e9sar Maia, e da vereadora Carol Pires, foram \u00e0 Bras\u00edlia para a XXII Marcha dos Legislativos Municipais, que iniciou na manh\u00e3 da \u00faltima ter\u00e7a-feira (25), e se estende at\u00e9 a sexta-feira (28). O evento \u00e9 realizado pela Uni\u00e3o dos Vereadores do Brasil (UVB).<br>O intuito do evento \u00e9 proporcionar experi\u00eancias de trocas entre legislativos municipais, levantando debates sobre tem\u00e1ticas nacionais de interesses do parlamento municipal. <br>Wolney Fran\u00e7a afirmou que a marcha \u00e9 uma ferramenta agregadora aos estados e aos munic\u00edpios. \u201cA Marcha dos Vereadores significa um momento de uni\u00e3o, com essa rela\u00e7\u00e3o entre as C\u00e2maras Municipais e a capital federal s\u00f3 fortalece o desenvolvimento dos munic\u00edpios do RN\u201d.<br><strong>Evento fortalece a democracia representativa<\/strong><br>Segundo a Uni\u00e3o dos Vereadores do Brasil,  a iniciativa promove o \u201cfortalecimento do Poder Legislativo Municipal brasileiro, chamando aten\u00e7\u00e3o de Bras\u00edlia para a import\u00e2ncia da democracia representativa atrav\u00e9s das c\u00e2maras municipais e sobretudo, da import\u00e2ncia dos legislativos municipais na transforma\u00e7\u00e3o da vida das pessoas\u201d.<br>Informa\u00e7\u00f5es sobre a programa\u00e7\u00e3o est\u00e3o no site da Uni\u00e3o dos Vereadores do Brasil e podem ser acessadas pelo link: <a href=\"https:\/\/uvbbrasil.com.br\/?p=26599\" target=\"_blank\" rel=\"noopener\">https:\/\/uvbbrasil.com.br\/?p=26599<\/a><br><small class=\"cmp-noticia-content-credit\">Fonte: Malu Figueiredo Ascom \/ CMP<\/small> <\/figcaption><\/figure>\n","protected":false},"excerpt":{"rendered":"","protected":false},"author":1,"featured_media":0,"comment_status":"open","ping_status":"open","sticky":false,"template":"","format":"standard","meta":{"site-sidebar-layout":"default","site-content-layout":"","ast-site-content-layout":"default","site-content-style":"default","site-sidebar-style":"default","ast-global-header-display":"","ast-banner-title-visibility":"","ast-main-header-display":"","ast-hfb-above-header-display":"","ast-hfb-below-header-display":"","ast-hfb-mobile-header-display":"","site-post-title":"","ast-breadcrumbs-content":"","ast-featured-img":"","footer-sml-layout":"","ast-disable-related-posts":"","theme-transparent-header-meta":"","adv-header-id-meta":"","stick-header-meta":"","header-above-stick-meta":"","header-main-stick-meta":"","header-below-stick-meta":"","astra-migrate-meta-layouts":"default","ast-page-background-enabled":"default","ast-page-background-meta":{"desktop":{"background-color":"var(--ast-global-color-4)","background-image":"","background-repeat":"repeat","background-position":"center center","background-size":"auto","background-attachment":"scroll","background-type":"","background-media":"","overlay-type":"","overlay-color":"","overlay-opacity":"","overlay-gradient":""},"tablet":{"background-color":"","background-image":"","background-repeat":"repeat","background-position":"center center","background-size":"auto","background-attachment":"scroll","background-type":"","background-media":"","overlay-type":"","overlay-color":"","overlay-opacity":"","overlay-gradient":""},"mobile":{"background-color":"","background-image":"","background-repeat":"repeat","background-position":"center center","background-size":"auto","background-attachment":"scroll","background-type":"","background-media":"","overlay-type":"","overlay-color":"","overlay-opacity":"","overlay-gradient":""}},"ast-content-background-meta":{"desktop":{"background-color":"var(--ast-global-color-5)","background-image":"","background-repeat":"repeat","background-position":"center center","background-size":"auto","background-attachment":"scroll","background-type":"","background-media":"","overlay-type":"","overlay-color":"","overlay-opacity":"","overlay-gradient":""},"tablet":{"background-color":"var(--ast-global-color-5)","background-image":"","background-repeat":"repeat","background-position":"center center","background-size":"auto","background-attachment":"scroll","background-type":"","background-media":"","overlay-type":"","overlay-color":"","overlay-opacity":"","overlay-gradient":""},"mobile":{"background-color":"var(--ast-global-color-5)","background-image":"","background-repeat":"repeat","background-position":"center center","background-size":"auto","background-attachment":"scroll","background-type":"","background-media":"","overlay-type":"","overlay-color":"","overlay-opacity":"","overlay-gradient":""}},"footnotes":""},"categories":[517],"tags":[],"class_list":["post-16002","post","type-post","status-publish","format-standard","hentry","category-aconteceu"],"_links":{"self":[{"href":"https:\/\/noticiasnoface.com.br\/index.php\/wp-json\/wp\/v2\/posts\/16002","targetHints":{"allow":["GET"]}}],"collection":[{"href":"https:\/\/noticiasnoface.com.br\/index.php\/wp-json\/wp\/v2\/posts"}],"about":[{"href":"https:\/\/noticiasnoface.com.br\/index.php\/wp-json\/wp\/v2\/types\/post"}],"author":[{"embeddable":true,"href":"https:\/\/noticiasnoface.com.br\/index.php\/wp-json\/wp\/v2\/users\/1"}],"replies":[{"embeddable":true,"href":"https:\/\/noticiasnoface.com.br\/index.php\/wp-json\/wp\/v2\/comments?post=16002"}],"version-history":[{"count":1,"href":"https:\/\/noticiasnoface.com.br\/index.php\/wp-json\/wp\/v2\/posts\/16002\/revisions"}],"predecessor-version":[{"id":16003,"href":"https:\/\/noticiasnoface.com.br\/index.php\/wp-json\/wp\/v2\/posts\/16002\/revisions\/16003"}],"wp:attachment":[{"href":"https:\/\/noticiasnoface.com.br\/index.php\/wp-json\/wp\/v2\/media?parent=16002"}],"wp:term":[{"taxonomy":"category","embeddable":true,"href":"https:\/\/noticiasnoface.com.br\/index.php\/wp-json\/wp\/v2\/categories?post=16002"},{"taxonomy":"post_tag","embeddable":true,"href":"https:\/\/noticiasnoface.com.br\/index.php\/wp-json\/wp\/v2\/tags?post=16002"}],"curies":[{"name":"wp","href":"https:\/\/api.w.org\/{rel}","templated":true}]}}