{"id":16044,"date":"2023-04-28T22:34:57","date_gmt":"2023-04-29T01:34:57","guid":{"rendered":"https:\/\/noticiasnoface.com.br\/?p=16044"},"modified":"2023-04-28T22:34:57","modified_gmt":"2023-04-29T01:34:57","slug":"audiencia-na-camara-debate-intervencao-precoce-no-diagnostico-do-autismo","status":"publish","type":"post","link":"https:\/\/noticiasnoface.com.br\/index.php\/2023\/04\/28\/audiencia-na-camara-debate-intervencao-precoce-no-diagnostico-do-autismo\/","title":{"rendered":"Audi\u00eancia na C\u00e2mara debate interven\u00e7\u00e3o precoce no diagn\u00f3stico do autismo"},"content":{"rendered":"\n<figure class=\"wp-block-image size-large\"><img data-opt-id=892717548  fetchpriority=\"high\" decoding=\"async\" width=\"1024\" height=\"541\" src=\"https:\/\/mlbfrsat7ahr.i.optimole.com\/w:1024\/h:541\/q:mauto\/ig:avif\/https:\/\/noticiasnoface.com.br\/wp-content\/uploads\/2023\/04\/img_3098.jpg\" class=\"wp-image-16043\" srcset=\"https:\/\/mlbfrsat7ahr.i.optimole.com\/w:1024\/h:541\/q:mauto\/ig:avif\/https:\/\/noticiasnoface.com.br\/wp-content\/uploads\/2023\/04\/img_3098.jpg 1024w, https:\/\/mlbfrsat7ahr.i.optimole.com\/w:300\/h:158\/q:mauto\/ig:avif\/https:\/\/noticiasnoface.com.br\/wp-content\/uploads\/2023\/04\/img_3098.jpg 300w, https:\/\/mlbfrsat7ahr.i.optimole.com\/w:768\/h:406\/q:mauto\/ig:avif\/https:\/\/noticiasnoface.com.br\/wp-content\/uploads\/2023\/04\/img_3098.jpg 768w, https:\/\/mlbfrsat7ahr.i.optimole.com\/w:1441\/h:761\/q:mauto\/ig:avif\/https:\/\/noticiasnoface.com.br\/wp-content\/uploads\/2023\/04\/img_3098.jpg 1441w\" sizes=\"(max-width: 1000px) 100vw, 1000px\" \/><figcaption class=\"wp-element-caption\">A import\u00e2ncia da interven\u00e7\u00e3o precoce no diagn\u00f3stico do transtorno do espectro do autismo norteou as discuss\u00e3o da audi\u00eancia p\u00fablica, na C\u00e2mara Municipal de Natal, nesta sexta-feira (28). Atrav\u00e9s de uma proposi\u00e7\u00e3o do vereador Dickson J\u00fanior (PSDB), o encontro reuniu pais, autistas, representantes de ONGs e de secretarias municipais.<br>A interven\u00e7\u00e3o precoce consiste na estimula\u00e7\u00e3o terap\u00eautica que ocorre de forma direcionada e \u00e9 realizada por profissionais especializados, logo que se detectam os sinais do autismo. &#8220;Convocamos essa audi\u00eancia para trazer o tema \u00e0 sociedade e discutir ideias, trocas de experi\u00eancias. A interven\u00e7\u00e3o precoce \u00e9 a chave para que essas pessoas possam ter autonomia e melhoria no desenvolvimento&#8221;, disse o vereador.<br>Contudo, a analista de comportamento, Renata Ferraz, destacou que o servi\u00e7o adequado n\u00e3o \u00e9 oferecido na rede p\u00fablica e em poucos casos no setor privado. &#8220;A interven\u00e7\u00e3o precoce \u00e9 dif\u00edcil de se conseguir, inclusive, nos planos de sa\u00fade, mas \u00e9 necess\u00e1ria porque estimula o desenvolvimento da crian\u00e7a no sentido de modificar o funcionamento do c\u00e9rebro, se for feita precocemente antes dos 5 anos. Pesquisas apontam que 70% dos que t\u00eam interven\u00e7\u00e3o precoce conseguem ter uma vida funcional&#8221;, declarou.<br>&#8220;O acesso a terapias e m\u00e9dicos tem sido obst\u00e1culo pela escassez de profissionais e de contra\u00e7\u00e3o no servi\u00e7o publico. Precisa haver uma inclus\u00e3o de profissionais capacitados nas escolas e em todo o servi\u00e7o de sa\u00fade&#8221;, enfatizou o advogado especialista em direitos dos autistas, Bruno Henrique, que tamb\u00e9m \u00e9 pai de autista.<br>Al\u00e9m das defici\u00eancias no atendimento, profissionais da \u00e1rea e pais presentes \u00e0 audi\u00eancia tamb\u00e9m apontaram a necessidade do tratamento focar no treinamento parental e se estender de modo a educar a sociedade para aprender a lidar com pessoas autistas.<br>Estudante de medicina na UFRN, a influenciadora Raquel Nery, apresentou a vis\u00e3o dela sobre o processo de desenvolvimento ao descobrir que tinha autismo moderado (n\u00edvel 2 de suporte) aos 16 anos. &#8220;Estudei em escola estadual e eu era muito infeliz. As pessoas me maltratavam, talvez por n\u00e3o saberem como lidar e porque eu n\u00e3o tinha o diagn\u00f3stico. Quem sabe se eu tivesse recebido uma interven\u00e7\u00e3o precoce, meu desenvolvimento teria sido melhor e algumas dificuldades hoje n\u00e3o existissem pra mim? Na universidade \u00e9 diferente. Estou muito feliz e queria muito que todos os estudantes autistas tivessem o tratamento que eu tenho l\u00e1&#8221;, contou a jovem.<br>Os vereadores Herberth Sena (PSDB), Milklei Leite (PV) e T\u00e9rcio Tinoco (Uni\u00e3o Brasil) tamb\u00e9m participaram da audi\u00eancia.<br>Texto: Cl\u00e1udio Oliveira<br>Fotos: Lorena Ver\u00edssimo<\/figcaption><\/figure>\n","protected":false},"excerpt":{"rendered":"","protected":false},"author":1,"featured_media":0,"comment_status":"open","ping_status":"open","sticky":false,"template":"","format":"standard","meta":{"site-sidebar-layout":"default","site-content-layout":"","ast-site-content-layout":"default","site-content-style":"default","site-sidebar-style":"default","ast-global-header-display":"","ast-banner-title-visibility":"","ast-main-header-display":"","ast-hfb-above-header-display":"","ast-hfb-below-header-display":"","ast-hfb-mobile-header-display":"","site-post-title":"","ast-breadcrumbs-content":"","ast-featured-img":"","footer-sml-layout":"","ast-disable-related-posts":"","theme-transparent-header-meta":"","adv-header-id-meta":"","stick-header-meta":"","header-above-stick-meta":"","header-main-stick-meta":"","header-below-stick-meta":"","astra-migrate-meta-layouts":"default","ast-page-background-enabled":"default","ast-page-background-meta":{"desktop":{"background-color":"var(--ast-global-color-4)","background-image":"","background-repeat":"repeat","background-position":"center center","background-size":"auto","background-attachment":"scroll","background-type":"","background-media":"","overlay-type":"","overlay-color":"","overlay-opacity":"","overlay-gradient":""},"tablet":{"background-color":"","background-image":"","background-repeat":"repeat","background-position":"center center","background-size":"auto","background-attachment":"scroll","background-type":"","background-media":"","overlay-type":"","overlay-color":"","overlay-opacity":"","overlay-gradient":""},"mobile":{"background-color":"","background-image":"","background-repeat":"repeat","background-position":"center center","background-size":"auto","background-attachment":"scroll","background-type":"","background-media":"","overlay-type":"","overlay-color":"","overlay-opacity":"","overlay-gradient":""}},"ast-content-background-meta":{"desktop":{"background-color":"var(--ast-global-color-5)","background-image":"","background-repeat":"repeat","background-position":"center center","background-size":"auto","background-attachment":"scroll","background-type":"","background-media":"","overlay-type":"","overlay-color":"","overlay-opacity":"","overlay-gradient":""},"tablet":{"background-color":"var(--ast-global-color-5)","background-image":"","background-repeat":"repeat","background-position":"center center","background-size":"auto","background-attachment":"scroll","background-type":"","background-media":"","overlay-type":"","overlay-color":"","overlay-opacity":"","overlay-gradient":""},"mobile":{"background-color":"var(--ast-global-color-5)","background-image":"","background-repeat":"repeat","background-position":"center center","background-size":"auto","background-attachment":"scroll","background-type":"","background-media":"","overlay-type":"","overlay-color":"","overlay-opacity":"","overlay-gradient":""}},"footnotes":""},"categories":[517],"tags":[],"class_list":["post-16044","post","type-post","status-publish","format-standard","hentry","category-aconteceu"],"_links":{"self":[{"href":"https:\/\/noticiasnoface.com.br\/index.php\/wp-json\/wp\/v2\/posts\/16044","targetHints":{"allow":["GET"]}}],"collection":[{"href":"https:\/\/noticiasnoface.com.br\/index.php\/wp-json\/wp\/v2\/posts"}],"about":[{"href":"https:\/\/noticiasnoface.com.br\/index.php\/wp-json\/wp\/v2\/types\/post"}],"author":[{"embeddable":true,"href":"https:\/\/noticiasnoface.com.br\/index.php\/wp-json\/wp\/v2\/users\/1"}],"replies":[{"embeddable":true,"href":"https:\/\/noticiasnoface.com.br\/index.php\/wp-json\/wp\/v2\/comments?post=16044"}],"version-history":[{"count":1,"href":"https:\/\/noticiasnoface.com.br\/index.php\/wp-json\/wp\/v2\/posts\/16044\/revisions"}],"predecessor-version":[{"id":16045,"href":"https:\/\/noticiasnoface.com.br\/index.php\/wp-json\/wp\/v2\/posts\/16044\/revisions\/16045"}],"wp:attachment":[{"href":"https:\/\/noticiasnoface.com.br\/index.php\/wp-json\/wp\/v2\/media?parent=16044"}],"wp:term":[{"taxonomy":"category","embeddable":true,"href":"https:\/\/noticiasnoface.com.br\/index.php\/wp-json\/wp\/v2\/categories?post=16044"},{"taxonomy":"post_tag","embeddable":true,"href":"https:\/\/noticiasnoface.com.br\/index.php\/wp-json\/wp\/v2\/tags?post=16044"}],"curies":[{"name":"wp","href":"https:\/\/api.w.org\/{rel}","templated":true}]}}