{"id":16095,"date":"2023-05-02T16:54:50","date_gmt":"2023-05-02T19:54:50","guid":{"rendered":"https:\/\/noticiasnoface.com.br\/?p=16095"},"modified":"2023-05-02T16:54:50","modified_gmt":"2023-05-02T19:54:50","slug":"ravi-sena-foi-morar-no-ceu","status":"publish","type":"post","link":"https:\/\/noticiasnoface.com.br\/index.php\/2023\/05\/02\/ravi-sena-foi-morar-no-ceu\/","title":{"rendered":"Ravi Sena foi morar no c\u00e9u"},"content":{"rendered":"\n<figure class=\"wp-block-image size-large\"><img data-opt-id=342598196  fetchpriority=\"high\" decoding=\"async\" width=\"1024\" height=\"967\" src=\"https:\/\/mlbfrsat7ahr.i.optimole.com\/w:1024\/h:967\/q:mauto\/ig:avif\/https:\/\/noticiasnoface.com.br\/wp-content\/uploads\/2023\/05\/photo-output-1-1.jpg\" class=\"wp-image-16094\" srcset=\"https:\/\/mlbfrsat7ahr.i.optimole.com\/w:1024\/h:967\/q:mauto\/ig:avif\/https:\/\/noticiasnoface.com.br\/wp-content\/uploads\/2023\/05\/photo-output-1-1.jpg 1024w, https:\/\/mlbfrsat7ahr.i.optimole.com\/w:300\/h:283\/q:mauto\/ig:avif\/https:\/\/noticiasnoface.com.br\/wp-content\/uploads\/2023\/05\/photo-output-1-1.jpg 300w, https:\/\/mlbfrsat7ahr.i.optimole.com\/w:768\/h:725\/q:mauto\/ig:avif\/https:\/\/noticiasnoface.com.br\/wp-content\/uploads\/2023\/05\/photo-output-1-1.jpg 768w, https:\/\/mlbfrsat7ahr.i.optimole.com\/w:1143\/h:1080\/q:mauto\/ig:avif\/https:\/\/noticiasnoface.com.br\/wp-content\/uploads\/2023\/05\/photo-output-1-1.jpg 1536w, https:\/\/mlbfrsat7ahr.i.optimole.com\/w:1143\/h:1080\/q:mauto\/ig:avif\/https:\/\/noticiasnoface.com.br\/wp-content\/uploads\/2023\/05\/photo-output-1-1.jpg 2048w\" sizes=\"(max-width: 1000px) 100vw, 1000px\" \/><figcaption class=\"wp-element-caption\">O beb\u00ea potiguar Ravi Sena, diagnosticado com microcefalia, anencefalia e encefalocele, faleceu nesta segunda-feira (01), aos tr\u00eas anos de idade. A not\u00edcia triste chama aten\u00e7\u00e3o pelo fato da crian\u00e7a ter vivido mais que o esperado pelos m\u00e9dicos, que estimavam a expectativa de vida em apenas 40 minutos ap\u00f3s o parto.<br>Ravi ficou hospitalizado por muitos dias, enfrentando diversas complica\u00e7\u00f5es m\u00e9dicas, mas teve o amor incondicional de seus pais, Raquel e Kleyton, que compartilharam a rotina de luta do filho com seus mais de 200 mil seguidores nas redes sociais.<br>A fam\u00edlia passou por muitas dificuldades durante a pandemia, ap\u00f3s perderem o espa\u00e7o de beleza que mantinham para sustentar a casa onde moravam. No entanto, em julho de 2022, houve uma campanha de arrecada\u00e7\u00e3o para ajudar a cobrir os custos, e com isso a fam\u00edlia conseguiu manter a moradia.<br>Mesmo com a tristeza da perda de Ravi, a hist\u00f3ria de luta e amor dos pais pela crian\u00e7a, que enfrentou desafios desde o nascimento, \u00e9 um exemplo de for\u00e7a e resili\u00eancia. A fam\u00edlia agradeceu o apoio de todos que acompanharam a hist\u00f3ria do beb\u00ea e pediu privacidade neste momento dif\u00edcil.<br><\/figcaption><\/figure>\n","protected":false},"excerpt":{"rendered":"","protected":false},"author":1,"featured_media":0,"comment_status":"open","ping_status":"open","sticky":false,"template":"","format":"standard","meta":{"site-sidebar-layout":"default","site-content-layout":"","ast-site-content-layout":"default","site-content-style":"default","site-sidebar-style":"default","ast-global-header-display":"","ast-banner-title-visibility":"","ast-main-header-display":"","ast-hfb-above-header-display":"","ast-hfb-below-header-display":"","ast-hfb-mobile-header-display":"","site-post-title":"","ast-breadcrumbs-content":"","ast-featured-img":"","footer-sml-layout":"","ast-disable-related-posts":"","theme-transparent-header-meta":"","adv-header-id-meta":"","stick-header-meta":"","header-above-stick-meta":"","header-main-stick-meta":"","header-below-stick-meta":"","astra-migrate-meta-layouts":"default","ast-page-background-enabled":"default","ast-page-background-meta":{"desktop":{"background-color":"var(--ast-global-color-4)","background-image":"","background-repeat":"repeat","background-position":"center center","background-size":"auto","background-attachment":"scroll","background-type":"","background-media":"","overlay-type":"","overlay-color":"","overlay-opacity":"","overlay-gradient":""},"tablet":{"background-color":"","background-image":"","background-repeat":"repeat","background-position":"center center","background-size":"auto","background-attachment":"scroll","background-type":"","background-media":"","overlay-type":"","overlay-color":"","overlay-opacity":"","overlay-gradient":""},"mobile":{"background-color":"","background-image":"","background-repeat":"repeat","background-position":"center center","background-size":"auto","background-attachment":"scroll","background-type":"","background-media":"","overlay-type":"","overlay-color":"","overlay-opacity":"","overlay-gradient":""}},"ast-content-background-meta":{"desktop":{"background-color":"var(--ast-global-color-5)","background-image":"","background-repeat":"repeat","background-position":"center center","background-size":"auto","background-attachment":"scroll","background-type":"","background-media":"","overlay-type":"","overlay-color":"","overlay-opacity":"","overlay-gradient":""},"tablet":{"background-color":"var(--ast-global-color-5)","background-image":"","background-repeat":"repeat","background-position":"center center","background-size":"auto","background-attachment":"scroll","background-type":"","background-media":"","overlay-type":"","overlay-color":"","overlay-opacity":"","overlay-gradient":""},"mobile":{"background-color":"var(--ast-global-color-5)","background-image":"","background-repeat":"repeat","background-position":"center center","background-size":"auto","background-attachment":"scroll","background-type":"","background-media":"","overlay-type":"","overlay-color":"","overlay-opacity":"","overlay-gradient":""}},"footnotes":""},"categories":[517],"tags":[2878,2229,2236,199,2877,245],"class_list":["post-16095","post","type-post","status-publish","format-standard","hentry","category-aconteceu","tag-microcefalia","tag-noticas-do-face","tag-noticas-no-face","tag-noticiasnoface","tag-ravi-sena","tag-saude"],"_links":{"self":[{"href":"https:\/\/noticiasnoface.com.br\/index.php\/wp-json\/wp\/v2\/posts\/16095","targetHints":{"allow":["GET"]}}],"collection":[{"href":"https:\/\/noticiasnoface.com.br\/index.php\/wp-json\/wp\/v2\/posts"}],"about":[{"href":"https:\/\/noticiasnoface.com.br\/index.php\/wp-json\/wp\/v2\/types\/post"}],"author":[{"embeddable":true,"href":"https:\/\/noticiasnoface.com.br\/index.php\/wp-json\/wp\/v2\/users\/1"}],"replies":[{"embeddable":true,"href":"https:\/\/noticiasnoface.com.br\/index.php\/wp-json\/wp\/v2\/comments?post=16095"}],"version-history":[{"count":1,"href":"https:\/\/noticiasnoface.com.br\/index.php\/wp-json\/wp\/v2\/posts\/16095\/revisions"}],"predecessor-version":[{"id":16096,"href":"https:\/\/noticiasnoface.com.br\/index.php\/wp-json\/wp\/v2\/posts\/16095\/revisions\/16096"}],"wp:attachment":[{"href":"https:\/\/noticiasnoface.com.br\/index.php\/wp-json\/wp\/v2\/media?parent=16095"}],"wp:term":[{"taxonomy":"category","embeddable":true,"href":"https:\/\/noticiasnoface.com.br\/index.php\/wp-json\/wp\/v2\/categories?post=16095"},{"taxonomy":"post_tag","embeddable":true,"href":"https:\/\/noticiasnoface.com.br\/index.php\/wp-json\/wp\/v2\/tags?post=16095"}],"curies":[{"name":"wp","href":"https:\/\/api.w.org\/{rel}","templated":true}]}}