{"id":16100,"date":"2023-05-03T09:11:31","date_gmt":"2023-05-03T12:11:31","guid":{"rendered":"https:\/\/noticiasnoface.com.br\/?p=16100"},"modified":"2023-05-03T09:12:51","modified_gmt":"2023-05-03T12:12:51","slug":"menino-de-14-anos-mata-9-pessoas-em-escola","status":"publish","type":"post","link":"https:\/\/noticiasnoface.com.br\/index.php\/2023\/05\/03\/menino-de-14-anos-mata-9-pessoas-em-escola\/","title":{"rendered":"Menino de 14 anos mata 9 pessoas em escola"},"content":{"rendered":"\n<figure class=\"wp-block-image size-large\"><img data-opt-id=502276202  fetchpriority=\"high\" decoding=\"async\" width=\"1024\" height=\"672\" src=\"https:\/\/mlbfrsat7ahr.i.optimole.com\/w:1024\/h:672\/q:mauto\/ig:avif\/https:\/\/noticiasnoface.com.br\/wp-content\/uploads\/2023\/05\/img_3299.jpg\" class=\"wp-image-16099\" srcset=\"https:\/\/mlbfrsat7ahr.i.optimole.com\/w:1024\/h:672\/q:mauto\/ig:avif\/https:\/\/noticiasnoface.com.br\/wp-content\/uploads\/2023\/05\/img_3299.jpg 1024w, https:\/\/mlbfrsat7ahr.i.optimole.com\/w:300\/h:197\/q:mauto\/ig:avif\/https:\/\/noticiasnoface.com.br\/wp-content\/uploads\/2023\/05\/img_3299.jpg 300w, https:\/\/mlbfrsat7ahr.i.optimole.com\/w:768\/h:504\/q:mauto\/ig:avif\/https:\/\/noticiasnoface.com.br\/wp-content\/uploads\/2023\/05\/img_3299.jpg 768w, https:\/\/mlbfrsat7ahr.i.optimole.com\/w:1290\/h:847\/q:mauto\/ig:avif\/https:\/\/noticiasnoface.com.br\/wp-content\/uploads\/2023\/05\/img_3299.jpg 1290w\" sizes=\"(max-width: 1000px) 100vw, 1000px\" \/><figcaption class=\"wp-element-caption\">Menino de 14 anos mata 9 pessoas em escola na S\u00e9rvia<br>Oito alunos e um seguran\u00e7a foram mortos, e um professor e outros seis estudantes, hospitalizados<br>3.mai.2023 \u00e0s 6h59<br>Um menino de 14 anos <a href=\"https:\/\/www1.folha.uol.com.br\/cotidiano\/2023\/04\/diante-do-medo-escolas-e-creches-amanhecem-esvaziadas-em-sp.shtml\" target=\"_blank\" rel=\"noopener\">atirou em sua professora em uma escola de ensino fundamental<\/a> no distrito de Vracar, no centro de Belgrado, na manh\u00e3 desta quarta-feira (3) e, em seguida, <a href=\"https:\/\/fotografia.folha.uol.com.br\/galerias\/1745955131188638-relembre-outros-massacres-em-escolas#foto-1745962333462485\" target=\"_blank\" rel=\"noopener\">abriu fogo contra os demais presentes<\/a>. O incidente se deu \u00e0s 8h40 do hor\u00e1rio local (3h40 em Bras\u00edlia).<br>No total, oito alunos e um seguran\u00e7a morreram, de acordo com o Minist\u00e9rio do Interior do pa\u00eds. J\u00e1 a professora foi hospitalizada, assim como outros seis estudantes feridos.<br>Uma jovem que frequenta uma institui\u00e7\u00e3o de ensino m\u00e9dio pr\u00f3xima ao col\u00e9gio em que ocorreu o ataque afirmou \u00e0 TV estatal s\u00e9rvia RTS que a princ\u00edpio viu crian\u00e7as saindo correndo do local, e depois pais em p\u00e2nico chegando l\u00e1 para peg\u00e1-las. Em seguida, relatou, ouviu tr\u00eas tiros.<br>A pol\u00edcia informou que um estudante do oitavo ano do col\u00e9gio foi preso. Milan Milosevic, pai de uma estudante que estava na turma em que ocorreu o tiroteio, afirmou \u00e0 rede N1 que o suposto atirador tinha chegado recentemente \u00e0 escola, e era quieto, al\u00e9m de um bom aluno.<br>Agentes com capacetes e coletes \u00e0 prova de balas isolaram a \u00e1rea ao redor da escola, e \u00f3rg\u00e3o disse que uma investiga\u00e7\u00e3o acerca dos motivos por tr\u00e1s do epis\u00f3dio est\u00e1 em andamento.<br><a href=\"https:\/\/www1.folha.uol.com.br\/cotidiano\/2023\/04\/e-preciso-separar-onda-de-panico-nas-escolas-do-problema-real-da-violencia-dizem-especialistas.shtml\" target=\"_blank\" rel=\"noopener\">Tiroteios em massa s\u00e3o relativamente raros na S\u00e9rvia<\/a>, que tem leis r\u00edgidas acerca de compra e utiliza\u00e7\u00e3o de armas. Al\u00e9m disso, o governo permitiu diversas vezes que propriet\u00e1rios de equipamentos ilegais os registrassem sem qualquer tipo de repres\u00e1lia.<br>Nos Balc\u00e3s circula, contudo, um grande n\u00famero de artefatos ilegais, remanescente das muitas guerras e conflitos ocorridos na regi\u00e3o na d\u00e9cada de 1990.<\/figcaption><\/figure>\n","protected":false},"excerpt":{"rendered":"","protected":false},"author":1,"featured_media":0,"comment_status":"open","ping_status":"open","sticky":false,"template":"","format":"standard","meta":{"site-sidebar-layout":"default","site-content-layout":"","ast-site-content-layout":"default","site-content-style":"default","site-sidebar-style":"default","ast-global-header-display":"","ast-banner-title-visibility":"","ast-main-header-display":"","ast-hfb-above-header-display":"","ast-hfb-below-header-display":"","ast-hfb-mobile-header-display":"","site-post-title":"","ast-breadcrumbs-content":"","ast-featured-img":"","footer-sml-layout":"","ast-disable-related-posts":"","theme-transparent-header-meta":"","adv-header-id-meta":"","stick-header-meta":"","header-above-stick-meta":"","header-main-stick-meta":"","header-below-stick-meta":"","astra-migrate-meta-layouts":"default","ast-page-background-enabled":"default","ast-page-background-meta":{"desktop":{"background-color":"var(--ast-global-color-4)","background-image":"","background-repeat":"repeat","background-position":"center center","background-size":"auto","background-attachment":"scroll","background-type":"","background-media":"","overlay-type":"","overlay-color":"","overlay-opacity":"","overlay-gradient":""},"tablet":{"background-color":"","background-image":"","background-repeat":"repeat","background-position":"center center","background-size":"auto","background-attachment":"scroll","background-type":"","background-media":"","overlay-type":"","overlay-color":"","overlay-opacity":"","overlay-gradient":""},"mobile":{"background-color":"","background-image":"","background-repeat":"repeat","background-position":"center center","background-size":"auto","background-attachment":"scroll","background-type":"","background-media":"","overlay-type":"","overlay-color":"","overlay-opacity":"","overlay-gradient":""}},"ast-content-background-meta":{"desktop":{"background-color":"var(--ast-global-color-5)","background-image":"","background-repeat":"repeat","background-position":"center center","background-size":"auto","background-attachment":"scroll","background-type":"","background-media":"","overlay-type":"","overlay-color":"","overlay-opacity":"","overlay-gradient":""},"tablet":{"background-color":"var(--ast-global-color-5)","background-image":"","background-repeat":"repeat","background-position":"center center","background-size":"auto","background-attachment":"scroll","background-type":"","background-media":"","overlay-type":"","overlay-color":"","overlay-opacity":"","overlay-gradient":""},"mobile":{"background-color":"var(--ast-global-color-5)","background-image":"","background-repeat":"repeat","background-position":"center center","background-size":"auto","background-attachment":"scroll","background-type":"","background-media":"","overlay-type":"","overlay-color":"","overlay-opacity":"","overlay-gradient":""}},"footnotes":""},"categories":[517],"tags":[1777,1169,2229,22,199],"class_list":["post-16100","post","type-post","status-publish","format-standard","hentry","category-aconteceu","tag-mata","tag-menino","tag-noticas-do-face","tag-noticias-no-face","tag-noticiasnoface"],"_links":{"self":[{"href":"https:\/\/noticiasnoface.com.br\/index.php\/wp-json\/wp\/v2\/posts\/16100","targetHints":{"allow":["GET"]}}],"collection":[{"href":"https:\/\/noticiasnoface.com.br\/index.php\/wp-json\/wp\/v2\/posts"}],"about":[{"href":"https:\/\/noticiasnoface.com.br\/index.php\/wp-json\/wp\/v2\/types\/post"}],"author":[{"embeddable":true,"href":"https:\/\/noticiasnoface.com.br\/index.php\/wp-json\/wp\/v2\/users\/1"}],"replies":[{"embeddable":true,"href":"https:\/\/noticiasnoface.com.br\/index.php\/wp-json\/wp\/v2\/comments?post=16100"}],"version-history":[{"count":1,"href":"https:\/\/noticiasnoface.com.br\/index.php\/wp-json\/wp\/v2\/posts\/16100\/revisions"}],"predecessor-version":[{"id":16101,"href":"https:\/\/noticiasnoface.com.br\/index.php\/wp-json\/wp\/v2\/posts\/16100\/revisions\/16101"}],"wp:attachment":[{"href":"https:\/\/noticiasnoface.com.br\/index.php\/wp-json\/wp\/v2\/media?parent=16100"}],"wp:term":[{"taxonomy":"category","embeddable":true,"href":"https:\/\/noticiasnoface.com.br\/index.php\/wp-json\/wp\/v2\/categories?post=16100"},{"taxonomy":"post_tag","embeddable":true,"href":"https:\/\/noticiasnoface.com.br\/index.php\/wp-json\/wp\/v2\/tags?post=16100"}],"curies":[{"name":"wp","href":"https:\/\/api.w.org\/{rel}","templated":true}]}}