{"id":16106,"date":"2023-05-03T12:24:42","date_gmt":"2023-05-03T15:24:42","guid":{"rendered":"https:\/\/noticiasnoface.com.br\/?p=16106"},"modified":"2023-05-03T12:24:43","modified_gmt":"2023-05-03T15:24:43","slug":"nao-adianta-bolsonaro-sera-preso","status":"publish","type":"post","link":"https:\/\/noticiasnoface.com.br\/index.php\/2023\/05\/03\/nao-adianta-bolsonaro-sera-preso\/","title":{"rendered":"N\u00e3o adianta, Bolsonaro ser\u00e1 preso!"},"content":{"rendered":"\n<figure class=\"wp-block-image size-large\"><img data-opt-id=1128841266  fetchpriority=\"high\" decoding=\"async\" width=\"1024\" height=\"569\" src=\"https:\/\/mlbfrsat7ahr.i.optimole.com\/w:1024\/h:569\/q:mauto\/ig:avif\/https:\/\/noticiasnoface.com.br\/wp-content\/uploads\/2023\/05\/photo-output-4.jpg\" class=\"wp-image-16105\" srcset=\"https:\/\/mlbfrsat7ahr.i.optimole.com\/w:1024\/h:569\/q:mauto\/ig:avif\/https:\/\/noticiasnoface.com.br\/wp-content\/uploads\/2023\/05\/photo-output-4.jpg 1024w, https:\/\/mlbfrsat7ahr.i.optimole.com\/w:300\/h:167\/q:mauto\/ig:avif\/https:\/\/noticiasnoface.com.br\/wp-content\/uploads\/2023\/05\/photo-output-4.jpg 300w, https:\/\/mlbfrsat7ahr.i.optimole.com\/w:768\/h:427\/q:mauto\/ig:avif\/https:\/\/noticiasnoface.com.br\/wp-content\/uploads\/2023\/05\/photo-output-4.jpg 768w, https:\/\/mlbfrsat7ahr.i.optimole.com\/w:1536\/h:854\/q:mauto\/ig:avif\/https:\/\/noticiasnoface.com.br\/wp-content\/uploads\/2023\/05\/photo-output-4.jpg 1536w, https:\/\/mlbfrsat7ahr.i.optimole.com\/w:1920\/h:1066\/q:mauto\/ig:avif\/https:\/\/noticiasnoface.com.br\/wp-content\/uploads\/2023\/05\/photo-output-4.jpg 2048w\" sizes=\"(max-width: 1000px) 100vw, 1000px\" \/><figcaption class=\"wp-element-caption\">A a\u00e7\u00e3o da Pol\u00edcia Federal na casa de Jair Bolsonaro nesta quarta-feira.<br>revela aquilo que o pa\u00eds sabe que, mais cedo ou mais tarde, acontecer\u00e1: a pris\u00e3o<br>do ex-presidente.<br>Investigado em diversas frentes \u2013 seja no Supremo Tribunal Federal, seja<br>no Tribunal Superior Eleitoral -, o l\u00edder da extrema-direita brasileira<br>ressurge no notici\u00e1rio policial como suspeito de fraudes em cart\u00f5es de vacina<br>da Covid-19, incluindo o dele pr\u00f3prio e o de sua filha de 12 anos.<br>Agentes de delegados da PF foram \u00e0 casa de Bolsonaro e levaram documentos,<br>celulares, HDs, entre outras coisas, que, impreterivelmente, v\u00e3o piorar a<br>situa\u00e7\u00e3o jur\u00eddica do l\u00edder da oposi\u00e7\u00e3o.<br>Essas buscas e apreens\u00f5es quase sempre dificultam a condi\u00e7\u00e3o dos<br>investigados.<br>Neste caso \u2013 o de inser\u00e7\u00e3o de dados falsos de vacina\u00e7\u00e3o contra a Covid-19 nos<br>sistemas do Minist\u00e9rio da Sa\u00fade \u2013 o ex-presidente subiu de patamar: virou<br>alvo de a\u00e7\u00e3o policial.<br>Minimizando o efeito da doen\u00e7a, dos imunizastes e escondendo o cart\u00e3o de<br>vacina com sigilo de 100 anos, Bolsonaro vai negar, mas teria adulterado dados<br>para poder entrar em outros pa\u00edses.<br>Com isso, n\u00e3o abriu a porta s\u00f3 de outros pa\u00edses, mas provavelmente a da<br>pris\u00e3o, hoje cada vez mais pr\u00f3xima dele.<br>veja<\/figcaption><\/figure>\n","protected":false},"excerpt":{"rendered":"","protected":false},"author":1,"featured_media":0,"comment_status":"open","ping_status":"open","sticky":false,"template":"","format":"standard","meta":{"site-sidebar-layout":"default","site-content-layout":"","ast-site-content-layout":"default","site-content-style":"default","site-sidebar-style":"default","ast-global-header-display":"","ast-banner-title-visibility":"","ast-main-header-display":"","ast-hfb-above-header-display":"","ast-hfb-below-header-display":"","ast-hfb-mobile-header-display":"","site-post-title":"","ast-breadcrumbs-content":"","ast-featured-img":"","footer-sml-layout":"","ast-disable-related-posts":"","theme-transparent-header-meta":"","adv-header-id-meta":"","stick-header-meta":"","header-above-stick-meta":"","header-main-stick-meta":"","header-below-stick-meta":"","astra-migrate-meta-layouts":"default","ast-page-background-enabled":"default","ast-page-background-meta":{"desktop":{"background-color":"var(--ast-global-color-4)","background-image":"","background-repeat":"repeat","background-position":"center center","background-size":"auto","background-attachment":"scroll","background-type":"","background-media":"","overlay-type":"","overlay-color":"","overlay-opacity":"","overlay-gradient":""},"tablet":{"background-color":"","background-image":"","background-repeat":"repeat","background-position":"center center","background-size":"auto","background-attachment":"scroll","background-type":"","background-media":"","overlay-type":"","overlay-color":"","overlay-opacity":"","overlay-gradient":""},"mobile":{"background-color":"","background-image":"","background-repeat":"repeat","background-position":"center center","background-size":"auto","background-attachment":"scroll","background-type":"","background-media":"","overlay-type":"","overlay-color":"","overlay-opacity":"","overlay-gradient":""}},"ast-content-background-meta":{"desktop":{"background-color":"var(--ast-global-color-5)","background-image":"","background-repeat":"repeat","background-position":"center center","background-size":"auto","background-attachment":"scroll","background-type":"","background-media":"","overlay-type":"","overlay-color":"","overlay-opacity":"","overlay-gradient":""},"tablet":{"background-color":"var(--ast-global-color-5)","background-image":"","background-repeat":"repeat","background-position":"center center","background-size":"auto","background-attachment":"scroll","background-type":"","background-media":"","overlay-type":"","overlay-color":"","overlay-opacity":"","overlay-gradient":""},"mobile":{"background-color":"var(--ast-global-color-5)","background-image":"","background-repeat":"repeat","background-position":"center center","background-size":"auto","background-attachment":"scroll","background-type":"","background-media":"","overlay-type":"","overlay-color":"","overlay-opacity":"","overlay-gradient":""}},"footnotes":""},"categories":[517],"tags":[9,8,2229,22,199,7],"class_list":["post-16106","post","type-post","status-publish","format-standard","hentry","category-aconteceu","tag-alexandre-de-moraes","tag-bolsonaro","tag-noticas-do-face","tag-noticias-no-face","tag-noticiasnoface","tag-prisao"],"_links":{"self":[{"href":"https:\/\/noticiasnoface.com.br\/index.php\/wp-json\/wp\/v2\/posts\/16106","targetHints":{"allow":["GET"]}}],"collection":[{"href":"https:\/\/noticiasnoface.com.br\/index.php\/wp-json\/wp\/v2\/posts"}],"about":[{"href":"https:\/\/noticiasnoface.com.br\/index.php\/wp-json\/wp\/v2\/types\/post"}],"author":[{"embeddable":true,"href":"https:\/\/noticiasnoface.com.br\/index.php\/wp-json\/wp\/v2\/users\/1"}],"replies":[{"embeddable":true,"href":"https:\/\/noticiasnoface.com.br\/index.php\/wp-json\/wp\/v2\/comments?post=16106"}],"version-history":[{"count":1,"href":"https:\/\/noticiasnoface.com.br\/index.php\/wp-json\/wp\/v2\/posts\/16106\/revisions"}],"predecessor-version":[{"id":16107,"href":"https:\/\/noticiasnoface.com.br\/index.php\/wp-json\/wp\/v2\/posts\/16106\/revisions\/16107"}],"wp:attachment":[{"href":"https:\/\/noticiasnoface.com.br\/index.php\/wp-json\/wp\/v2\/media?parent=16106"}],"wp:term":[{"taxonomy":"category","embeddable":true,"href":"https:\/\/noticiasnoface.com.br\/index.php\/wp-json\/wp\/v2\/categories?post=16106"},{"taxonomy":"post_tag","embeddable":true,"href":"https:\/\/noticiasnoface.com.br\/index.php\/wp-json\/wp\/v2\/tags?post=16106"}],"curies":[{"name":"wp","href":"https:\/\/api.w.org\/{rel}","templated":true}]}}