{"id":16114,"date":"2023-05-03T18:06:50","date_gmt":"2023-05-03T21:06:50","guid":{"rendered":"https:\/\/noticiasnoface.com.br\/?p=16114"},"modified":"2023-05-03T18:11:29","modified_gmt":"2023-05-03T21:11:29","slug":"styvenson-modo-on","status":"publish","type":"post","link":"https:\/\/noticiasnoface.com.br\/index.php\/2023\/05\/03\/styvenson-modo-on\/","title":{"rendered":"Styvenson MODO ON"},"content":{"rendered":"\n<figure class=\"wp-block-image size-large\"><img data-opt-id=187847584  fetchpriority=\"high\" decoding=\"async\" width=\"764\" height=\"1024\" src=\"https:\/\/mlbfrsat7ahr.i.optimole.com\/w:764\/h:1024\/q:mauto\/ig:avif\/https:\/\/noticiasnoface.com.br\/wp-content\/uploads\/2023\/05\/image.jpg\" alt=\"\" class=\"wp-image-16120\" srcset=\"https:\/\/mlbfrsat7ahr.i.optimole.com\/w:764\/h:1024\/q:mauto\/ig:avif\/https:\/\/noticiasnoface.com.br\/wp-content\/uploads\/2023\/05\/image.jpg 764w, https:\/\/mlbfrsat7ahr.i.optimole.com\/w:224\/h:300\/q:mauto\/ig:avif\/https:\/\/noticiasnoface.com.br\/wp-content\/uploads\/2023\/05\/image.jpg 224w, https:\/\/mlbfrsat7ahr.i.optimole.com\/w:768\/h:1029\/q:mauto\/ig:avif\/https:\/\/noticiasnoface.com.br\/wp-content\/uploads\/2023\/05\/image.jpg 768w, https:\/\/mlbfrsat7ahr.i.optimole.com\/w:805\/h:1080\/q:mauto\/ig:avif\/https:\/\/noticiasnoface.com.br\/wp-content\/uploads\/2023\/05\/image.jpg 1146w, https:\/\/mlbfrsat7ahr.i.optimole.com\/w:805\/h:1080\/q:mauto\/ig:avif\/https:\/\/noticiasnoface.com.br\/wp-content\/uploads\/2023\/05\/image.jpg 1222w\" sizes=\"(max-width: 764px) 100vw, 764px\" \/><figcaption class=\"wp-element-caption\">Eleito em 2018 para o Senado desbancando nomes como o ent\u00e3o senador Garibaldi Alves Filho (MDB) e o ex-governador Geraldo Melo, o senador Styvenson Valentim (Podemos) adotou nos \u00faltimos anos um comportamento antipol\u00edtico, evitando agir como os chamados \u201cpol\u00edticos tradicionais\u201d e distanciando-se, por meio de seu discurso, de prefeitos e outros colegas da classe.<br \/>Passados cinco anos daquela elei\u00e7\u00e3o, Styvenson se reveste de uma nova vers\u00e3o e hoje \u00e9 mais pol\u00edtico do que nunca, al\u00e9m de pr\u00e9-candidato a governador, pronto para angariar apoios de prefeitos e disposto a se equiparar a seus concorrentes, usando ferramentas legais que antes ele condenava e se recusava a utili- zar, como o fundo partid\u00e1rio e o fundo eleitoral. Styvenson come\u00e7ou a refletir sobre a necessidade de uma mudan\u00e7a de comportamento ap\u00f3s a elei\u00e7\u00e3o para governador, em 2022. Na disputa do ano passado ele n\u00e3o usou recursos dos fundos partid\u00e1rio e eleitoral, nem o tempo na propaganda eleitoral no r\u00e1dio e na televis\u00e3o. Tamb\u00e9m n\u00e3o confeccionou santinhos, adesivos e folhetos, nem pediu votos.<br \/>A campanha dele se resumiu \u00e0s redes sociais, aos debates na TV, al\u00e9m de entrevistas. Al\u00e9m disso, o ent\u00e3o candidato recebeu apenas doa\u00e7\u00f5es financeiras de pessoas f\u00edsicas \u2013 cerca de R$ 8,4 mil. A maior parte dos recursos vieram do seu pr\u00f3prio bolso (30,1%) e o restante (69,9%) foi depositado por sete pessoas. Enquanto isso, conforme dados do Tribunal Superior Eleitoral (TSE), a governadora F\u00e1tima Bezerra (PT) recebeu R$ 7,1 milh\u00f5es para gastar na campanha de 2022, e o ex-vice-governador F\u00e1bio Dantas angariou R$ 611 mil.<br \/>O resultado da postura de Styvenson em 2022 foi um amargo terceiro lugar no pleito eleitoral. O senador obteve 16,80% dos votos v\u00e1lidos para o governo, ficando atr\u00e1s de F\u00e1tima, que venceu em primeiro turno, com 58,31% (1.066.496 votos), e do ex-vice-governador F\u00e1bio Dantas (SDD), que obteve 406.461 sufr\u00e1gios (22,22%).<br \/>Em 2022 Styvenson obteve 307.330 votos (16,80%). A vota\u00e7\u00e3o dele correspondeu a menos da metade (41,2%) dos 745.827 votos obtidos por ele quando saiu vitorioso na disputa pelo Senado em 2018. \u201cEu quero disputar o Gover-no. E terei mudan\u00e7as no comportamento. Vou usar tempo de TV, tempo de r\u00e1dio, come\u00e7ar a fazer divulga\u00e7\u00e3o parlamentar. Sempre devolvi dinheiro. Mas devolver dinheiro para o governo? Vou utilizar todas as armas que os outros usam\u201d, disse o senador em uma entrevista concedida \u00e0 98 FM no final do ano passado. A vers\u00e3o pol\u00edtico profissional de Styvenson, no entanto, n\u00e3o se resume \u00e0 sua atua\u00e7\u00e3o no Rio Grande do Norte. No Senado da Rep\u00fablica, hoje ele faz parte da Mesa Diretora da Casa como 4\u00ba secret\u00e1rio, tendo votado em Rodrigo Pacheco (PSD-MG) para presidente do legislativo. O potiguar manteve suspense sobre seu voto at\u00e9 o \u00faltimo momento na elei\u00e7\u00e3o ocorrida em fevereiro passado.<br \/>Se no passado o senador sequer queria ser fotografado ao lado de pol\u00edticos, atualmente ele j\u00e1 mant\u00e9m uma postura bem mais liberal, inclusive conversando com prefeitos, vereadores, aparecendo em fotos e dialogando com pol\u00edticos tradicionais do Rio Grande do Norte. Um exemplo dessa abertura pol\u00edtica foi o fato de, planejando trocar o Podemos pelo Uni\u00e3o Brasil, Styvenson procurou um dos pol\u00edticos mais experientes e tradicionais do RN, o ex-senador Jos\u00e9 Agripino, presidente do Uni\u00e3o Brasil-RN. Agripino abriu as portas da sigla para o senador.<br \/>O presidente partid\u00e1rio revelou que a primeira conversa entre eles se deu em Bras\u00edlia a pedido do pr\u00f3prio Styvenson. Durante o di\u00e1logo, o parlamentar fez v\u00e1rias perguntas sobre como Agripino agiria para resolver alguns problemas do Estado, como se j\u00e1 estivesse ensaiando uma candidatura e se aconselhando com quem j\u00e1 foi governador. Mais recentemente, na \u00faltima ter\u00e7a-feira 25, uma nova conversa entre os dois foi registrada por Jos\u00e9 Agripino nas redes sociais.<br \/>A mudan\u00e7a de Styvenson \u00e9 tamanha que hoje ele tem at\u00e9 uma esp\u00e9cie de coordenador pol\u00edtico, que \u00e9 o prefeito de S\u00e3o Tom\u00e9 e ex-presidente da Federa\u00e7\u00e3o dos Munic\u00edpios do Rio Grande do Norte (Femurn) Bab\u00e1 Pereira. Em mar\u00e7o do ano passado, Bab\u00e1 acompanhou Styvenson em Bras\u00edlia, na sede da Confedera\u00e7\u00e3o Nacional dos Munic\u00edpios (CNM), para uma conversa com o presidente da entidade, Paulo Ziulkoski. A ideia de Bab\u00e1 \u00e9 transformar o senador em um s\u00edmbolo da luta pelo movimento municipalista.<br \/>Nas redes sociais, o senador costuma postar cr\u00edticas principalmente \u00e0 governadora F\u00e1tima Bezerra (PT) e ao presidente Luiz In\u00e1cio Lula da Silva (PT). O parlamentar tamb\u00e9m compartilha problemas da administra\u00e7\u00e3o estadual, al\u00e9m de a\u00e7\u00f5es de seu mandato, como a destina\u00e7\u00e3o de emendas.<\/figcaption><\/figure>\n","protected":false},"excerpt":{"rendered":"","protected":false},"author":1,"featured_media":0,"comment_status":"open","ping_status":"open","sticky":false,"template":"","format":"standard","meta":{"site-sidebar-layout":"default","site-content-layout":"","ast-site-content-layout":"default","site-content-style":"default","site-sidebar-style":"default","ast-global-header-display":"","ast-banner-title-visibility":"","ast-main-header-display":"","ast-hfb-above-header-display":"","ast-hfb-below-header-display":"","ast-hfb-mobile-header-display":"","site-post-title":"","ast-breadcrumbs-content":"","ast-featured-img":"","footer-sml-layout":"","ast-disable-related-posts":"","theme-transparent-header-meta":"","adv-header-id-meta":"","stick-header-meta":"","header-above-stick-meta":"","header-main-stick-meta":"","header-below-stick-meta":"","astra-migrate-meta-layouts":"default","ast-page-background-enabled":"default","ast-page-background-meta":{"desktop":{"background-color":"var(--ast-global-color-4)","background-image":"","background-repeat":"repeat","background-position":"center center","background-size":"auto","background-attachment":"scroll","background-type":"","background-media":"","overlay-type":"","overlay-color":"","overlay-opacity":"","overlay-gradient":""},"tablet":{"background-color":"","background-image":"","background-repeat":"repeat","background-position":"center center","background-size":"auto","background-attachment":"scroll","background-type":"","background-media":"","overlay-type":"","overlay-color":"","overlay-opacity":"","overlay-gradient":""},"mobile":{"background-color":"","background-image":"","background-repeat":"repeat","background-position":"center center","background-size":"auto","background-attachment":"scroll","background-type":"","background-media":"","overlay-type":"","overlay-color":"","overlay-opacity":"","overlay-gradient":""}},"ast-content-background-meta":{"desktop":{"background-color":"var(--ast-global-color-5)","background-image":"","background-repeat":"repeat","background-position":"center center","background-size":"auto","background-attachment":"scroll","background-type":"","background-media":"","overlay-type":"","overlay-color":"","overlay-opacity":"","overlay-gradient":""},"tablet":{"background-color":"var(--ast-global-color-5)","background-image":"","background-repeat":"repeat","background-position":"center center","background-size":"auto","background-attachment":"scroll","background-type":"","background-media":"","overlay-type":"","overlay-color":"","overlay-opacity":"","overlay-gradient":""},"mobile":{"background-color":"var(--ast-global-color-5)","background-image":"","background-repeat":"repeat","background-position":"center center","background-size":"auto","background-attachment":"scroll","background-type":"","background-media":"","overlay-type":"","overlay-color":"","overlay-opacity":"","overlay-gradient":""}},"footnotes":""},"categories":[517],"tags":[2229,22,653,507],"class_list":["post-16114","post","type-post","status-publish","format-standard","hentry","category-aconteceu","tag-noticas-do-face","tag-noticias-no-face","tag-senador-styvenson","tag-styvenson"],"_links":{"self":[{"href":"https:\/\/noticiasnoface.com.br\/index.php\/wp-json\/wp\/v2\/posts\/16114","targetHints":{"allow":["GET"]}}],"collection":[{"href":"https:\/\/noticiasnoface.com.br\/index.php\/wp-json\/wp\/v2\/posts"}],"about":[{"href":"https:\/\/noticiasnoface.com.br\/index.php\/wp-json\/wp\/v2\/types\/post"}],"author":[{"embeddable":true,"href":"https:\/\/noticiasnoface.com.br\/index.php\/wp-json\/wp\/v2\/users\/1"}],"replies":[{"embeddable":true,"href":"https:\/\/noticiasnoface.com.br\/index.php\/wp-json\/wp\/v2\/comments?post=16114"}],"version-history":[{"count":5,"href":"https:\/\/noticiasnoface.com.br\/index.php\/wp-json\/wp\/v2\/posts\/16114\/revisions"}],"predecessor-version":[{"id":16122,"href":"https:\/\/noticiasnoface.com.br\/index.php\/wp-json\/wp\/v2\/posts\/16114\/revisions\/16122"}],"wp:attachment":[{"href":"https:\/\/noticiasnoface.com.br\/index.php\/wp-json\/wp\/v2\/media?parent=16114"}],"wp:term":[{"taxonomy":"category","embeddable":true,"href":"https:\/\/noticiasnoface.com.br\/index.php\/wp-json\/wp\/v2\/categories?post=16114"},{"taxonomy":"post_tag","embeddable":true,"href":"https:\/\/noticiasnoface.com.br\/index.php\/wp-json\/wp\/v2\/tags?post=16114"}],"curies":[{"name":"wp","href":"https:\/\/api.w.org\/{rel}","templated":true}]}}