{"id":16124,"date":"2023-05-03T21:41:55","date_gmt":"2023-05-04T00:41:55","guid":{"rendered":"https:\/\/noticiasnoface.com.br\/?p=16124"},"modified":"2023-05-03T21:41:55","modified_gmt":"2023-05-04T00:41:55","slug":"com-167-anos-maria-bethania-e-considerada-imortal","status":"publish","type":"post","link":"https:\/\/noticiasnoface.com.br\/index.php\/2023\/05\/03\/com-167-anos-maria-bethania-e-considerada-imortal\/","title":{"rendered":"Com 167 anos Maria Beth\u00e2nia \u00e9 considerada imortal"},"content":{"rendered":"\n<figure class=\"wp-block-image size-large\"><img data-opt-id=999141359  fetchpriority=\"high\" decoding=\"async\" width=\"1024\" height=\"684\" src=\"https:\/\/mlbfrsat7ahr.i.optimole.com\/w:1024\/h:684\/q:mauto\/ig:avif\/https:\/\/noticiasnoface.com.br\/wp-content\/uploads\/2023\/05\/photo-output-5.jpg\" class=\"wp-image-16123\" srcset=\"https:\/\/mlbfrsat7ahr.i.optimole.com\/w:1024\/h:684\/q:mauto\/ig:avif\/https:\/\/noticiasnoface.com.br\/wp-content\/uploads\/2023\/05\/photo-output-5.jpg 1024w, https:\/\/mlbfrsat7ahr.i.optimole.com\/w:300\/h:200\/q:mauto\/ig:avif\/https:\/\/noticiasnoface.com.br\/wp-content\/uploads\/2023\/05\/photo-output-5.jpg 300w, https:\/\/mlbfrsat7ahr.i.optimole.com\/w:768\/h:513\/q:mauto\/ig:avif\/https:\/\/noticiasnoface.com.br\/wp-content\/uploads\/2023\/05\/photo-output-5.jpg 768w, https:\/\/mlbfrsat7ahr.i.optimole.com\/w:1536\/h:1025\/q:mauto\/ig:avif\/https:\/\/noticiasnoface.com.br\/wp-content\/uploads\/2023\/05\/photo-output-5.jpg 1536w, https:\/\/mlbfrsat7ahr.i.optimole.com\/w:1618\/h:1080\/q:mauto\/ig:avif\/https:\/\/noticiasnoface.com.br\/wp-content\/uploads\/2023\/05\/photo-output-5.jpg 2048w\" sizes=\"(max-width: 1000px) 100vw, 1000px\" \/><figcaption class=\"wp-element-caption\">Maria Beth\u00e2nia toma posse na Academia de Letras da Bahia<br>Em seu discurso, cantora se declarou ao irm\u00e3o Caetano Veloso: \u201cSempre foi meu guia e mestre do meu barco\u201d<br>Por Reda\u00e7\u00e3o Quem<br><br>Maria Beth\u00e2nia Elias Dantas\/Al\u00f4 Al\u00f4 Bahia<br><strong>Maria Beth\u00e2nia<\/strong>, de 76 anos de idade, foi empossada como imortal na <a href=\"https:\/\/revistaquem.globo.com\/noticias\/noticia\/2023\/04\/ricardo-cavaliere-ganha-disputa-pela-vaga-na-academia-brasileira-de-letras-com-mauricio-de-sousa.ghtml\" target=\"_blank\" rel=\"noopener\">Academia de Letras <\/a>da Bahia, nesta quarta-feira (3). A cantora ocupa a cadeira de n\u00famero 18 da institui\u00e7\u00e3o. Recebida de p\u00e9 e sob aplausos, Beth\u00e2nia come\u00e7ou seu primeiro discurso como membro.<br><br>\u201cEntro nesta Academia pelo trabalho que fa\u00e7o com a m\u00fasica e com a literatura. Com a palavra. Meu agradecimento em primeiro lugar aos autores poetas e escritores de modo geral. Eu sou uma cantora brasileira e sei como a m\u00fasica pode atingir o povo brasileiro\u201d, disse Maria Beth\u00e2nia durante a sess\u00e3o solene realizada no Palacete G\u00f3es Calmon, no bairro de Nazar\u00e9, em Salvador.<br>Ainda no discurso, a artista falou sobre sua fam\u00edlia e se declarou para o irm\u00e3o <strong>Caetano Veloso<\/strong>: \u201cFui criada em uma casa onde poesia e m\u00fasica eram naturais. Caetano sempre foi meu guia e mestre do meu barco\u201d.<br>Maria Beth\u00e2nia toma posse na Academia de Letras da Bahia \u2014 Foto: Elias Dantas\/Al\u00f4 Al\u00f4 Bahia <br>A cerim\u00f4nia teve acesso restrito para pessoas convidadas &#8211; familiares, amigos e autoridades &#8211; e foi presidida pelo acad\u00eamico Ordep Serra, presidente da Academia de Letras da Bahia.<br>Maria Beth\u00e2nia Vianna Telles Velloso foi eleita imortal da Academia de Letras da Bahia em 11 de outubro de 2022. A cerim\u00f4nia de posse seria realizada em dezembro do ano passado, mas foi adiada em decorr\u00eancia do aumento, \u00e0 \u00e9poca, no n\u00famero de casos de Covid-19. <br>A Academia de Letras da Bahia, a mais antiga do Brasil, a elegeu em reconhecimento \u00e0 sua contribui\u00e7\u00e3o para a cultura brasileira. \u201cMaria Beth\u00e2nia \u00e9 uma grande estrela. N\u00e3o s\u00f3 da m\u00fasica popular, mas da intelig\u00eancia brasileira. Ela uma das grandes damas ilustres da Bahia. Aqui recebemos pessoas que demostram excel\u00eancia na sua \u00e1rea. Temos aqui n\u00e3o s\u00f3 escritores e poetas, mas juristas, jornalistas, fil\u00f3sofos, cientistas sociais. S\u00e3o pessoas que chegam a um reconhecimento muito grande do seu valor e s\u00e3o candidatos naturais da Academia de Letras da Bahia\u201c, ressalta Ordep Serra.<br>Maria Beth\u00e2nia \u00e9 considerada uma das maiores cantoras e compositoras brasileiras, com cerca de 50 anos de carreira. S\u00e3o mais de 50 \u00e1lbuns lan\u00e7ados. Ainda ativa na m\u00fasica, com shows e lan\u00e7amentos de novos \u00e1lbuns, ela atua em projetos sociais, culturais e tamb\u00e9m \u00e9 conhecida por sua atua\u00e7\u00e3o pol\u00edtica, tendo sido uma das vozes mais ativas na luta contra a ditadura militar no Brasil e a favor da democracia.<\/figcaption><\/figure>\n","protected":false},"excerpt":{"rendered":"","protected":false},"author":1,"featured_media":0,"comment_status":"open","ping_status":"open","sticky":false,"template":"","format":"standard","meta":{"site-sidebar-layout":"default","site-content-layout":"","ast-site-content-layout":"default","site-content-style":"default","site-sidebar-style":"default","ast-global-header-display":"","ast-banner-title-visibility":"","ast-main-header-display":"","ast-hfb-above-header-display":"","ast-hfb-below-header-display":"","ast-hfb-mobile-header-display":"","site-post-title":"","ast-breadcrumbs-content":"","ast-featured-img":"","footer-sml-layout":"","ast-disable-related-posts":"","theme-transparent-header-meta":"","adv-header-id-meta":"","stick-header-meta":"","header-above-stick-meta":"","header-main-stick-meta":"","header-below-stick-meta":"","astra-migrate-meta-layouts":"default","ast-page-background-enabled":"default","ast-page-background-meta":{"desktop":{"background-color":"var(--ast-global-color-4)","background-image":"","background-repeat":"repeat","background-position":"center center","background-size":"auto","background-attachment":"scroll","background-type":"","background-media":"","overlay-type":"","overlay-color":"","overlay-opacity":"","overlay-gradient":""},"tablet":{"background-color":"","background-image":"","background-repeat":"repeat","background-position":"center center","background-size":"auto","background-attachment":"scroll","background-type":"","background-media":"","overlay-type":"","overlay-color":"","overlay-opacity":"","overlay-gradient":""},"mobile":{"background-color":"","background-image":"","background-repeat":"repeat","background-position":"center center","background-size":"auto","background-attachment":"scroll","background-type":"","background-media":"","overlay-type":"","overlay-color":"","overlay-opacity":"","overlay-gradient":""}},"ast-content-background-meta":{"desktop":{"background-color":"var(--ast-global-color-5)","background-image":"","background-repeat":"repeat","background-position":"center center","background-size":"auto","background-attachment":"scroll","background-type":"","background-media":"","overlay-type":"","overlay-color":"","overlay-opacity":"","overlay-gradient":""},"tablet":{"background-color":"var(--ast-global-color-5)","background-image":"","background-repeat":"repeat","background-position":"center center","background-size":"auto","background-attachment":"scroll","background-type":"","background-media":"","overlay-type":"","overlay-color":"","overlay-opacity":"","overlay-gradient":""},"mobile":{"background-color":"var(--ast-global-color-5)","background-image":"","background-repeat":"repeat","background-position":"center center","background-size":"auto","background-attachment":"scroll","background-type":"","background-media":"","overlay-type":"","overlay-color":"","overlay-opacity":"","overlay-gradient":""}},"footnotes":""},"categories":[517],"tags":[2882,2881,2880,2140,2229,2236],"class_list":["post-16124","post","type-post","status-publish","format-standard","hentry","category-aconteceu","tag-a-veia-do-rio","tag-academia-de-letras","tag-imortal","tag-maria-bethania","tag-noticas-do-face","tag-noticas-no-face"],"_links":{"self":[{"href":"https:\/\/noticiasnoface.com.br\/index.php\/wp-json\/wp\/v2\/posts\/16124","targetHints":{"allow":["GET"]}}],"collection":[{"href":"https:\/\/noticiasnoface.com.br\/index.php\/wp-json\/wp\/v2\/posts"}],"about":[{"href":"https:\/\/noticiasnoface.com.br\/index.php\/wp-json\/wp\/v2\/types\/post"}],"author":[{"embeddable":true,"href":"https:\/\/noticiasnoface.com.br\/index.php\/wp-json\/wp\/v2\/users\/1"}],"replies":[{"embeddable":true,"href":"https:\/\/noticiasnoface.com.br\/index.php\/wp-json\/wp\/v2\/comments?post=16124"}],"version-history":[{"count":1,"href":"https:\/\/noticiasnoface.com.br\/index.php\/wp-json\/wp\/v2\/posts\/16124\/revisions"}],"predecessor-version":[{"id":16125,"href":"https:\/\/noticiasnoface.com.br\/index.php\/wp-json\/wp\/v2\/posts\/16124\/revisions\/16125"}],"wp:attachment":[{"href":"https:\/\/noticiasnoface.com.br\/index.php\/wp-json\/wp\/v2\/media?parent=16124"}],"wp:term":[{"taxonomy":"category","embeddable":true,"href":"https:\/\/noticiasnoface.com.br\/index.php\/wp-json\/wp\/v2\/categories?post=16124"},{"taxonomy":"post_tag","embeddable":true,"href":"https:\/\/noticiasnoface.com.br\/index.php\/wp-json\/wp\/v2\/tags?post=16124"}],"curies":[{"name":"wp","href":"https:\/\/api.w.org\/{rel}","templated":true}]}}