{"id":16132,"date":"2023-05-03T23:07:32","date_gmt":"2023-05-04T02:07:32","guid":{"rendered":"https:\/\/noticiasnoface.com.br\/?p=16132"},"modified":"2023-05-03T23:07:32","modified_gmt":"2023-05-04T02:07:32","slug":"vereadores-aprovam-semana-municipal-da-juventude-no-calendario-oficial-de-natal","status":"publish","type":"post","link":"https:\/\/noticiasnoface.com.br\/index.php\/2023\/05\/03\/vereadores-aprovam-semana-municipal-da-juventude-no-calendario-oficial-de-natal\/","title":{"rendered":"Vereadores aprovam Semana Municipal da Juventude no calend\u00e1rio oficial de Natal"},"content":{"rendered":"\n<figure class=\"wp-block-image size-large\"><img data-opt-id=904490932  fetchpriority=\"high\" decoding=\"async\" width=\"1024\" height=\"679\" src=\"https:\/\/mlbfrsat7ahr.i.optimole.com\/w:1024\/h:679\/q:mauto\/ig:avif\/https:\/\/noticiasnoface.com.br\/wp-content\/uploads\/2023\/05\/img_3364.jpg\" class=\"wp-image-16131\" srcset=\"https:\/\/mlbfrsat7ahr.i.optimole.com\/w:1024\/h:679\/q:mauto\/ig:avif\/https:\/\/noticiasnoface.com.br\/wp-content\/uploads\/2023\/05\/img_3364.jpg 1024w, https:\/\/mlbfrsat7ahr.i.optimole.com\/w:300\/h:199\/q:mauto\/ig:avif\/https:\/\/noticiasnoface.com.br\/wp-content\/uploads\/2023\/05\/img_3364.jpg 300w, https:\/\/mlbfrsat7ahr.i.optimole.com\/w:768\/h:509\/q:mauto\/ig:avif\/https:\/\/noticiasnoface.com.br\/wp-content\/uploads\/2023\/05\/img_3364.jpg 768w, https:\/\/mlbfrsat7ahr.i.optimole.com\/w:1536\/h:1019\/q:mauto\/ig:avif\/https:\/\/noticiasnoface.com.br\/wp-content\/uploads\/2023\/05\/img_3364.jpg 1536w, https:\/\/mlbfrsat7ahr.i.optimole.com\/w:1600\/h:1061\/q:mauto\/ig:avif\/https:\/\/noticiasnoface.com.br\/wp-content\/uploads\/2023\/05\/img_3364.jpg 1600w\" sizes=\"(max-width: 1000px) 100vw, 1000px\" \/><figcaption class=\"wp-element-caption\">Na sess\u00e3o ordin\u00e1ria desta quarta-feira (03), foi aprovado o projeto de lei 30\/2021, de autoria do vereador Herberth Sena (PL), que cria a Semana Municipal da Juventude, a ser inclu\u00edda no calend\u00e1rio oficial de eventos de Natal e com programa\u00e7\u00e3o abrangendo o dia 12 de agosto, data em que se comemora o Dia Nacional da Juventude.<br>Segundo o PL, o objetivo \u00e9 promover a conscientiza\u00e7\u00e3o da juventude para o papel de cidad\u00e3o, bem como a educa\u00e7\u00e3o e o debate de temas pertinentes aos jovens, como futuro profissional, relacionamento familiar, educa\u00e7\u00e3o sexual e tantos outros, atrav\u00e9s de atividades socioeducacionais, de lazer, culturais e esportivas.<br>\u201cEsperamos muito dos jovens, mas paradoxalmente parecemos esquecer as dificuldades que a juventude enfrenta. Queremos com esse projeto, fazer da Semana Municipal da Juventude um per\u00edodo de reflex\u00e3o, debate e de protagonismo dos jovens natalenses. E consequentemente ampliar a discuss\u00e3o sobre a\u00e7\u00f5es direcionadas \u00e0 melhoria das condi\u00e7\u00f5es de vida deles, promover a inclus\u00e3o, entretenimento e participa\u00e7\u00e3o social, por meio de atividades integradas, al\u00e9m de inserir a pauta da juventude nas agendas pol\u00edticas e contribui para a formula\u00e7\u00e3o de pol\u00edticas p\u00fablicas para efetiva\u00e7\u00e3o dos direitos dos jovens e suscitar a participa\u00e7\u00e3o pol\u00edtica deles\u201d, justificou o autor.<br>Na mesma sess\u00e3o, o plen\u00e1rio iniciou a discuss\u00e3o do projeto de lei 239\/2022, de autoria do vereador Milklei Leite (PV), que disp\u00f5e sobre a campanha Julho Sem Pl\u00e1stico em Natal, com o intuito educar a popula\u00e7\u00e3o sobre o uso e o descarte correto do material, bem como propor alternativas de reciclagem e substitui\u00e7\u00e3o do pl\u00e1stico por materiais compost\u00e1veis ou biodegrad\u00e1veis no uso dom\u00e9stico e comercial, em itens como copos, sacolas, canudos e tantos outros utilizados cotidianamente.<br> <br>Texto: Ilana Albuquerque<br>Fotos: Elp\u00eddio J\u00fanior<\/figcaption><\/figure>\n","protected":false},"excerpt":{"rendered":"","protected":false},"author":1,"featured_media":0,"comment_status":"open","ping_status":"open","sticky":false,"template":"","format":"standard","meta":{"site-sidebar-layout":"default","site-content-layout":"","ast-site-content-layout":"default","site-content-style":"default","site-sidebar-style":"default","ast-global-header-display":"","ast-banner-title-visibility":"","ast-main-header-display":"","ast-hfb-above-header-display":"","ast-hfb-below-header-display":"","ast-hfb-mobile-header-display":"","site-post-title":"","ast-breadcrumbs-content":"","ast-featured-img":"","footer-sml-layout":"","ast-disable-related-posts":"","theme-transparent-header-meta":"","adv-header-id-meta":"","stick-header-meta":"","header-above-stick-meta":"","header-main-stick-meta":"","header-below-stick-meta":"","astra-migrate-meta-layouts":"default","ast-page-background-enabled":"default","ast-page-background-meta":{"desktop":{"background-color":"var(--ast-global-color-4)","background-image":"","background-repeat":"repeat","background-position":"center center","background-size":"auto","background-attachment":"scroll","background-type":"","background-media":"","overlay-type":"","overlay-color":"","overlay-opacity":"","overlay-gradient":""},"tablet":{"background-color":"","background-image":"","background-repeat":"repeat","background-position":"center center","background-size":"auto","background-attachment":"scroll","background-type":"","background-media":"","overlay-type":"","overlay-color":"","overlay-opacity":"","overlay-gradient":""},"mobile":{"background-color":"","background-image":"","background-repeat":"repeat","background-position":"center center","background-size":"auto","background-attachment":"scroll","background-type":"","background-media":"","overlay-type":"","overlay-color":"","overlay-opacity":"","overlay-gradient":""}},"ast-content-background-meta":{"desktop":{"background-color":"var(--ast-global-color-5)","background-image":"","background-repeat":"repeat","background-position":"center center","background-size":"auto","background-attachment":"scroll","background-type":"","background-media":"","overlay-type":"","overlay-color":"","overlay-opacity":"","overlay-gradient":""},"tablet":{"background-color":"var(--ast-global-color-5)","background-image":"","background-repeat":"repeat","background-position":"center center","background-size":"auto","background-attachment":"scroll","background-type":"","background-media":"","overlay-type":"","overlay-color":"","overlay-opacity":"","overlay-gradient":""},"mobile":{"background-color":"var(--ast-global-color-5)","background-image":"","background-repeat":"repeat","background-position":"center center","background-size":"auto","background-attachment":"scroll","background-type":"","background-media":"","overlay-type":"","overlay-color":"","overlay-opacity":"","overlay-gradient":""}},"footnotes":""},"categories":[517],"tags":[],"class_list":["post-16132","post","type-post","status-publish","format-standard","hentry","category-aconteceu"],"_links":{"self":[{"href":"https:\/\/noticiasnoface.com.br\/index.php\/wp-json\/wp\/v2\/posts\/16132","targetHints":{"allow":["GET"]}}],"collection":[{"href":"https:\/\/noticiasnoface.com.br\/index.php\/wp-json\/wp\/v2\/posts"}],"about":[{"href":"https:\/\/noticiasnoface.com.br\/index.php\/wp-json\/wp\/v2\/types\/post"}],"author":[{"embeddable":true,"href":"https:\/\/noticiasnoface.com.br\/index.php\/wp-json\/wp\/v2\/users\/1"}],"replies":[{"embeddable":true,"href":"https:\/\/noticiasnoface.com.br\/index.php\/wp-json\/wp\/v2\/comments?post=16132"}],"version-history":[{"count":1,"href":"https:\/\/noticiasnoface.com.br\/index.php\/wp-json\/wp\/v2\/posts\/16132\/revisions"}],"predecessor-version":[{"id":16133,"href":"https:\/\/noticiasnoface.com.br\/index.php\/wp-json\/wp\/v2\/posts\/16132\/revisions\/16133"}],"wp:attachment":[{"href":"https:\/\/noticiasnoface.com.br\/index.php\/wp-json\/wp\/v2\/media?parent=16132"}],"wp:term":[{"taxonomy":"category","embeddable":true,"href":"https:\/\/noticiasnoface.com.br\/index.php\/wp-json\/wp\/v2\/categories?post=16132"},{"taxonomy":"post_tag","embeddable":true,"href":"https:\/\/noticiasnoface.com.br\/index.php\/wp-json\/wp\/v2\/tags?post=16132"}],"curies":[{"name":"wp","href":"https:\/\/api.w.org\/{rel}","templated":true}]}}