{"id":16145,"date":"2023-05-04T14:44:52","date_gmt":"2023-05-04T17:44:52","guid":{"rendered":"https:\/\/noticiasnoface.com.br\/?p=16145"},"modified":"2023-05-04T14:44:53","modified_gmt":"2023-05-04T17:44:53","slug":"alexandre-de-moraes-deixa-luciano-hang-inelegivel","status":"publish","type":"post","link":"https:\/\/noticiasnoface.com.br\/index.php\/2023\/05\/04\/alexandre-de-moraes-deixa-luciano-hang-inelegivel\/","title":{"rendered":"Alexandre de Moraes deixa Luciano Hang Ineleg\u00edvel"},"content":{"rendered":"\n<figure class=\"wp-block-image size-large\"><img data-opt-id=1340630361  fetchpriority=\"high\" decoding=\"async\" width=\"1024\" height=\"681\" src=\"https:\/\/mlbfrsat7ahr.i.optimole.com\/w:1024\/h:681\/q:mauto\/ig:avif\/https:\/\/noticiasnoface.com.br\/wp-content\/uploads\/2023\/05\/photo-output-1-2.jpg\" class=\"wp-image-16144\" srcset=\"https:\/\/mlbfrsat7ahr.i.optimole.com\/w:1024\/h:681\/q:mauto\/ig:avif\/https:\/\/noticiasnoface.com.br\/wp-content\/uploads\/2023\/05\/photo-output-1-2.jpg 1024w, https:\/\/mlbfrsat7ahr.i.optimole.com\/w:300\/h:200\/q:mauto\/ig:avif\/https:\/\/noticiasnoface.com.br\/wp-content\/uploads\/2023\/05\/photo-output-1-2.jpg 300w, https:\/\/mlbfrsat7ahr.i.optimole.com\/w:768\/h:511\/q:mauto\/ig:avif\/https:\/\/noticiasnoface.com.br\/wp-content\/uploads\/2023\/05\/photo-output-1-2.jpg 768w, https:\/\/mlbfrsat7ahr.i.optimole.com\/w:1536\/h:1022\/q:mauto\/ig:avif\/https:\/\/noticiasnoface.com.br\/wp-content\/uploads\/2023\/05\/photo-output-1-2.jpg 1536w, https:\/\/mlbfrsat7ahr.i.optimole.com\/w:1623\/h:1080\/q:mauto\/ig:avif\/https:\/\/noticiasnoface.com.br\/wp-content\/uploads\/2023\/05\/photo-output-1-2.jpg 2048w\" sizes=\"(max-width: 1000px) 100vw, 1000px\" \/><figcaption class=\"wp-element-caption\">TSE cassa prefeito de Brusque e torna Luciano Hang ineleg\u00edvel<br>Decis\u00e3o ocorreu nesta quinta-feira<br><img data-opt-id=2136073886  fetchpriority=\"high\" decoding=\"async\" src=\"https:\/\/static.cdn.pleno.news\/2022\/02\/whatsapp-image-2022-02-08-at-15.45.06.jpeg\" alt=\"\" srcset=\"https:\/\/static.cdn.pleno.news\/2022\/02\/whatsapp-image-2022-02-08-at-15.45.06.jpeg 921w, https:\/\/static.cdn.pleno.news\/2022\/02\/whatsapp-image-2022-02-08-at-15.45.06-300x176.jpeg 300w, https:\/\/static.cdn.pleno.news\/2022\/02\/whatsapp-image-2022-02-08-at-15.45.06-768x451.jpeg 768w, https:\/\/static.cdn.pleno.news\/2022\/02\/whatsapp-image-2022-02-08-at-15.45.06-255x150.jpeg 255w, https:\/\/static.cdn.pleno.news\/2022\/02\/whatsapp-image-2022-02-08-at-15.45.06-250x147.jpeg 250w, https:\/\/static.cdn.pleno.news\/2022\/02\/whatsapp-image-2022-02-08-at-15.45.06-27x15.jpeg 27w\" class=\"extendsBeyondTextColumn\"><br>Luciano Hang Foto: Reprodu\u00e7\u00e3o\/P\u00e2nico Jovem Pan<br>Nesta quinta-feira (4), o plen\u00e1rio do Tribunal Superior Eleitoral (TSE) decidiu, por 5 a 2 votos, cassar o mandato do prefeito de Brusque, Ari Vequi (MDB), por abuso de poder econ\u00f4mico na campanha eleitoral de 2020.<br>A decis\u00e3o se deu em raz\u00e3o da utiliza\u00e7\u00e3o da estrutura da varejista Havan, maior empresa da cidade, em favor dele, em sucessivos v\u00eddeos publicados pelo empres\u00e1rio Luciano Hang, nas redes sociais.<br>Pela decis\u00e3o, Hang fica ineleg\u00edvel at\u00e9 2028. O prazo equivale aos oito anos previstos na Lei da Ficha Limpa, mas contados a partir das elei\u00e7\u00f5es municipais de 2020. O empres\u00e1rio \u00e9 acusado de ter praticado o abuso de poder econ\u00f4mico.<br>Com a decis\u00e3o, o TSE reverte julgamento do Tribunal Regional Eleitoral de Santa Catarina (TRE-SC), que n\u00e3o havia visto abuso de poder econ\u00f4mico na campanha promovida por Hang em favor de Vequi. A corte regional considerou que a sequ\u00eancia de v\u00eddeos publicados pelo empres\u00e1rio seria uma mera opini\u00e3o pol\u00edtica protegida pela liberdade de express\u00e3o.<br>A a\u00e7\u00e3o original havia sido aberta por Podemos, PT, PSB e Partido Verde, que recorreram ao TSE. O relator do caso, ministro Ricardo Lewandowski, considerou que n\u00e3o seria poss\u00edvel reverter a decis\u00e3o do TRE-SC, pois para isso seria necess\u00e1rio reexaminar as provas, o que n\u00e3o seria permitido pela jurisprud\u00eancia.<br>Contudo, segundo a votar, o presidente do TSE, ministro Alexandre de Moraes, decidiu n\u00e3o considerar essa quest\u00e3o processual, diante do que considerou provas robustas do abuso de poder econ\u00f4mico. Ele apontou a reiterada utiliza\u00e7\u00e3o da logomarca e de ativos da Havan \u2013 entre os quais caminh\u00f5es, lojas e recursos humanos \u2013 para fazer \u201ccampanha paralela\u201d, sem presta\u00e7\u00e3o de contas, em favor de Vequi e contra os demais candidatos.<br>Moraes destacou o que considerou serem exemplos mais graves dessa atua\u00e7\u00e3o indevida. Num dos v\u00eddeos publicados nas redes sociais, com cerca de 180 mil visualiza\u00e7\u00f5es, Hang veste camisa da Havan e promove uma esp\u00e9cie de evento pol\u00edtico com funcion\u00e1rios numa de suas lojas, em 14 de novembro de 2022, v\u00e9spera do pleito municipal.<br>\u2013 Nesse contexto, imp\u00f5e-se ao Tribunal Superior Eleitoral, a partir da sucess\u00e3o de fatos narrados, aferir a legitimidade da atua\u00e7\u00e3o de Luciano Hang no \u00e2mbito da disputa eleitoral ou se os comportamentos praticados, por meio da indevida vincula\u00e7\u00e3o da pessoa jur\u00eddica Lojas Havan com a campanha, representaram quebra da isonomia do pleito em benef\u00edcio dos candidatos Recorridos [Ari Vequi e seu vice, Gilmar Doerner], decorrente de abuso do poder econ\u00f4mico \u2013 disse Moraes.<br>Seguiram o entendimento do presidente do TSE os ministros C\u00e1rmen L\u00facia, Benedito Gon\u00e7alves, Sergio Banhos e Carlos Horbach. Ficaram vencidos o relator, Lewandowski, e o ministro Raul Ara\u00fajo.<br>Pela decis\u00e3o, a cassa\u00e7\u00e3o dos diplomas do prefeito Ari Vequi (MDB) e Gilmar Doerner (Republicanos) deve ser comunicada ao TRE-SC e ter efeitos imediatos, sem que seja necess\u00e1rio aguardar a publica\u00e7\u00e3o do ac\u00f3rd\u00e3o (decis\u00e3o colegiada) do TSE.<br>*Ag\u00eancia Brasil<\/figcaption><\/figure>\n","protected":false},"excerpt":{"rendered":"","protected":false},"author":1,"featured_media":0,"comment_status":"open","ping_status":"open","sticky":false,"template":"","format":"standard","meta":{"site-sidebar-layout":"default","site-content-layout":"","ast-site-content-layout":"default","site-content-style":"default","site-sidebar-style":"default","ast-global-header-display":"","ast-banner-title-visibility":"","ast-main-header-display":"","ast-hfb-above-header-display":"","ast-hfb-below-header-display":"","ast-hfb-mobile-header-display":"","site-post-title":"","ast-breadcrumbs-content":"","ast-featured-img":"","footer-sml-layout":"","ast-disable-related-posts":"","theme-transparent-header-meta":"","adv-header-id-meta":"","stick-header-meta":"","header-above-stick-meta":"","header-main-stick-meta":"","header-below-stick-meta":"","astra-migrate-meta-layouts":"default","ast-page-background-enabled":"default","ast-page-background-meta":{"desktop":{"background-color":"var(--ast-global-color-4)","background-image":"","background-repeat":"repeat","background-position":"center center","background-size":"auto","background-attachment":"scroll","background-type":"","background-media":"","overlay-type":"","overlay-color":"","overlay-opacity":"","overlay-gradient":""},"tablet":{"background-color":"","background-image":"","background-repeat":"repeat","background-position":"center center","background-size":"auto","background-attachment":"scroll","background-type":"","background-media":"","overlay-type":"","overlay-color":"","overlay-opacity":"","overlay-gradient":""},"mobile":{"background-color":"","background-image":"","background-repeat":"repeat","background-position":"center center","background-size":"auto","background-attachment":"scroll","background-type":"","background-media":"","overlay-type":"","overlay-color":"","overlay-opacity":"","overlay-gradient":""}},"ast-content-background-meta":{"desktop":{"background-color":"var(--ast-global-color-5)","background-image":"","background-repeat":"repeat","background-position":"center center","background-size":"auto","background-attachment":"scroll","background-type":"","background-media":"","overlay-type":"","overlay-color":"","overlay-opacity":"","overlay-gradient":""},"tablet":{"background-color":"var(--ast-global-color-5)","background-image":"","background-repeat":"repeat","background-position":"center center","background-size":"auto","background-attachment":"scroll","background-type":"","background-media":"","overlay-type":"","overlay-color":"","overlay-opacity":"","overlay-gradient":""},"mobile":{"background-color":"var(--ast-global-color-5)","background-image":"","background-repeat":"repeat","background-position":"center center","background-size":"auto","background-attachment":"scroll","background-type":"","background-media":"","overlay-type":"","overlay-color":"","overlay-opacity":"","overlay-gradient":""}},"footnotes":""},"categories":[517],"tags":[9,1830,2273,126,2229,50,199,319],"class_list":["post-16145","post","type-post","status-publish","format-standard","hentry","category-aconteceu","tag-alexandre-de-moraes","tag-havan","tag-luciano-hang","tag-ministro-alexandre-de-moraes","tag-noticas-do-face","tag-noticias-do-face","tag-noticiasnoface","tag-tse"],"_links":{"self":[{"href":"https:\/\/noticiasnoface.com.br\/index.php\/wp-json\/wp\/v2\/posts\/16145","targetHints":{"allow":["GET"]}}],"collection":[{"href":"https:\/\/noticiasnoface.com.br\/index.php\/wp-json\/wp\/v2\/posts"}],"about":[{"href":"https:\/\/noticiasnoface.com.br\/index.php\/wp-json\/wp\/v2\/types\/post"}],"author":[{"embeddable":true,"href":"https:\/\/noticiasnoface.com.br\/index.php\/wp-json\/wp\/v2\/users\/1"}],"replies":[{"embeddable":true,"href":"https:\/\/noticiasnoface.com.br\/index.php\/wp-json\/wp\/v2\/comments?post=16145"}],"version-history":[{"count":1,"href":"https:\/\/noticiasnoface.com.br\/index.php\/wp-json\/wp\/v2\/posts\/16145\/revisions"}],"predecessor-version":[{"id":16146,"href":"https:\/\/noticiasnoface.com.br\/index.php\/wp-json\/wp\/v2\/posts\/16145\/revisions\/16146"}],"wp:attachment":[{"href":"https:\/\/noticiasnoface.com.br\/index.php\/wp-json\/wp\/v2\/media?parent=16145"}],"wp:term":[{"taxonomy":"category","embeddable":true,"href":"https:\/\/noticiasnoface.com.br\/index.php\/wp-json\/wp\/v2\/categories?post=16145"},{"taxonomy":"post_tag","embeddable":true,"href":"https:\/\/noticiasnoface.com.br\/index.php\/wp-json\/wp\/v2\/tags?post=16145"}],"curies":[{"name":"wp","href":"https:\/\/api.w.org\/{rel}","templated":true}]}}