{"id":16188,"date":"2023-05-06T17:29:49","date_gmt":"2023-05-06T20:29:49","guid":{"rendered":"https:\/\/noticiasnoface.com.br\/?p=16188"},"modified":"2023-05-06T17:30:27","modified_gmt":"2023-05-06T20:30:27","slug":"apos-tomar-50-vacinas-marina-e-diagnosticada-com-covid","status":"publish","type":"post","link":"https:\/\/noticiasnoface.com.br\/index.php\/2023\/05\/06\/apos-tomar-50-vacinas-marina-e-diagnosticada-com-covid\/","title":{"rendered":"Ap\u00f3s tomar 50 vacinas Marina Silva \u00e9 diagnosticada com COVID"},"content":{"rendered":"\n<figure class=\"wp-block-image size-large\"><img data-opt-id=1802171734  fetchpriority=\"high\" decoding=\"async\" width=\"1024\" height=\"932\" src=\"https:\/\/mlbfrsat7ahr.i.optimole.com\/w:1024\/h:932\/q:mauto\/ig:avif\/https:\/\/noticiasnoface.com.br\/wp-content\/uploads\/2023\/05\/img_3542.jpg\" alt=\"\" class=\"wp-image-16187\" srcset=\"https:\/\/mlbfrsat7ahr.i.optimole.com\/w:1024\/h:932\/q:mauto\/ig:avif\/https:\/\/noticiasnoface.com.br\/wp-content\/uploads\/2023\/05\/img_3542.jpg 1024w, https:\/\/mlbfrsat7ahr.i.optimole.com\/w:300\/h:273\/q:mauto\/ig:avif\/https:\/\/noticiasnoface.com.br\/wp-content\/uploads\/2023\/05\/img_3542.jpg 300w, https:\/\/mlbfrsat7ahr.i.optimole.com\/w:768\/h:699\/q:mauto\/ig:avif\/https:\/\/noticiasnoface.com.br\/wp-content\/uploads\/2023\/05\/img_3542.jpg 768w, https:\/\/mlbfrsat7ahr.i.optimole.com\/w:1128\/h:1027\/q:mauto\/ig:avif\/https:\/\/noticiasnoface.com.br\/wp-content\/uploads\/2023\/05\/img_3542.jpg 1128w\" sizes=\"(max-width: 1000px) 100vw, 1000px\" \/><figcaption class=\"wp-element-caption\">A ministra do Meio Ambiente e Mudan\u00e7a do Clima, Marina Silva, testou positivo para covid-19. Por orienta\u00e7\u00e3o m\u00e9dica, neste s\u00e1bado (6), ela passa por exames no Instituto do Cora\u00e7\u00e3o (InCor), em S\u00e3o Paulo. <br \/>Em boletim m\u00e9dico, o hospital afirma que a condi\u00e7\u00e3o cl\u00ednica da ministra \u00e9 est\u00e1vel. &#8220;A paciente permanece em observa\u00e7\u00e3o sob cuidados do cardiologista Dr. S\u00e9rgio Timerman, da infectologista Dra. Tania Strabelli, e do Diretor da Divis\u00e3o de Pneumologia do InCor, Prof. Dr. Carlos Roberto Ribeiro de Carvalho&#8221;, destaca o InCor, em nota. <br \/>OMS<br \/>Ap\u00f3s mais de tr\u00eas anos, a Organiza\u00e7\u00e3o Mundial da Sa\u00fade (OMS) declarou nesta sexta-feira (5) que a <a rel=\"noreferrer noopener\" href=\"https:\/\/agenciabrasil.ebc.com.br\/saude\/noticia\/2023-05\/oms-declara-fim-da-emergencia-em-saude-por-covid-19\" target=\"_blank\">covid-19 n\u00e3o configura mais emerg\u00eancia em sa\u00fade p\u00fablica de import\u00e2ncia internacional<\/a>. De acordo com a entidade, o v\u00edrus se classifica agora como \u201cproblema de sa\u00fade estabelecido e cont\u00ednuo\u201d.<\/figcaption><\/figure>\n","protected":false},"excerpt":{"rendered":"","protected":false},"author":1,"featured_media":0,"comment_status":"open","ping_status":"open","sticky":false,"template":"","format":"standard","meta":{"site-sidebar-layout":"default","site-content-layout":"","ast-site-content-layout":"default","site-content-style":"default","site-sidebar-style":"default","ast-global-header-display":"","ast-banner-title-visibility":"","ast-main-header-display":"","ast-hfb-above-header-display":"","ast-hfb-below-header-display":"","ast-hfb-mobile-header-display":"","site-post-title":"","ast-breadcrumbs-content":"","ast-featured-img":"","footer-sml-layout":"","ast-disable-related-posts":"","theme-transparent-header-meta":"","adv-header-id-meta":"","stick-header-meta":"","header-above-stick-meta":"","header-main-stick-meta":"","header-below-stick-meta":"","astra-migrate-meta-layouts":"default","ast-page-background-enabled":"default","ast-page-background-meta":{"desktop":{"background-color":"var(--ast-global-color-4)","background-image":"","background-repeat":"repeat","background-position":"center center","background-size":"auto","background-attachment":"scroll","background-type":"","background-media":"","overlay-type":"","overlay-color":"","overlay-opacity":"","overlay-gradient":""},"tablet":{"background-color":"","background-image":"","background-repeat":"repeat","background-position":"center center","background-size":"auto","background-attachment":"scroll","background-type":"","background-media":"","overlay-type":"","overlay-color":"","overlay-opacity":"","overlay-gradient":""},"mobile":{"background-color":"","background-image":"","background-repeat":"repeat","background-position":"center center","background-size":"auto","background-attachment":"scroll","background-type":"","background-media":"","overlay-type":"","overlay-color":"","overlay-opacity":"","overlay-gradient":""}},"ast-content-background-meta":{"desktop":{"background-color":"var(--ast-global-color-5)","background-image":"","background-repeat":"repeat","background-position":"center center","background-size":"auto","background-attachment":"scroll","background-type":"","background-media":"","overlay-type":"","overlay-color":"","overlay-opacity":"","overlay-gradient":""},"tablet":{"background-color":"var(--ast-global-color-5)","background-image":"","background-repeat":"repeat","background-position":"center center","background-size":"auto","background-attachment":"scroll","background-type":"","background-media":"","overlay-type":"","overlay-color":"","overlay-opacity":"","overlay-gradient":""},"mobile":{"background-color":"var(--ast-global-color-5)","background-image":"","background-repeat":"repeat","background-position":"center center","background-size":"auto","background-attachment":"scroll","background-type":"","background-media":"","overlay-type":"","overlay-color":"","overlay-opacity":"","overlay-gradient":""}},"footnotes":""},"categories":[155],"tags":[141,2229,2236,199,245],"class_list":["post-16188","post","type-post","status-publish","format-standard","hentry","category-saude","tag-covid","tag-noticas-do-face","tag-noticas-no-face","tag-noticiasnoface","tag-saude"],"_links":{"self":[{"href":"https:\/\/noticiasnoface.com.br\/index.php\/wp-json\/wp\/v2\/posts\/16188","targetHints":{"allow":["GET"]}}],"collection":[{"href":"https:\/\/noticiasnoface.com.br\/index.php\/wp-json\/wp\/v2\/posts"}],"about":[{"href":"https:\/\/noticiasnoface.com.br\/index.php\/wp-json\/wp\/v2\/types\/post"}],"author":[{"embeddable":true,"href":"https:\/\/noticiasnoface.com.br\/index.php\/wp-json\/wp\/v2\/users\/1"}],"replies":[{"embeddable":true,"href":"https:\/\/noticiasnoface.com.br\/index.php\/wp-json\/wp\/v2\/comments?post=16188"}],"version-history":[{"count":2,"href":"https:\/\/noticiasnoface.com.br\/index.php\/wp-json\/wp\/v2\/posts\/16188\/revisions"}],"predecessor-version":[{"id":16190,"href":"https:\/\/noticiasnoface.com.br\/index.php\/wp-json\/wp\/v2\/posts\/16188\/revisions\/16190"}],"wp:attachment":[{"href":"https:\/\/noticiasnoface.com.br\/index.php\/wp-json\/wp\/v2\/media?parent=16188"}],"wp:term":[{"taxonomy":"category","embeddable":true,"href":"https:\/\/noticiasnoface.com.br\/index.php\/wp-json\/wp\/v2\/categories?post=16188"},{"taxonomy":"post_tag","embeddable":true,"href":"https:\/\/noticiasnoface.com.br\/index.php\/wp-json\/wp\/v2\/tags?post=16188"}],"curies":[{"name":"wp","href":"https:\/\/api.w.org\/{rel}","templated":true}]}}